{"id":35442,"date":"2023-09-03T04:57:29","date_gmt":"2023-09-03T02:57:29","guid":{"rendered":"http:\/\/www.infokuryr.cz\/n\/?p=35442"},"modified":"2023-09-03T04:57:29","modified_gmt":"2023-09-03T02:57:29","slug":"medvedev-zapadni-podporovatele-ukrajiny-jsou-pronacisticka-koalice","status":"publish","type":"post","link":"https:\/\/www.infokuryr.cz\/n\/2023\/09\/03\/medvedev-zapadni-podporovatele-ukrajiny-jsou-pronacisticka-koalice\/","title":{"rendered":"Medved\u011bv: Z\u00e1padn\u00ed podporovatel\u00e9 Ukrajiny jsou \u201epronacistick\u00e1 koalice\u201c"},"content":{"rendered":"<div id=\"fb-root\"><\/div>\n<p><span style=\"font-size: 18pt;\"><strong>B\u00fdval\u00fd rusk\u00fd prezident odm\u00edtl my\u0161lenku, \u017ee by se Moskva nakonec usm\u00ed\u0159ila se Z\u00e1padem, jako iluzi<\/strong><\/span><\/p>\n<p><span>Washington a jeho spojenci v Evrop\u011b a jinde nad\u00e1le podporuj\u00ed Kyjev, p\u0159esto\u017ee se b\u011bhem druh\u00e9 sv\u011btov\u00e9 v\u00e1lky st\u00e1le v\u00edce choval jako nacist\u00e9, uvedl b\u00fdval\u00fd rusk\u00fd prezident Dmitrij Medved\u011bv v sobotu v telegramu.\u00a0Moskva by se podle n\u011bj m\u011bla vzd\u00e1t nad\u011bje na usm\u00ed\u0159en\u00ed se Z\u00e1padem a vid\u011bt jej takov\u00fd, jak\u00fd je.<\/span><\/p>\n<p><span>Ukrajin\u0161t\u00ed v\u016fdci\u00a0<\/span><em><span>\u201est\u00e1le \u010dast\u011bji mluv\u00ed o \u201apohn\u00e1n\u00ed v\u0161ech Rus\u016f k odpov\u011bdnosti\u2018,\u201c<\/span><\/em><span>\u00a0\u0159ekl Medved\u011bv a dodal, \u017ee Kyjev vid\u00ed v\u0161echny rusk\u00e9 ob\u010dany jako \u201aRusy\u2018 bez ohledu na jejich etnick\u00fd p\u016fvod.\u00a0V tence zast\u0159en\u00e9m odkazu na nacistick\u00e9 pl\u00e1ny se Sov\u011btsk\u00fdm svazem b\u00fdval\u00fd prezident \u0159ekl, \u017ee sv\u011bt ji\u017e podobn\u00e9 aspirace vid\u011bl.<\/span><\/p>\n<p><span>Medved\u011bv poznamenal, \u017ee Ukrajinu st\u00e1le podporuje t\u00e9m\u011b\u0159 ka\u017ed\u00fd z\u00e1padn\u00ed v\u016fdce, stejn\u011b jako hlavy Japonska, Austr\u00e1lie a Nov\u00e9ho Z\u00e9landu.\u00a0V\u0161ichni\u00a0<\/span><em><span>\u201ejsou p\u0159\u00edm\u00fdmi a z\u0159ejm\u00fdmi nacistick\u00fdmi spolupachateli,\u201c<\/span><\/em><span>\u00a0uvedl a dodal, \u017ee\u00a0<\/span><em><span>\u201eby s nimi m\u011blo b\u00fdt zach\u00e1zeno jako s v\u016fdci pronacistick\u00e9 koalice\u201c.<\/span><\/em><\/p>\n<div class=\"read-more large\" data-has-alias=\"\"><img decoding=\"async\" loading=\"lazy\" class=\"wp-image-33819 aligncenter\" src=\"http:\/\/www.infokuryr.cz\/n\/wp-content\/uploads\/2023\/08\/ces1-300x157.jpg\" alt=\"\" width=\"1361\" height=\"712\" srcset=\"https:\/\/www.infokuryr.cz\/n\/wp-content\/uploads\/2023\/08\/ces1-300x157.jpg 300w, https:\/\/www.infokuryr.cz\/n\/wp-content\/uploads\/2023\/08\/ces1-1024x536.jpg 1024w, https:\/\/www.infokuryr.cz\/n\/wp-content\/uploads\/2023\/08\/ces1-768x402.jpg 768w, https:\/\/www.infokuryr.cz\/n\/wp-content\/uploads\/2023\/08\/ces1.jpg 1200w\" sizes=\"(max-width: 1361px) 100vw, 1361px\" \/><\/div>\n<p><span>B\u00fdval\u00fd prezident, kter\u00fd nyn\u00ed slou\u017e\u00ed jako z\u00e1stupce \u0161\u00e9fa rusk\u00e9 N\u00e1rodn\u00ed bezpe\u010dnostn\u00ed rady a Vojensk\u00e9ho pr\u016fmyslov\u00e9ho v\u00fdboru, pak trval na tom, \u017ee Rusko by nem\u011blo\u00a0<\/span><em><span>\u201eupadnout do sladk\u00e9ho sn\u011bn\u00ed\u201c<\/span><\/em><span>\u00a0o dosa\u017een\u00ed usm\u00ed\u0159en\u00ed se Z\u00e1padem a p\u0159ipojen\u00ed k tomu, co nazval\u00a0<\/span><em><span>\u201evelkou polyamorickou rodinou\u201c. nebin\u00e1rn\u00edch rod\u016f\u201c.<\/span><\/em><\/p>\n<p><span>Medved\u011bv d\u0159\u00edve odsoudil to, co nazval otev\u0159enou glorifikac\u00ed nacismu na Ukrajin\u011b, a pouk\u00e1zal na iniciativu vyz\u00fdvaj\u00edc\u00ed k vytvo\u0159en\u00ed \u0158\u00e1du Stepana Bandery, kter\u00fd by m\u011bl b\u00fdt \u00fadajn\u011b ud\u011blen ukrajinsk\u00fdm voj\u00e1k\u016fm.\u00a0Bandera byl notoricky zn\u00e1m\u00fd ukrajinsk\u00fd nacionalistick\u00fd v\u016fdce b\u011bhem druh\u00e9 sv\u011btov\u00e9 v\u00e1lky, jeho\u017e organizace byla zodpov\u011bdn\u00e1 za masov\u00e9 zab\u00edjen\u00ed \u017did\u016f a Pol\u00e1k\u016f na Ukrajin\u011b.<\/span><\/p>\n<p><span>Petice po\u017eaduj\u00edc\u00ed vytvo\u0159en\u00ed takov\u00e9ho \u0159\u00e1du na Ukrajin\u011b se v kv\u011btnu objevila na ofici\u00e1ln\u00edch str\u00e1nk\u00e1ch ukrajinsk\u00e9ho prezidenta Vladimira Zelensk\u00e9ho.\u00a0Od t\u00e9 doby z\u00edskala t\u00e9m\u011b\u0159 2 300 podpis\u016f z po\u017eadovan\u00fdch 25 000.<\/span><\/p>\n<p><span>Medved\u011bv iniciativu odst\u0159elil t\u00edm, \u017ee ji p\u0159irovnal k N\u011bmecku zakl\u00e1daj\u00edc\u00edm \u0159\u00e1d Adolfa Hitlera nebo It\u00e1lii zav\u00e1d\u011bj\u00edc\u00ed \u0159\u00e1d Bennita Mussoliniho.\u00a0<\/span><em><span>&#8222;Za co se m\u00e1\u0161 styd\u011bt?&#8220;\u00a0<\/span><\/em><span>Medved\u011bv tehdy posm\u011b\u0161n\u011b napsal na Telegram.\u00a0<\/span><em><span>\u201eProst\u011b oslavme v\u0161echny evropsk\u00e9 nacisty najednou.\u00a0Zd\u00e1 se, \u017ee jde o novou evropskou ideologii,\u201c<\/span><\/em><span>\u00a0dodal.<\/span><\/p>\n<p><img decoding=\"async\" loading=\"lazy\" class=\"alignnone size-full wp-image-1185\" src=\"http:\/\/www.infokuryr.cz\/n\/wp-content\/uploads\/2021\/04\/kuryr-podpis.png\" alt=\"\" width=\"84\" height=\"24\" \/><\/p>\n<p>&nbsp;<\/p>\n<p><a href=\"https:\/\/stranapro.cz\/\"><img decoding=\"async\" loading=\"lazy\" class=\"wp-image-30218 aligncenter\" src=\"http:\/\/www.infokuryr.cz\/n\/wp-content\/uploads\/2023\/06\/PRO-banner-300x36.png\" alt=\"\" width=\"1367\" height=\"164\" srcset=\"https:\/\/www.infokuryr.cz\/n\/wp-content\/uploads\/2023\/06\/PRO-banner-300x36.png 300w, https:\/\/www.infokuryr.cz\/n\/wp-content\/uploads\/2023\/06\/PRO-banner-768x93.png 768w, https:\/\/www.infokuryr.cz\/n\/wp-content\/uploads\/2023\/06\/PRO-banner.png 849w\" sizes=\"(max-width: 1367px) 100vw, 1367px\" \/><\/a><\/p>\n<p>&nbsp;<\/p>\n<p>&nbsp;<\/p>\n<p>&nbsp;<\/p>\n","protected":false},"excerpt":{"rendered":"<p>B\u00fdval\u00fd rusk\u00fd prezident odm\u00edtl my\u0161lenku, \u017ee by se Moskva nakonec usm\u00ed\u0159ila se Z\u00e1padem, jako iluzi&#8230;<\/p>\n","protected":false},"author":2,"featured_media":11938,"comment_status":"closed","ping_status":"closed","sticky":false,"template":"","format":"standard","meta":[],"categories":[7],"tags":[214,664,26,365],"_links":{"self":[{"href":"https:\/\/www.infokuryr.cz\/n\/wp-json\/wp\/v2\/posts\/35442"}],"collection":[{"href":"https:\/\/www.infokuryr.cz\/n\/wp-json\/wp\/v2\/posts"}],"about":[{"href":"https:\/\/www.infokuryr.cz\/n\/wp-json\/wp\/v2\/types\/post"}],"author":[{"embeddable":true,"href":"https:\/\/www.infokuryr.cz\/n\/wp-json\/wp\/v2\/users\/2"}],"replies":[{"embeddable":true,"href":"https:\/\/www.infokuryr.cz\/n\/wp-json\/wp\/v2\/comments?post=35442"}],"version-history":[{"count":0,"href":"https:\/\/www.infokuryr.cz\/n\/wp-json\/wp\/v2\/posts\/35442\/revisions"}],"wp:featuredmedia":[{"embeddable":true,"href":"https:\/\/www.infokuryr.cz\/n\/wp-json\/wp\/v2\/media\/11938"}],"wp:attachment":[{"href":"https:\/\/www.infokuryr.cz\/n\/wp-json\/wp\/v2\/media?parent=35442"}],"wp:term":[{"taxonomy":"category","embeddable":true,"href":"https:\/\/www.infokuryr.cz\/n\/wp-json\/wp\/v2\/categories?post=35442"},{"taxonomy":"post_tag","embeddable":true,"href":"https:\/\/www.infokuryr.cz\/n\/wp-json\/wp\/v2\/tags?post=35442"}],"curies":[{"name":"wp","href":"https:\/\/api.w.org\/{rel}","templated":true}]}}