{"id":35437,"date":"2023-09-03T04:45:44","date_gmt":"2023-09-03T02:45:44","guid":{"rendered":"http:\/\/www.infokuryr.cz\/n\/?p=35437"},"modified":"2023-09-03T04:45:44","modified_gmt":"2023-09-03T02:45:44","slug":"trump-vydal-prohlaseni-k-moznemu-opetovnemu-zavedeni-covidovych-omezeni-neuposlechneme","status":"publish","type":"post","link":"https:\/\/www.infokuryr.cz\/n\/2023\/09\/03\/trump-vydal-prohlaseni-k-moznemu-opetovnemu-zavedeni-covidovych-omezeni-neuposlechneme\/","title":{"rendered":"Trump vydal prohl\u00e1\u0161en\u00ed k mo\u017en\u00e9mu op\u011btovn\u00e9mu zaveden\u00ed covidov\u00fdch omezen\u00ed: \u201eNeuposlechneme!\u201c"},"content":{"rendered":"<div id=\"fb-root\"><\/div>\n<p><span>B\u00fdval\u00fd americk\u00fd prezident Donald Trump vydal vzdorovit\u00e9 video, ve kter\u00e9m prohl\u00e1sil, \u017ee se vehementn\u011b stav\u00ed proti pokus\u016fm o obnoven\u00ed restrikc\u00ed souvisej\u00edc\u00edch s covidem, v\u010detn\u011b lockdown\u016f, povinn\u00fdch rou\u0161ek a vakc\u00edn.<\/span><\/p>\n<p><span>V reakci na rostouc\u00ed snahy o obnoven\u00ed covidov\u00fdch omezen\u00ed Trump prohl\u00e1sil, \u017ee tentokr\u00e1t \u201eNeuposlechneme!\u201c<\/span><\/p>\n<p><span style=\"font-size: 18pt;\"><strong>Str\u00e1nka\u00a0<a href=\"https:\/\/www.thegatewaypundit.com\/2023\/08\/donald-trump-defiantly-declares-we-will-not-comply\/\" target=\"_blank\" rel=\"noopener\">TGP<\/a>\u00a0uv\u00e1d\u00ed:<\/strong><\/span><\/p>\n<p><span>Trumpovy koment\u00e1\u0159e p\u0159ich\u00e1zej\u00ed uprost\u0159ed zv\u00fd\u0161en\u00fdch obav z nov\u00fdch variant Covid-19 ve snaze zmanipulovat nadch\u00e1zej\u00edc\u00ed prezidentsk\u00e9 volby v roce 2024.<\/span><\/p>\n<p><span>Ve videu zve\u0159ejn\u011bn\u00e9m na vlastn\u00ed soci\u00e1ln\u00ed s\u00edti\u00a0<\/span><em><span>Truth Social<\/span><\/em><span>\u00a0Trump tvrd\u00ed, \u017ee \u201eprogresivisti\u010dt\u00ed \u0161\u00edlenci\u201c op\u011bt pou\u017e\u00edvaj\u00ed taktiku zastra\u0161ov\u00e1n\u00ed s nov\u00fdmi variantami covidu, aby p\u0159ipravili p\u016fdu pro obnovu omezen\u00ed.<\/span><\/p>\n<p><span>D\u00e1le \u0159ekl, \u017ee skute\u010dn\u00fdm motivem tohoto jejich jedn\u00e1n\u00ed je ovlivnit nadch\u00e1zej\u00edc\u00ed volby v roce 2024 prost\u0159ednictv\u00edm pokusu o \u201erestartov\u00e1n\u00ed covidov\u00e9 hysterie\u201c.<\/span><\/p>\n<p><span style=\"font-size: 18pt;\"><strong>Zde je uveden p\u0159epis videa:<\/strong><\/span><\/p>\n<p><em><span>Progresivisti\u010dt\u00ed \u0161\u00edlenci se velmi usilovn\u011b sna\u017e\u00ed op\u011bt zav\u00e9st lockdowny a covidov\u00e1 omezen\u00ed prost\u0159ednictv\u00edm n\u00e1hl\u00fdch obav z nov\u00fdch variant, kter\u00e9 pr\u00fd p\u0159ich\u00e1zej\u00ed.<\/span><\/em><\/p>\n<p><em><span>P\u00e1nov\u00e9, v\u00edte co je\u0161t\u011b p\u0159ijde?\u00a0Volby.\u00a0Cht\u011bj\u00ed restartovat covidovou hysterii, aby mohli ospravedlnit dal\u0161\u00ed lockdowny, v\u011bt\u0161\u00ed cenzuru, v\u00edce neleg\u00e1ln\u00edch volebn\u00edch schr\u00e1nek, v\u00edce po\u0161tovn\u00edch hlasovac\u00edch l\u00edstk\u016f a biliony dolar\u016f na v\u00fdplat\u00e1ch sv\u00fdm politick\u00fdm spojenc\u016fm ve volb\u00e1ch v roce 2024. Zn\u00ed to pov\u011bdom\u011b?<\/span><\/em><\/p>\n<p><em><span>Toto jsou \u0161patn\u00ed lid\u00e9.\u00a0Toto jsou nemocn\u00ed lid\u00e9, se kter\u00fdmi nyn\u00ed m\u00e1me co do \u010din\u011bn\u00ed.\u00a0Ka\u017ed\u00fd covidov\u00fd tyran, kter\u00fd n\u00e1m chce vz\u00edt svobodu, vyslechni si tato slova:<\/span><\/em><\/p>\n<p><em><span>\u201eNeuposlechneme!\u00a0Proto na to ani nepomysli!\u00a0<\/span><\/em><em><span>Na\u0161e \u0161koly nezav\u0159eme.\u00a0Nebudeme akceptovat va\u0161e lockdowny.\u00a0Nebudeme dodr\u017eovat va\u0161e p\u0159\u00edkazy k no\u0161en\u00ed rou\u0161ek a nebudeme tolerovat va\u0161e p\u0159\u00edkazy k o\u010dkov\u00e1n\u00ed.\u201c<\/span><\/em><\/p>\n<p><em><span>Zmanipulovaly volby v roce 2020 a nyn\u00ed se pokou\u0161ej\u00ed ud\u011blat to sam\u00e9 znovu.\u00a0Cht\u011bj\u00ed zmanipulovat nejd\u016fle\u017eit\u011bj\u0161\u00ed volby v historii na\u0161\u00ed zem\u011b \u2013 volby v roce 2024 \u2013 i kdyby to m\u011blo znamenat p\u0159iv\u00e9st zp\u011bt covid.\u00a0Ale sel\u017eou, proto\u017ee to nedovol\u00edme.<\/span><\/em><\/p>\n<p><em><span>Kdy\u017e se vr\u00e1t\u00edm do B\u00edl\u00e9ho domu, vyu\u017eiji v\u0161ech dostupn\u00fdch n\u00e1stroj\u016f ke sn\u00ed\u017een\u00ed feder\u00e1ln\u00edho financov\u00e1n\u00ed jak\u00e9koli \u0161koly, univerzity, leteck\u00e9 spole\u010dnosti nebo syst\u00e9mu ve\u0159ejn\u00e9 dopravy, kter\u00e9 zavedou povinn\u00e1 rou\u0161ka nebo povinn\u00e9 o\u010dkov\u00e1n\u00ed.<\/span><\/em><\/p>\n<p><img decoding=\"async\" loading=\"lazy\" class=\"wp-image-33819 aligncenter\" src=\"http:\/\/www.infokuryr.cz\/n\/wp-content\/uploads\/2023\/08\/ces1-300x157.jpg\" alt=\"\" width=\"1368\" height=\"716\" srcset=\"https:\/\/www.infokuryr.cz\/n\/wp-content\/uploads\/2023\/08\/ces1-300x157.jpg 300w, https:\/\/www.infokuryr.cz\/n\/wp-content\/uploads\/2023\/08\/ces1-1024x536.jpg 1024w, https:\/\/www.infokuryr.cz\/n\/wp-content\/uploads\/2023\/08\/ces1-768x402.jpg 768w, https:\/\/www.infokuryr.cz\/n\/wp-content\/uploads\/2023\/08\/ces1.jpg 1200w\" sizes=\"(max-width: 1368px) 100vw, 1368px\" \/><\/p>\n<h2><span>Co se d\u011bje v USA a brzy mo\u017en\u00e1 i u n\u00e1s?<\/span><\/h2>\n<p><span>Trumpovy koment\u00e1\u0159e p\u0159ich\u00e1zej\u00ed pot\u00e9, co str\u00e1nka\u00a0<\/span><a href=\"https:\/\/www.infowars.com\/posts\/exclusive-biden-admin-preparing-to-bring-back-full-covid-restrictions-rollout-to-begin-mid-september\/\" target=\"_blank\" rel=\"noopener\"><span>Infowars<\/span><\/a><span>\u00a0ozn\u00e1mila, \u017ee Biden\u016fv re\u017eim se p\u0159ipravuje na obnoven\u00ed \u00fapln\u00fdch lockdown\u016f pro Covid-19, po\u010d\u00ednaje povinn\u00fdmi rou\u0161kami pro TSA (zam\u011bstnance bezpe\u010dnosti v doprav\u011b) a zam\u011bstnance leti\u0161\u0165, \u00fadajn\u011b ji\u017e v polovin\u011b z\u00e1\u0159\u00ed.<\/span><\/p>\n<p><span>Vysok\u00fd p\u0159edstavitel TSA oslovil str\u00e1nku Infowars a\u00a0<\/span><a href=\"https:\/\/www.badatel.net\/informatori-z-bidenovej-administrativy-tvrdia-ze-budu-zavedene-nove-lockdowny-horsie-ako-predtym\/\"><span>podrobn\u011b informoval<\/span><\/a><span>\u00a0o setk\u00e1n\u00ed, na kter\u00e9m byli mana\u017ee\u0159i TSA informov\u00e1ni o nov\u00fdch sm\u011brnic\u00edch a vyhl\u00e1\u0161k\u00e1ch, kter\u00e9 by znovu zavedly no\u0161en\u00ed rou\u0161ek.<\/span><\/p>\n<p><span>Tyto vyhl\u00e1\u0161ky obnov\u00ed povinnost nosit rou\u0161ky pro zam\u011bstnance TSA a leti\u0161\u0165 od poloviny z\u00e1\u0159\u00ed.<\/span><\/p>\n<p><span>Podle p\u0159edstavitele TSA budou dal\u0161\u00ed podrobnosti o tom, jak budou opat\u0159en\u00ed eskalovat, poskytnuty v n\u00e1sleduj\u00edc\u00edm t\u00fddnu.\u00a0P\u0159edstavitel TSA d\u00e1le dodal, \u017ee do poloviny \u0159\u00edjna bude no\u0161en\u00ed rou\u0161ek povinn\u00e9 pro piloty, letov\u00fd person\u00e1l, cestuj\u00edc\u00ed a v\u0161echny ostatn\u00ed lidi na leti\u0161t\u00edch.<\/span><\/p>\n<p><span>Po tomto prozrazen\u00ed p\u0159edstavitele TSA spole\u010dnost Infowars oslovila dal\u0161\u00ed d\u016fv\u011bryhodn\u00fd zdroj z pohrani\u010dn\u00ed str\u00e1\u017ee, kter\u00fd je tak\u00e9 na mana\u017eersk\u00e9 pozici.\u00a0Tento zdroj rovn\u011b\u017e potvrdil sm\u011brnice a uvedl, \u017ee podobn\u00e1 opat\u0159en\u00ed se pl\u00e1nuj\u00ed i \u200b\u200bpro pracovn\u00edky pohrani\u010dn\u00ed str\u00e1\u017ee.<\/span><\/p>\n<p><em><span>\u201e\u0158ekli jim, \u017ee to nen\u00ed ot\u00e1zka \u201e\u010di\u201c, ale \u201ekdy\u201c se ofici\u00e1ln\u00ed \u010d\u00edsla covidu vr\u00e1t\u00ed a do poloviny \u0159\u00edjna o\u010dek\u00e1vaj\u00ed obnoven\u00ed na\u0159\u00edzen\u00ed povinn\u00fdch rou\u0161ek, kter\u00e9 Bidenova administrativa p\u0159edt\u00edm jen neochotn\u011b ukon\u010dila po masivn\u00edm tlaku ve\u0159ejnosti,\u201c informoval port\u00e1l Infowars<\/span><\/em><span>\u00a0.<\/span><\/p>\n<p><span>Ve sv\u00e9 show Alex Jones varoval, \u017ee do prosince bude implementov\u00e1n n\u00e1vrat k naprost\u00e9mu covidov\u00e9mu lockdownu.<\/span><\/p>\n<p><span>Autor: Niamh Harrisov\u00e1, Zdroj:\u00a0<\/span><a href=\"https:\/\/thepeoplesvoice.tv\/trump-issues-statement-on-covid-restrictions-we-will-not-comply\/\" target=\"_blank\" rel=\"noopener\"><span>thepeoplesvoice.tv<\/span><\/a><span>\u00a0<\/span><\/p>\n<p>&nbsp;<\/p>\n<p><a href=\"https:\/\/stranapro.cz\/\"><img decoding=\"async\" loading=\"lazy\" class=\"wp-image-30218 aligncenter\" src=\"http:\/\/www.infokuryr.cz\/n\/wp-content\/uploads\/2023\/06\/PRO-banner-300x36.png\" alt=\"\" width=\"1367\" height=\"164\" srcset=\"https:\/\/www.infokuryr.cz\/n\/wp-content\/uploads\/2023\/06\/PRO-banner-300x36.png 300w, https:\/\/www.infokuryr.cz\/n\/wp-content\/uploads\/2023\/06\/PRO-banner-768x93.png 768w, https:\/\/www.infokuryr.cz\/n\/wp-content\/uploads\/2023\/06\/PRO-banner.png 849w\" sizes=\"(max-width: 1367px) 100vw, 1367px\" \/><\/a><\/p>\n<p>&nbsp;<\/p>\n<p>&nbsp;<\/p>\n<p>&nbsp;<\/p>\n","protected":false},"excerpt":{"rendered":"<p>B\u00fdval\u00fd americk\u00fd prezident Donald Trump vydal vzdorovit\u00e9 video, ve kter\u00e9m prohl\u00e1sil, \u017ee se vehementn\u011b stav\u00ed&#8230;<\/p>\n","protected":false},"author":2,"featured_media":26124,"comment_status":"closed","ping_status":"closed","sticky":false,"template":"","format":"standard","meta":[],"categories":[7],"tags":[72,23,1395,452],"_links":{"self":[{"href":"https:\/\/www.infokuryr.cz\/n\/wp-json\/wp\/v2\/posts\/35437"}],"collection":[{"href":"https:\/\/www.infokuryr.cz\/n\/wp-json\/wp\/v2\/posts"}],"about":[{"href":"https:\/\/www.infokuryr.cz\/n\/wp-json\/wp\/v2\/types\/post"}],"author":[{"embeddable":true,"href":"https:\/\/www.infokuryr.cz\/n\/wp-json\/wp\/v2\/users\/2"}],"replies":[{"embeddable":true,"href":"https:\/\/www.infokuryr.cz\/n\/wp-json\/wp\/v2\/comments?post=35437"}],"version-history":[{"count":0,"href":"https:\/\/www.infokuryr.cz\/n\/wp-json\/wp\/v2\/posts\/35437\/revisions"}],"wp:featuredmedia":[{"embeddable":true,"href":"https:\/\/www.infokuryr.cz\/n\/wp-json\/wp\/v2\/media\/26124"}],"wp:attachment":[{"href":"https:\/\/www.infokuryr.cz\/n\/wp-json\/wp\/v2\/media?parent=35437"}],"wp:term":[{"taxonomy":"category","embeddable":true,"href":"https:\/\/www.infokuryr.cz\/n\/wp-json\/wp\/v2\/categories?post=35437"},{"taxonomy":"post_tag","embeddable":true,"href":"https:\/\/www.infokuryr.cz\/n\/wp-json\/wp\/v2\/tags?post=35437"}],"curies":[{"name":"wp","href":"https:\/\/api.w.org\/{rel}","templated":true}]}}