{"id":35435,"date":"2023-09-03T04:40:47","date_gmt":"2023-09-03T02:40:47","guid":{"rendered":"http:\/\/www.infokuryr.cz\/n\/?p=35435"},"modified":"2023-09-03T04:40:47","modified_gmt":"2023-09-03T02:40:47","slug":"je-agent-pavek-jeste-blbejsi-nez-caputova","status":"publish","type":"post","link":"https:\/\/www.infokuryr.cz\/n\/2023\/09\/03\/je-agent-pavek-jeste-blbejsi-nez-caputova\/","title":{"rendered":"Je agent P\u00e1vek je\u0161t\u011b blb\u011bj\u0161\u00ed ne\u017e \u010caputov\u00e1?"},"content":{"rendered":"<div id=\"fb-root\"><\/div>\n<div class=\"introtext\">\n<p><span style=\"font-size: 18pt;\"><strong>P\u011bt minut p\u0159ed p\u016flnoc\u00ed dupal do podlahy, \u017ee z\u00e1kon nepodep\u00ed\u0161e. P\u011bt minut po p\u016flnoci byl podepsan\u00fd. P\u011bt minut t\u011b\u017ece bojoval za ob\u010dany a d\u016fchodce&#8230;<\/strong><\/span><\/p>\n<\/div>\n<div class=\"fulltext\">\n<p>P\u0159itom ten z\u00e1kon se mu v\u00e1lel na \u00fa\u0159ad\u011b dost dlouho, aby se nechoval jako primitiv a hr\u00e1l p\u0159ed n\u00e1rodem divadlo. V\u00e1\u017en\u011b bojuje s demenc\u00ed americk\u00e9ho prezidenta Bidena?<\/p>\n<p>Jenom technick\u00e1: nemus\u00ed m\u00edt nohy v prezidentsk\u00e9m \u00fa\u0159ad\u011b, sta\u010d\u00ed kdy\u017e bude m\u00edt mozek. Bohu\u017eel nyn\u00ed je to u agenta P\u00e1vka p\u0159esn\u011b opa\u010dn\u011b. Narozd\u00edl od Zemana chod\u00ed vzp\u0159\u00edmen\u011b, mozek je na \u00farovni \u010caputov\u00e9 a Bidena, mo\u017en\u00e1 h\u016f\u0159.<\/p>\n<div class=\"info_box cela_sirka jpalert\">\n<div class=\"explanationContent\">Kdy\u017e jsem slou\u017eil za hlubok\u00e9 totality, t\u011bmhle \u0161\u00edbnut\u00fdm jsme \u0159\u00edkali &#8222;zelen\u00e9 palice&#8220; \u010di &#8222;zelen\u00e9 mozky&#8220;. Jejich genialita spo\u010d\u00edvala v tom, \u017ee um\u011bli rozpo\u010d\u00edt\u00e1vadlo: prvn\u00ed, druh\u00fd, prvn\u00ed, druh\u00fd&#8230; \u017de n\u00e1m tohle bude d\u011blat prezidenta, n\u00e1s ani ve snu nenapadlo.<\/div>\n<\/div>\n<p>Pavlova mluv\u010d\u00ed Mark\u00e9ta \u0158eh\u00e1kov\u00e1 ve \u010dtvrtek po prezidentov\u011b jedn\u00e1n\u00ed s premi\u00e9rem Petrem Fialou (ODS) uvedla, \u017ee hlava st\u00e1tu bu\u010f novelu vetuje, nebo ji podep\u00ed\u0161e pozd\u011bji. Kabinet p\u0159itom cht\u011bl \u00fa\u010dinnost n\u011bkter\u00fdch opat\u0159en\u00ed u\u017e od 1. z\u00e1\u0159\u00ed, v takov\u00e9m p\u0159\u00edpad\u011b by ale novela musela vyj\u00edt ve sb\u00edrce z\u00e1kon\u016f ve \u010dtvrtek.<\/p>\n<p>\u201eCo by se d\u011blo, kdyby to nepodepsal Milo\u0161 Zeman v\u010das? Jen\u017ee on by to podepsal, nebo v\u010das vetoval, aby to stihli odhlasovat\u2026.&#8220; p\u00ed\u0161e prezident \u010desk\u00fdch stomatolog\u016f Roman \u0160mucler.<\/p>\n<p>\u201eNeschopn\u00fd lh\u00e1\u0159 ve Strakovce a tot\u00e1ln\u00ed guma na Hrad\u011b, tohle nem\u016f\u017ee skon\u010dit \u0161patn\u011b. M\u00e1te n\u011bkdo odpov\u011b\u010f na to, jak se to zrovna n\u00e1m stalo? J\u00e1 jsem toti\u017e bezradn\u00fd,&#8220; okomentoval celou situaci koment\u00e1tor Petr Holec.<\/p>\n<p>V\u00e1\u017en\u011b se za n\u011bj jeho rodina a p\u0159\u00e1tel\u00e9 nestyd\u00ed? Milou\u0161 Jake\u0161 byl proti n\u011bmu g\u00e9nius a my se mu sm\u00e1li. To bylo je\u0161t\u011b v dob\u011b, kdy\u017e byl agent P\u00e1vek bol\u0161evikem tak\u00e9.\u00a0<strong>Vlastn\u011b jeho man\u017eelka je politru\u010dka, tak\u017ee ta je na I.Q. nula nalad\u011bna.<\/strong><\/p>\n<p><a href=\"https:\/\/www.skrytapravda.cz\/z-domova\/1425-je-agent-pavek-jeste-blbejsi-nez-caputova\">Petr Pokorn\u00fd<\/a><\/p>\n<\/div>\n<p>&nbsp;<\/p>\n<p><img decoding=\"async\" loading=\"lazy\" class=\"wp-image-33819 aligncenter\" src=\"http:\/\/www.infokuryr.cz\/n\/wp-content\/uploads\/2023\/08\/ces1-300x157.jpg\" alt=\"\" width=\"1362\" height=\"713\" srcset=\"https:\/\/www.infokuryr.cz\/n\/wp-content\/uploads\/2023\/08\/ces1-300x157.jpg 300w, https:\/\/www.infokuryr.cz\/n\/wp-content\/uploads\/2023\/08\/ces1-1024x536.jpg 1024w, https:\/\/www.infokuryr.cz\/n\/wp-content\/uploads\/2023\/08\/ces1-768x402.jpg 768w, https:\/\/www.infokuryr.cz\/n\/wp-content\/uploads\/2023\/08\/ces1.jpg 1200w\" sizes=\"(max-width: 1362px) 100vw, 1362px\" \/><\/p>\n<p>&nbsp;<\/p>\n<p><a href=\"https:\/\/stranapro.cz\/\"><img decoding=\"async\" loading=\"lazy\" class=\"wp-image-30218 aligncenter\" src=\"http:\/\/www.infokuryr.cz\/n\/wp-content\/uploads\/2023\/06\/PRO-banner-300x36.png\" alt=\"\" width=\"1350\" height=\"162\" srcset=\"https:\/\/www.infokuryr.cz\/n\/wp-content\/uploads\/2023\/06\/PRO-banner-300x36.png 300w, https:\/\/www.infokuryr.cz\/n\/wp-content\/uploads\/2023\/06\/PRO-banner-768x93.png 768w, https:\/\/www.infokuryr.cz\/n\/wp-content\/uploads\/2023\/06\/PRO-banner.png 849w\" sizes=\"(max-width: 1350px) 100vw, 1350px\" \/><\/a><\/p>\n<p>&nbsp;<\/p>\n<p>&nbsp;<\/p>\n<p>&nbsp;<\/p>\n","protected":false},"excerpt":{"rendered":"<p>P\u011bt minut p\u0159ed p\u016flnoc\u00ed dupal do podlahy, \u017ee z\u00e1kon nepodep\u00ed\u0161e. P\u011bt minut po p\u016flnoci byl&#8230;<\/p>\n","protected":false},"author":2,"featured_media":35436,"comment_status":"closed","ping_status":"closed","sticky":false,"template":"","format":"standard","meta":[],"categories":[6],"tags":[4593,29,392,3662],"_links":{"self":[{"href":"https:\/\/www.infokuryr.cz\/n\/wp-json\/wp\/v2\/posts\/35435"}],"collection":[{"href":"https:\/\/www.infokuryr.cz\/n\/wp-json\/wp\/v2\/posts"}],"about":[{"href":"https:\/\/www.infokuryr.cz\/n\/wp-json\/wp\/v2\/types\/post"}],"author":[{"embeddable":true,"href":"https:\/\/www.infokuryr.cz\/n\/wp-json\/wp\/v2\/users\/2"}],"replies":[{"embeddable":true,"href":"https:\/\/www.infokuryr.cz\/n\/wp-json\/wp\/v2\/comments?post=35435"}],"version-history":[{"count":0,"href":"https:\/\/www.infokuryr.cz\/n\/wp-json\/wp\/v2\/posts\/35435\/revisions"}],"wp:featuredmedia":[{"embeddable":true,"href":"https:\/\/www.infokuryr.cz\/n\/wp-json\/wp\/v2\/media\/35436"}],"wp:attachment":[{"href":"https:\/\/www.infokuryr.cz\/n\/wp-json\/wp\/v2\/media?parent=35435"}],"wp:term":[{"taxonomy":"category","embeddable":true,"href":"https:\/\/www.infokuryr.cz\/n\/wp-json\/wp\/v2\/categories?post=35435"},{"taxonomy":"post_tag","embeddable":true,"href":"https:\/\/www.infokuryr.cz\/n\/wp-json\/wp\/v2\/tags?post=35435"}],"curies":[{"name":"wp","href":"https:\/\/api.w.org\/{rel}","templated":true}]}}