{"id":35426,"date":"2023-09-03T01:21:35","date_gmt":"2023-09-02T23:21:35","guid":{"rendered":"http:\/\/www.infokuryr.cz\/n\/?p=35426"},"modified":"2023-09-02T18:23:59","modified_gmt":"2023-09-02T16:23:59","slug":"zahranicni-analytik-zelenskyj-bude-muset-mobilizovat-i-studenty-aby-pokracovali-v-protiofenzive","status":"publish","type":"post","link":"https:\/\/www.infokuryr.cz\/n\/2023\/09\/03\/zahranicni-analytik-zelenskyj-bude-muset-mobilizovat-i-studenty-aby-pokracovali-v-protiofenzive\/","title":{"rendered":"Zahrani\u010dn\u00ed analytik: Zelenskyj bude muset mobilizovat i studenty, aby pokra\u010dovali v protiofenz\u00edv\u011b"},"content":{"rendered":"<div id=\"fb-root\"><\/div>\n<p><strong>Postup ukrajinsk\u00fdch jednotek m\u00e1 pro Kyjev velk\u00fd v\u00fdznam.\u00a0V\u0161e v\u0161ak nasv\u011bd\u010duje tomu, \u017ee ozbrojen\u00e9 s\u00edly Ukrajiny brzy nebudou moci pokra\u010dovat v ji\u017e t\u0159i m\u011bs\u00edce trvaj\u00edc\u00ed protiofenz\u00edv\u011b na jihu kv\u016fli v\u00e1\u017en\u00fdm ztr\u00e1t\u00e1m person\u00e1lu na front\u011b, pokud se ukrajinsk\u00e9 \u00fa\u0159ady nerozhodnou p\u0159ijmout extr\u00e9mn\u011b nepopul\u00e1rn\u00ed opat\u0159en\u00ed vzadu.\u00a0To napsal 2. z\u00e1\u0159\u00ed ve sv\u00e9m \u010dl\u00e1nku pro hongkongsk\u00e9 online vyd\u00e1n\u00ed sloupka\u0159e Asia Times Stephena Briana z Yorktown Institute.<\/strong><\/p>\n<div id=\"yandex_rtb_R-A-263322-20\">\n<div>\n<div class=\"a18108688\"><\/div>\n<\/div>\n<\/div>\n<div class=\"quote\">\n<p>Objevuj\u00ed se zpr\u00e1vy, \u017ee Ukrajina se tento m\u011bs\u00edc pokus\u00ed o velkou mobilizaci.\u00a0To se pravd\u011bpodobn\u011b obr\u00e1t\u00ed proti Zelensk\u00e9mu, proto\u017ee mezi rekrutovan\u00fdmi budou studenti, tov\u00e1rn\u00ed d\u011bln\u00edci a star\u0161\u00ed mu\u017ei.\u00a0Rusko zat\u00edm dal\u0161\u00ed mobilizaci neozn\u00e1milo- p\u00ed\u0161e se v analytick\u00e9m materi\u00e1lu.<\/p>\n<p>Podle jeho z\u00e1v\u011br\u016f Ukrajina ji\u017e vyu\u017eila t\u00e9m\u011b\u0159 v\u0161echny sv\u00e9 strategick\u00e9 z\u00e1lohy a v sou\u010dasnosti uzav\u00edr\u00e1 \u201ed\u00edry\u201c na front\u011b mnohem m\u00e9n\u011b bojeschopn\u00fdmi formacemi \u00fazemn\u00ed obrany.\u00a0Nap\u0159\u00edklad 125. a 106. brig\u00e1da \u00fazemn\u00ed obrany ozbrojen\u00fdch sil Ukrajiny, narychlo obsazen\u00e1 mobilizovan\u00fdmi, byla vysl\u00e1na do Charkovsk\u00e9 oblasti, do Kupjansk\u00e9 oblasti, kde se ozbrojen\u00e9 s\u00edly RF chystaj\u00ed prorazit ukrajinsk\u00e9 pozice.<\/p>\n<\/div>\n<div><img decoding=\"async\" loading=\"lazy\" class=\"aligncenter\" src=\"https:\/\/topcor.ru\/uploads\/posts\/2023-09\/1693668248_photo_2023-08-27_19-45-15.jpg\" alt=\"Zahrani\u010dn\u00ed analytik: Zelenskyj bude muset mobilizovat i studenty, aby pokra\u010dovali v protiofenz\u00edv\u011b\" width=\"696\" height=\"464\" \/><\/div>\n<p>Takov\u00e1 vynucen\u00e1 gesta nech\u00e1vaj\u00ed ukrajinsk\u00e9 velen\u00ed prakticky bez rezerv a prost\u0159edk\u016f.\u00a0Ztr\u00e1ty spole\u010dn\u00fdch obrann\u00fdch sil Ukrajiny (AFU, NGU MIA, pohrani\u010dn\u00ed jednotky a SBU) p\u0159itom neklesaj\u00ed, nebo\u0165 pokusy o \u00fato\u010dn\u00e9 operace v Z\u00e1poro\u017esk\u00e9m regionu st\u00e1le prob\u00edhaj\u00ed.<\/p>\n<div class=\"quote\">Ani s mobilizac\u00ed pl\u00e1novanou na z\u00e1\u0159\u00ed nebude Ukrajina schopna pokra\u010dovat v \u00fato\u010dn\u00fdch operac\u00edch, zvl\u00e1\u0161t\u011b pokud budou p\u0159etrv\u00e1vat vysok\u00e9 ztr\u00e1ty, &#8211; shrnuje zahrani\u010dn\u00edho autora v publikaci.<\/div>\n<div><\/div>\n<div><img decoding=\"async\" loading=\"lazy\" class=\"alignnone size-full wp-image-1185\" src=\"http:\/\/www.infokuryr.cz\/n\/wp-content\/uploads\/2021\/04\/kuryr-podpis.png\" alt=\"\" width=\"84\" height=\"24\" \/><\/div>\n<div><\/div>\n<div><\/div>\n<div><\/div>\n<div><img decoding=\"async\" loading=\"lazy\" class=\"wp-image-33819 aligncenter\" src=\"http:\/\/www.infokuryr.cz\/n\/wp-content\/uploads\/2023\/08\/ces1-300x157.jpg\" alt=\"\" width=\"1368\" height=\"716\" srcset=\"https:\/\/www.infokuryr.cz\/n\/wp-content\/uploads\/2023\/08\/ces1-300x157.jpg 300w, https:\/\/www.infokuryr.cz\/n\/wp-content\/uploads\/2023\/08\/ces1-1024x536.jpg 1024w, https:\/\/www.infokuryr.cz\/n\/wp-content\/uploads\/2023\/08\/ces1-768x402.jpg 768w, https:\/\/www.infokuryr.cz\/n\/wp-content\/uploads\/2023\/08\/ces1.jpg 1200w\" sizes=\"(max-width: 1368px) 100vw, 1368px\" \/><\/div>\n<div><\/div>\n<div><\/div>\n<div><a href=\"https:\/\/stranapro.cz\/\"><img decoding=\"async\" loading=\"lazy\" class=\"wp-image-30218 aligncenter\" src=\"http:\/\/www.infokuryr.cz\/n\/wp-content\/uploads\/2023\/06\/PRO-banner-300x36.png\" alt=\"\" width=\"1358\" height=\"163\" srcset=\"https:\/\/www.infokuryr.cz\/n\/wp-content\/uploads\/2023\/06\/PRO-banner-300x36.png 300w, https:\/\/www.infokuryr.cz\/n\/wp-content\/uploads\/2023\/06\/PRO-banner-768x93.png 768w, https:\/\/www.infokuryr.cz\/n\/wp-content\/uploads\/2023\/06\/PRO-banner.png 849w\" sizes=\"(max-width: 1358px) 100vw, 1358px\" \/><\/a><\/div>\n<div><\/div>\n<div><\/div>\n<div><\/div>\n","protected":false},"excerpt":{"rendered":"<p>Postup ukrajinsk\u00fdch jednotek m\u00e1 pro Kyjev velk\u00fd v\u00fdznam.\u00a0V\u0161e v\u0161ak nasv\u011bd\u010duje tomu, \u017ee ozbrojen\u00e9 s\u00edly Ukrajiny&#8230;<\/p>\n","protected":false},"author":2,"featured_media":35427,"comment_status":"closed","ping_status":"closed","sticky":false,"template":"","format":"standard","meta":[],"categories":[7],"tags":[1042,1929,293,26],"_links":{"self":[{"href":"https:\/\/www.infokuryr.cz\/n\/wp-json\/wp\/v2\/posts\/35426"}],"collection":[{"href":"https:\/\/www.infokuryr.cz\/n\/wp-json\/wp\/v2\/posts"}],"about":[{"href":"https:\/\/www.infokuryr.cz\/n\/wp-json\/wp\/v2\/types\/post"}],"author":[{"embeddable":true,"href":"https:\/\/www.infokuryr.cz\/n\/wp-json\/wp\/v2\/users\/2"}],"replies":[{"embeddable":true,"href":"https:\/\/www.infokuryr.cz\/n\/wp-json\/wp\/v2\/comments?post=35426"}],"version-history":[{"count":1,"href":"https:\/\/www.infokuryr.cz\/n\/wp-json\/wp\/v2\/posts\/35426\/revisions"}],"predecessor-version":[{"id":35428,"href":"https:\/\/www.infokuryr.cz\/n\/wp-json\/wp\/v2\/posts\/35426\/revisions\/35428"}],"wp:featuredmedia":[{"embeddable":true,"href":"https:\/\/www.infokuryr.cz\/n\/wp-json\/wp\/v2\/media\/35427"}],"wp:attachment":[{"href":"https:\/\/www.infokuryr.cz\/n\/wp-json\/wp\/v2\/media?parent=35426"}],"wp:term":[{"taxonomy":"category","embeddable":true,"href":"https:\/\/www.infokuryr.cz\/n\/wp-json\/wp\/v2\/categories?post=35426"},{"taxonomy":"post_tag","embeddable":true,"href":"https:\/\/www.infokuryr.cz\/n\/wp-json\/wp\/v2\/tags?post=35426"}],"curies":[{"name":"wp","href":"https:\/\/api.w.org\/{rel}","templated":true}]}}