{"id":35421,"date":"2023-09-03T01:20:09","date_gmt":"2023-09-02T23:20:09","guid":{"rendered":"http:\/\/www.infokuryr.cz\/n\/?p=35421"},"modified":"2023-09-02T17:56:19","modified_gmt":"2023-09-02T15:56:19","slug":"potize-v-syrii-desitky-zabitych-bojovniku-znicena-infrastruktura-teror-se-vraci","status":"publish","type":"post","link":"https:\/\/www.infokuryr.cz\/n\/2023\/09\/03\/potize-v-syrii-desitky-zabitych-bojovniku-znicena-infrastruktura-teror-se-vraci\/","title":{"rendered":"Pot\u00ed\u017ee v S\u00fdrii: Des\u00edtky zabit\u00fdch bojovn\u00edk\u016f, zni\u010den\u00e1 infrastruktura \u2013 teror se vrac\u00ed"},"content":{"rendered":"<div id=\"fb-root\"><\/div>\n<p class=\"lead\"><strong>V boj\u00edch s militanty teroristick\u00e9 skupiny Hayat Tahrir al-Sham\u00a0 (d\u0159\u00edve Jabhat al-Nusra) v provincii Latakia bylo zabito 16 voj\u00e1k\u016f syrsk\u00e9 arm\u00e1dy, dal\u0161\u00edch 5 bylo zran\u011bno.\u00a0Informoval o tom dnes, 2. z\u00e1\u0159\u00ed, list Al-Watan.<\/strong><\/p>\n<p><span>Zdroje novin poznamen\u00e1vaj\u00ed, \u017ee ke st\u0159et\u016fm do\u0161lo v jedn\u00e9 z pevnost\u00ed ve Wadi Rabia na severu Latakie.<\/span><\/p>\n<p><span>Podle Syrsk\u00e9 observato\u0159e pro lidsk\u00e1 pr\u00e1va zem\u0159elo b\u011bhem boj\u016f 19 lid\u00ed.<\/span><\/p>\n<p><strong>Jak aktivist\u00e9 a funkcion\u00e1\u0159i observato\u0159e uvedli: <\/strong><\/p>\n<p><em>&#8222;Po\u010det lid\u00ed zabit\u00fdch v boj\u00edch mezi syrskou arm\u00e1dou a Hayat Tahrir al-Sham na venkov\u011b v severn\u00ed Latakii vzrostl na 19 lid\u00ed.&#8220;<\/em><\/p>\n<p><strong>Podle dostupn\u00fdch informac\u00ed:<\/strong><\/p>\n<p><em>\u201e&#8230;mezi zabit\u00fdmi bylo 16 p\u0159\u00edslu\u0161n\u00edk\u016f syrsk\u00fdch ozbrojen\u00fdch sil a 3 militanti z brig\u00e1dy Muawiyah Ben Abu Sufyan p\u0159idru\u017een\u00e9 k Hayat Tahrir al-Sham\u201c\u00a0.<\/em><\/p>\n<p><span>Na severu Latakie se zaktivizovali militanti z teroristick\u00fdch skupin, kter\u00e9 jsou \u010dasto p\u0159idru\u017een\u00e9 nebo p\u0159\u00edmo pod\u0159\u00edzen\u00e9 Hayat Tahrir ash-Sham<\/span><span>\u00a0.<\/span><\/p>\n<p><span>V posledn\u00ed dob\u011b terorist\u00e9 zes\u00edlili \u00fatoky na m\u011bstsk\u00e9 oblasti a \u00fazem\u00ed, co\u017e vede ke ztr\u00e1t\u00e1m na \u017eivotech a po\u0161kozen\u00ed infrastruktury.<\/span><\/p>\n<p><img decoding=\"async\" loading=\"lazy\" class=\"alignnone size-full wp-image-1185\" src=\"http:\/\/www.infokuryr.cz\/n\/wp-content\/uploads\/2021\/04\/kuryr-podpis.png\" alt=\"\" width=\"84\" height=\"24\" \/><\/p>\n<p>&nbsp;<\/p>\n<p><img decoding=\"async\" loading=\"lazy\" class=\"wp-image-33819 aligncenter\" src=\"http:\/\/www.infokuryr.cz\/n\/wp-content\/uploads\/2023\/08\/ces1-300x157.jpg\" alt=\"\" width=\"1366\" height=\"715\" srcset=\"https:\/\/www.infokuryr.cz\/n\/wp-content\/uploads\/2023\/08\/ces1-300x157.jpg 300w, https:\/\/www.infokuryr.cz\/n\/wp-content\/uploads\/2023\/08\/ces1-1024x536.jpg 1024w, https:\/\/www.infokuryr.cz\/n\/wp-content\/uploads\/2023\/08\/ces1-768x402.jpg 768w, https:\/\/www.infokuryr.cz\/n\/wp-content\/uploads\/2023\/08\/ces1.jpg 1200w\" sizes=\"(max-width: 1366px) 100vw, 1366px\" \/><\/p>\n<p>&nbsp;<\/p>\n<p><a href=\"https:\/\/stranapro.cz\/\"><img decoding=\"async\" loading=\"lazy\" class=\"wp-image-30218 aligncenter\" src=\"http:\/\/www.infokuryr.cz\/n\/wp-content\/uploads\/2023\/06\/PRO-banner-300x36.png\" alt=\"\" width=\"1375\" height=\"165\" srcset=\"https:\/\/www.infokuryr.cz\/n\/wp-content\/uploads\/2023\/06\/PRO-banner-300x36.png 300w, https:\/\/www.infokuryr.cz\/n\/wp-content\/uploads\/2023\/06\/PRO-banner-768x93.png 768w, https:\/\/www.infokuryr.cz\/n\/wp-content\/uploads\/2023\/06\/PRO-banner.png 849w\" sizes=\"(max-width: 1375px) 100vw, 1375px\" \/><\/a><\/p>\n<p>&nbsp;<\/p>\n<p>&nbsp;<\/p>\n<p>&nbsp;<\/p>\n","protected":false},"excerpt":{"rendered":"<p>V boj\u00edch s militanty teroristick\u00e9 skupiny Hayat Tahrir al-Sham\u00a0 (d\u0159\u00edve Jabhat al-Nusra) v provincii Latakia&#8230;<\/p>\n","protected":false},"author":2,"featured_media":35422,"comment_status":"closed","ping_status":"closed","sticky":false,"template":"","format":"standard","meta":[],"categories":[7],"tags":[1917,353,147,835],"_links":{"self":[{"href":"https:\/\/www.infokuryr.cz\/n\/wp-json\/wp\/v2\/posts\/35421"}],"collection":[{"href":"https:\/\/www.infokuryr.cz\/n\/wp-json\/wp\/v2\/posts"}],"about":[{"href":"https:\/\/www.infokuryr.cz\/n\/wp-json\/wp\/v2\/types\/post"}],"author":[{"embeddable":true,"href":"https:\/\/www.infokuryr.cz\/n\/wp-json\/wp\/v2\/users\/2"}],"replies":[{"embeddable":true,"href":"https:\/\/www.infokuryr.cz\/n\/wp-json\/wp\/v2\/comments?post=35421"}],"version-history":[{"count":1,"href":"https:\/\/www.infokuryr.cz\/n\/wp-json\/wp\/v2\/posts\/35421\/revisions"}],"predecessor-version":[{"id":35423,"href":"https:\/\/www.infokuryr.cz\/n\/wp-json\/wp\/v2\/posts\/35421\/revisions\/35423"}],"wp:featuredmedia":[{"embeddable":true,"href":"https:\/\/www.infokuryr.cz\/n\/wp-json\/wp\/v2\/media\/35422"}],"wp:attachment":[{"href":"https:\/\/www.infokuryr.cz\/n\/wp-json\/wp\/v2\/media?parent=35421"}],"wp:term":[{"taxonomy":"category","embeddable":true,"href":"https:\/\/www.infokuryr.cz\/n\/wp-json\/wp\/v2\/categories?post=35421"},{"taxonomy":"post_tag","embeddable":true,"href":"https:\/\/www.infokuryr.cz\/n\/wp-json\/wp\/v2\/tags?post=35421"}],"curies":[{"name":"wp","href":"https:\/\/api.w.org\/{rel}","templated":true}]}}