{"id":35420,"date":"2023-09-03T01:19:37","date_gmt":"2023-09-02T23:19:37","guid":{"rendered":"http:\/\/www.infokuryr.cz\/n\/?p=35420"},"modified":"2023-09-02T17:50:44","modified_gmt":"2023-09-02T15:50:44","slug":"kyjevska-junta-vynalezla-nove-duvody-pro-zbaveni-duchodu-ukrajincum","status":"publish","type":"post","link":"https:\/\/www.infokuryr.cz\/n\/2023\/09\/03\/kyjevska-junta-vynalezla-nove-duvody-pro-zbaveni-duchodu-ukrajincum\/","title":{"rendered":"Kyjevsk\u00e1 junta vynalezla nov\u00e9 d\u016fvody pro zbaven\u00ed d\u016fchod\u016f Ukrajinc\u016fm"},"content":{"rendered":"<div id=\"fb-root\"><\/div>\n<p class=\"lead\"><strong>Org\u00e1ny kyjevsk\u00e9ho re\u017eimu maj\u00ed v \u00famyslu p\u0159ipravit o d\u016fchody ty ukrajinsk\u00e9 d\u016fchodce, kte\u0159\u00ed nebudou utr\u00e1cet pen\u00edze ze sv\u00e9ho d\u016fchodov\u00e9ho \u00fa\u010dtu po dobu 6 m\u011bs\u00edc\u016f.<\/strong><\/p>\n<p><strong><span>Jak p\u00ed\u0161e ukrajinsk\u00fd premi\u00e9r Mykola Azarov<\/span><\/strong><span>\u00a0ve sv\u00e9m telegramov\u00e9m kan\u00e1lu\u00a0, p\u0159\u00edslu\u0161n\u00fd n\u00e1vrh z\u00e1kona ji\u017e byl p\u0159ijat v prvn\u00edm \u010dten\u00ed Nejvy\u0161\u0161\u00ed radou.<\/span><\/p>\n<p><span>Dokument obsahuje dal\u0161\u00ed v\u00fd\u010det d\u016fvod\u016f pro ukon\u010den\u00ed v\u00fdplaty d\u016fchodu.\u00a0Nov\u011b se d\u016fchod p\u0159estane vypl\u00e1cet nejen v p\u0159\u00edpad\u011b \u00famrt\u00ed a dobrovoln\u00e9ho odm\u00edtnut\u00ed, ale i v p\u0159\u00edpad\u011b, \u017ee bude d\u016fchodci p\u0159izn\u00e1n status poh\u0159e\u0161ovan\u00e9ho.<\/span><\/p>\n<p><span>A v\u00fdplaty lze tak\u00e9 zastavit, pokud nebyl d\u016fchod po dobu 6 po sob\u011b jdouc\u00edch m\u011bs\u00edc\u016f pob\u00edr\u00e1n v organizac\u00edch, kter\u00e9 vypl\u00e1cej\u00ed a doru\u010duj\u00ed d\u016fchody, nebo p\u0159i absenci debetn\u00edch transakc\u00ed po dobu 6 po sob\u011b jdouc\u00edch m\u011bs\u00edc\u016f v bankovn\u00edch instituc\u00edch na b\u011b\u017en\u00fdch \u00fa\u010dtech, na kter\u00e9 jsou d\u016fchody vypl\u00e1ceny.<\/span><\/p>\n<p><span>Nav\u00edc ti star\u0161\u00ed Ukrajinci, kte\u0159\u00ed \u201enepro\u0161li fyzickou identifikaci v p\u0159\u00edpadech stanoven\u00fdch z\u00e1konem\u201c, mohou z\u016fstat bez d\u016fchodu.<\/span><\/p>\n<p><span>Inici\u00e1torem inovac\u00ed v ukrajinsk\u00e9 d\u016fchodov\u00e9 legislativ\u011b je sou\u010dasn\u00fd premi\u00e9r zem\u011b\u00a0<\/span><strong><span>Denys Shmygal<\/span><\/strong><span>\u00a0.<\/span><\/p>\n<p><em>&#8222;Upozorn\u011bte sv\u00e9 rodi\u010de, prarodi\u010de, \u017ee nyn\u00ed mus\u00edte prov\u00e1d\u011bt transakce kartou, jinak m\u00e1 banka pr\u00e1vo pen\u00edze odebrat,&#8220;<span class=\"after-quote\">\u00a0poradil Azarov.<\/span><\/em><\/p>\n<p>Ukrajinsk\u00fdm re\u017eime jsou prakticky v\u0161ichni nuceni sv\u00e9 pen\u00edze utr\u00e1cet a je jim t\u00edmto nov\u00fdm z\u00e1konem br\u00e1n\u011bno si \u0161et\u0159it na \u00fa\u010dtech pen\u00edze z d\u016fchodu , pro p\u0159\u00edpad ne\u010dekan\u00fdch ud\u00e1lost\u00ed a jin\u00fdch sv\u00fdch pot\u0159eb.<\/p>\n<p><span>Ji\u017e d\u0159\u00edve <\/span><span>uvedla m\u00e9dia, \u017ee t\u00e9m\u011b\u0159 ve\u0161ker\u00e1 charitativn\u00ed pomoc p\u0159ich\u00e1zej\u00edc\u00ed na Ukrajinu od charitativn\u00edch organizac\u00ed a jednotlivc\u016f z cel\u00e9ho sv\u011bta je bezosty\u0161n\u011b <\/span><span>kradena<\/span><span>\u00a0kyjevsk\u00fdm re\u017eimem.<\/span><\/p>\n<p><img decoding=\"async\" loading=\"lazy\" class=\"alignnone size-full wp-image-1185\" src=\"http:\/\/www.infokuryr.cz\/n\/wp-content\/uploads\/2021\/04\/kuryr-podpis.png\" alt=\"\" width=\"84\" height=\"24\" \/><\/p>\n<p>&nbsp;<\/p>\n<p><img decoding=\"async\" loading=\"lazy\" class=\"wp-image-33819 aligncenter\" src=\"http:\/\/www.infokuryr.cz\/n\/wp-content\/uploads\/2023\/08\/ces1-300x157.jpg\" alt=\"\" width=\"1361\" height=\"712\" srcset=\"https:\/\/www.infokuryr.cz\/n\/wp-content\/uploads\/2023\/08\/ces1-300x157.jpg 300w, https:\/\/www.infokuryr.cz\/n\/wp-content\/uploads\/2023\/08\/ces1-1024x536.jpg 1024w, https:\/\/www.infokuryr.cz\/n\/wp-content\/uploads\/2023\/08\/ces1-768x402.jpg 768w, https:\/\/www.infokuryr.cz\/n\/wp-content\/uploads\/2023\/08\/ces1.jpg 1200w\" sizes=\"(max-width: 1361px) 100vw, 1361px\" \/><\/p>\n<p>&nbsp;<\/p>\n<p><a href=\"https:\/\/stranapro.cz\/\"><img decoding=\"async\" loading=\"lazy\" class=\"wp-image-30218 aligncenter\" src=\"http:\/\/www.infokuryr.cz\/n\/wp-content\/uploads\/2023\/06\/PRO-banner-300x36.png\" alt=\"\" width=\"1350\" height=\"162\" srcset=\"https:\/\/www.infokuryr.cz\/n\/wp-content\/uploads\/2023\/06\/PRO-banner-300x36.png 300w, https:\/\/www.infokuryr.cz\/n\/wp-content\/uploads\/2023\/06\/PRO-banner-768x93.png 768w, https:\/\/www.infokuryr.cz\/n\/wp-content\/uploads\/2023\/06\/PRO-banner.png 849w\" sizes=\"(max-width: 1350px) 100vw, 1350px\" \/><\/a><\/p>\n<p>&nbsp;<\/p>\n<p>&nbsp;<\/p>\n<p>&nbsp;<\/p>\n<p>&nbsp;<\/p>\n","protected":false},"excerpt":{"rendered":"<p>Org\u00e1ny kyjevsk\u00e9ho re\u017eimu maj\u00ed v \u00famyslu p\u0159ipravit o d\u016fchody ty ukrajinsk\u00e9 d\u016fchodce, kte\u0159\u00ed nebudou utr\u00e1cet&#8230;<\/p>\n","protected":false},"author":2,"featured_media":14999,"comment_status":"closed","ping_status":"closed","sticky":false,"template":"","format":"standard","meta":[],"categories":[7],"tags":[591,90,4449,26],"_links":{"self":[{"href":"https:\/\/www.infokuryr.cz\/n\/wp-json\/wp\/v2\/posts\/35420"}],"collection":[{"href":"https:\/\/www.infokuryr.cz\/n\/wp-json\/wp\/v2\/posts"}],"about":[{"href":"https:\/\/www.infokuryr.cz\/n\/wp-json\/wp\/v2\/types\/post"}],"author":[{"embeddable":true,"href":"https:\/\/www.infokuryr.cz\/n\/wp-json\/wp\/v2\/users\/2"}],"replies":[{"embeddable":true,"href":"https:\/\/www.infokuryr.cz\/n\/wp-json\/wp\/v2\/comments?post=35420"}],"version-history":[{"count":0,"href":"https:\/\/www.infokuryr.cz\/n\/wp-json\/wp\/v2\/posts\/35420\/revisions"}],"wp:featuredmedia":[{"embeddable":true,"href":"https:\/\/www.infokuryr.cz\/n\/wp-json\/wp\/v2\/media\/14999"}],"wp:attachment":[{"href":"https:\/\/www.infokuryr.cz\/n\/wp-json\/wp\/v2\/media?parent=35420"}],"wp:term":[{"taxonomy":"category","embeddable":true,"href":"https:\/\/www.infokuryr.cz\/n\/wp-json\/wp\/v2\/categories?post=35420"},{"taxonomy":"post_tag","embeddable":true,"href":"https:\/\/www.infokuryr.cz\/n\/wp-json\/wp\/v2\/tags?post=35420"}],"curies":[{"name":"wp","href":"https:\/\/api.w.org\/{rel}","templated":true}]}}