{"id":35374,"date":"2023-09-03T01:03:37","date_gmt":"2023-09-02T23:03:37","guid":{"rendered":"http:\/\/www.infokuryr.cz\/n\/?p=35374"},"modified":"2023-09-02T15:30:04","modified_gmt":"2023-09-02T13:30:04","slug":"co-je-znamo-o-situaci-v-nigeru-a-gabonu-po-prevratech","status":"publish","type":"post","link":"https:\/\/www.infokuryr.cz\/n\/2023\/09\/03\/co-je-znamo-o-situaci-v-nigeru-a-gabonu-po-prevratech\/","title":{"rendered":"Co je zn\u00e1mo o situaci v Nigeru a Gabonu po p\u0159evratech"},"content":{"rendered":"<div id=\"fb-root\"><\/div>\n<p><span style=\"font-size: 18pt;\"><strong>V Gabonu a Nigeru prob\u011bhly p\u0159evraty se sm\u00ed\u0161en\u00fdmi mezin\u00e1rodn\u00edmi reakcemi.\u00a0Zde ukazuji, jak\u00e1 je situace v zem\u00edch a jak\u00e9 jsou mezin\u00e1rodn\u00ed reakce.<\/strong><\/span><\/p>\n<p><span>Rusk\u00e1 tiskov\u00e1 agentura TASS zve\u0159ejnila\u00a0<\/span><a href=\"https:\/\/tass.ru\/mezhdunarodnaya-panorama\/18639903\" target=\"_blank\" rel=\"noreferrer noopener\"><span>shrnut\u00ed<\/span><\/a><span>\u00a0situace v Nigeru a Gabonu po p\u0159evratech a sm\u00ed\u0161en\u00fdch mezin\u00e1rodn\u00edch reakc\u00edch, kter\u00e9 jsem p\u0159elo\u017eil.<\/span><\/p>\n<p><em><strong>Za\u010d\u00e1tek p\u0159ekladu:<\/strong><\/em><\/p>\n<h3><span style=\"font-size: 18pt;\">Co je zn\u00e1mo o situaci v Nigeru a Gabonu po p\u0159evratech<\/span><\/h3>\n<p><span>P\u0159evrat v Gabonu p\u0159i\u0161el jen n\u011bco m\u00e1lo p\u0159es m\u011bs\u00edc po vzpou\u0159e v Nigeru.\u00a0O vojensk\u00e9m \u0159e\u0161en\u00ed situace v Gabonu jako v Nigeru se v\u0161ak nemluv\u00ed.<\/span><\/p>\n<p><span>Na pozad\u00ed t\u011bchto ud\u00e1lost\u00ed vid\u00ed Z\u00e1pad nebezpe\u010d\u00ed prohry v boji o vliv v Africe ve prosp\u011bch Ruska a \u010c\u00edny.<\/span><\/p>\n<p><span>TASS shrom\u00e1\u017edil nejd\u016fle\u017eit\u011bj\u0161\u00ed informace o situaci v Nigeru a Gabonu po p\u0159evratech.<\/span><\/p>\n<h4><span style=\"font-size: 18pt;\">P\u0159evraty v Nigeru a Gabonu<\/span><\/h4>\n<ul>\n<li><span>Koncem \u010dervence se v Nigeru vzbou\u0159ila skupina d\u016fstojn\u00edk\u016f prezidentsk\u00e9 gardy a ozn\u00e1mila svr\u017een\u00ed prezidenta Mohameda Bazouma.\u00a0Hlavy st\u00e1t\u016f a vl\u00e1d Hospod\u00e1\u0159sk\u00e9ho spole\u010denstv\u00ed z\u00e1padoafrick\u00fdch st\u00e1t\u016f (ECOWAS) uvalily na rebely tvrd\u00e9 sankce, po\u017eadovaly Bazoumovo propu\u0161t\u011bn\u00ed a pohrozily intervenc\u00ed.<\/span><\/li>\n<li><span>K povst\u00e1n\u00ed v Gabonu do\u0161lo 30. srpna kr\u00e1tce po vyhl\u00e1\u0161en\u00ed p\u0159edb\u011b\u017en\u00fdch v\u00fdsledk\u016f voleb, z nich\u017e v\u00edt\u011bzn\u011b vy\u0161el prezident Ali Ben Bongo Ondimba.\u00a0V\u016fdci p\u0159evratu zneplatnili v\u00fdsledky a zatkli sesazen\u00e9ho prezidenta, jeho syna a \u0159adu vl\u00e1dn\u00edch \u010dinitel\u016f.<\/span><\/li>\n<li><span>\u0160\u00e9f unijn\u00ed zahrani\u010dn\u00ed slu\u017eby Josep Borrell uvedl, \u017ee EU hodl\u00e1 s pu\u010disty v Gabonu jednat diplomatickou cestou, o n\u00e1siln\u00e9m \u0159e\u0161en\u00ed se neuva\u017euje, na rozd\u00edl od Nigeru, kde nen\u00ed vojensk\u00e1 operace ECOWAS vylou\u010dena.<\/span><\/li>\n<\/ul>\n<h4><span style=\"font-size: 18pt;\">Situace v Nig\u00e9rii<\/span><\/h4>\n<ul>\n<li><span>Ceny potravin se po p\u0159evratu na konci \u010dervence stabilizovaly, ale z\u016fst\u00e1vaj\u00ed na relativn\u011b vysok\u00fdch \u00farovn\u00edch.\u00a0Vypl\u00e1cen\u00ed plat\u016f st\u00e1tn\u00edch zam\u011bstnanc\u016f, kter\u00e9 povst\u00e1n\u00ed p\u0159eru\u0161ilo, se m\u00e1 obnovit 4. z\u00e1\u0159\u00ed.<\/span><\/li>\n<li><span>1500 francouzsk\u00fdch voj\u00e1k\u016f je um\u00edst\u011bno v Nigeru, ale neopustili oblast vojensk\u00fdch z\u00e1kladen.\u00a0Z\u00e1rove\u0148 je kontingent v nejvy\u0161\u0161\u00ed pohotovosti.<\/span><\/li>\n<\/ul>\n<h4><span style=\"font-size: 18pt;\">Reakce OSN na akce rebel\u016f v Nigeru<\/span><\/h4>\n<ul>\n<li><span>Arm\u00e1da, kter\u00e1 p\u0159evzala moc v Nigeru, ozn\u00e1mila, \u017ee pozastavuje \u010dinnost mezin\u00e1rodn\u00edch organizac\u00ed a nevl\u00e1dn\u00edch organizac\u00ed a organizac\u00ed p\u0159idru\u017een\u00fdch k OSN v oblastech, kde p\u016fsob\u00ed ozbrojen\u00e9 s\u00edly zem\u011b.\u00a0Nebylo uvedeno, kter\u00fdch region\u016f zem\u011b se to t\u00fdkalo.<\/span><\/li>\n<li><span>OSN apelovala na nigerijskou vl\u00e1du, aby \u201el\u00e9pe pochopila\u201c, co rozhodnut\u00ed znamen\u00e1 a jak\u00fd dopad m\u00e1 na humanit\u00e1rn\u00ed pr\u00e1ci.<\/span><\/li>\n<li><span>Navzdory rozhodnut\u00ed rebel\u016f vyzvala Mezin\u00e1rodn\u00ed organizace pro migraci OSN nigerijskou arm\u00e1du, aby urychlen\u011b vytvo\u0159ila humanit\u00e1rn\u00ed koridor, kter\u00fd by migrant\u016fm z jin\u00fdch zem\u00ed umo\u017enil bezpe\u010dn\u00fd odchod z republiky.\u00a0Takov\u00fd koridor by tak\u00e9 usnadnil dod\u00e1vky humanit\u00e1rn\u00edch z\u00e1sob.<\/span><\/li>\n<\/ul>\n<h4><span style=\"font-size: 18pt;\">Hrozba z\u00e1sahu ECOWAS<\/span><\/h4>\n<ul>\n<li><span>ECOWAS je \u201eodhodl\u00e1no vojensky zas\u00e1hnout v Nigeru\u201c a pokud jedn\u00e1n\u00ed s rebely sel\u017eou, je to jen \u201eot\u00e1zkou \u010dasu\u201c, \u0159ekl ministr zahrani\u010d\u00ed vl\u00e1dy svr\u017een\u00e9ho prezidenta Nigeru Asoumi Massoudou.\u00a0Dohoda s pu\u010disty je podle n\u011bj mo\u017en\u00e1 pouze v p\u0159\u00edpad\u011b, \u017ee znovu dosad\u00ed sesazen\u00e9ho prezidenta Mohameda Bazouma.<\/span><\/li>\n<li><span>S\u00e1m sesazen\u00fd prezident Bazoum spolu se svou \u017eenou a synem onemocn\u011bl mal\u00e1ri\u00ed, kdy\u017e byl zadr\u017eov\u00e1n ve sv\u00e9 rezidenci, uvedl Masoudou.\u00a0Rebelov\u00e9 uvedli, \u017ee Bazoum je \u201ev dobr\u00e9m zdravotn\u00edm stavu\u201c a je v telefonick\u00e9m kontaktu s v\u016fdci a vl\u00e1dn\u00edmi \u00fa\u0159edn\u00edky z jin\u00fdch zem\u00ed.<\/span><\/li>\n<\/ul>\n<h4><span style=\"font-size: 18pt;\">N\u00e1sledky p\u0159evratu v Nigeru<\/span><\/h4>\n<ul>\n<li><span>Cena uranov\u00e9ho koncentr\u00e1tu po nigersk\u00e9m p\u0159evratu vzrostla na 16m\u011bs\u00ed\u010dn\u00ed maximum 58,8 dolaru za libru (0,45 kilogramu).\u00a0Existuj\u00ed obavy, \u017ee by mohly b\u00fdt p\u0159eru\u0161eny dod\u00e1vky uranu, proto\u017ee n\u011bkte\u0159\u00ed zam\u011bstnanci spole\u010dnosti Orano, kter\u00e1 se specializuje na v\u00fdrobu jadern\u00e9ho paliva pro francouzsk\u00e9 jadern\u00e9 elektr\u00e1rny a t\u011b\u017ebu uranu v Nigeru, byli ze zem\u011b evakuov\u00e1ni, uv\u00e1d\u00ed Financial Times s odkazem na anal\u00fdzu. spole\u010dnost Uranium Exchange Company.<\/span><\/li>\n<li><span>S p\u011bti procenty celosv\u011btov\u00e9 produkce je Niger sedm\u00fdm nejv\u011bt\u0161\u00edm producentem uranu na sv\u011bt\u011b.<\/span><\/li>\n<\/ul>\n<h4><span style=\"font-size: 18pt;\">Situace v Gabonu<\/span><\/h4>\n<ul>\n<li><span>Brice Clotaire Oligie Nguema, kter\u00fd byl jmenov\u00e1n p\u0159edsedou prozat\u00edmn\u00ed vl\u00e1dy v Gabonu, se setkal s 200 \u0161\u00e9fy n\u00e1rodn\u00edch spole\u010dnost\u00ed a tov\u00e1ren.\u00a0Po\u017eadoval od nich vlastenectv\u00ed a hrozil jim st\u00edh\u00e1n\u00edm za korupci.<\/span><\/li>\n<li><span>Francouzsk\u00e9 ministerstvo zahrani\u010d\u00ed uvedlo, \u017ee po p\u0159evratu nezaregistrovalo \u017e\u00e1dn\u00e9 hrozby v\u016f\u010di francouzsk\u00fdm ob\u010dan\u016fm v africk\u00e9 republice.\u00a0Ji\u017e d\u0159\u00edve bylo ozn\u00e1meno, \u017ee EU nem\u00e1 v \u00famyslu evakuovat ob\u010dany sv\u00fdch zem\u00ed z Gabonu, jako tomu bylo v Nigeru.<\/span><\/li>\n<\/ul>\n<h4><span style=\"font-size: 18pt;\">Reakce na p\u0159evrat v Gabonu<\/span><\/h4>\n<ul>\n<li><span>Africk\u00e1 unie kv\u016fli p\u0159evratu pozastavila Gabonu \u00fa\u010dast v organizaci.\u00a0Hospod\u00e1\u0159sk\u00e9 spole\u010denstv\u00ed st\u0159edoafrick\u00fdch st\u00e1t\u016f (ECCAS) uspo\u0159\u00e1d\u00e1 4. z\u00e1\u0159\u00ed mimo\u0159\u00e1dn\u00e9 zased\u00e1n\u00ed o Gabonu.\u00a0ECCAS ji\u017e d\u0159\u00edve vyzval k obnoven\u00ed \u00fastavn\u00edho po\u0159\u00e1dku v zemi.<\/span><\/li>\n<li><span>N\u011bkolik zem\u00ed ji\u017e vyj\u00e1d\u0159ilo znepokojen\u00ed a odsoudilo \u010diny rebel\u016f v Gabonu.\u00a0Kamerunsk\u00e1 vl\u00e1da v p\u00e1tek vydala odpov\u00eddaj\u00edc\u00ed prohl\u00e1\u0161en\u00ed a tak\u00e9 vyzvala k imunit\u011b pro sesazen\u00e9ho prezidenta Ondimbu a jeho rodinu.<\/span><\/li>\n<li><span>P\u0159evrat v Gabonu neovlivnil \u010dinnost mezin\u00e1rodn\u00ed ropn\u00e9 spole\u010dnosti Tullow Oil, kter\u00e1 zahrnuje pr\u016fzkum, v\u00fdvoj a t\u011b\u017ebu ropy.\u00a0Celkem m\u00e1 Tullow Oil v africk\u00e9 zemi v\u00edce ne\u017e 20 ropn\u00fdch pol\u00ed.<\/span><\/li>\n<li><span>Gabon je jednou z nejbohat\u0161\u00edch zem\u00ed Afriky na ropu (ropa tvo\u0159\u00ed 70,5 procenta p\u0159\u00edjm\u016f z exportu).<\/span><\/li>\n<\/ul>\n<h4><span style=\"font-size: 18pt;\">Oslaben\u00ed z\u00e1padn\u00edho vlivu v regionu<\/span><\/h4>\n<ul>\n<li><span>Rakousk\u00fd ministr zahrani\u010d\u00ed Alexander Schallenberg pouk\u00e1zal na to, \u017ee Z\u00e1padu hroz\u00ed ztr\u00e1ta vlivu v Africe, kde je \u201ev bitv\u011b narativ\u016f s Ruskem a bitv\u011b nab\u00eddek s \u010c\u00ednou\u201c.\u00a0Upozornil, \u017ee africk\u00fd region je velmi d\u016fle\u017eit\u00fd pro stabilitu a bezpe\u010dnost Z\u00e1padu i kv\u016fli migra\u010dn\u00edmu faktoru, proto se \u010dlov\u011bk mus\u00ed nau\u010dit spolupracovat s africk\u00fdmi st\u00e1ty, \u201eani\u017e by byl arogantn\u00ed\u201c.<\/span><\/li>\n<\/ul>\n<p><em><strong>konec p\u0159ekladu<\/strong><\/em><\/p>\n<p><a href=\"https:\/\/www.anti-spiegel.ru\/2023\/was-ueber-die-lage-in-niger-und-gabun-nach-den-staatsstreichen-bekannt-ist\/\">Thomas R\u00f6per<\/a><\/p>\n<p><img decoding=\"async\" loading=\"lazy\" class=\"alignnone  wp-image-22016\" src=\"http:\/\/www.infokuryr.cz\/n\/wp-content\/uploads\/2023\/01\/Thomas-Roper-298x300.jpg\" alt=\"\" width=\"199\" height=\"200\" srcset=\"https:\/\/www.infokuryr.cz\/n\/wp-content\/uploads\/2023\/01\/Thomas-Roper-298x300.jpg 298w, https:\/\/www.infokuryr.cz\/n\/wp-content\/uploads\/2023\/01\/Thomas-Roper-150x150.jpg 150w, https:\/\/www.infokuryr.cz\/n\/wp-content\/uploads\/2023\/01\/Thomas-Roper.jpg 596w\" sizes=\"(max-width: 199px) 100vw, 199px\" \/><\/p>\n<p>&nbsp;<\/p>\n<p><img decoding=\"async\" loading=\"lazy\" class=\"wp-image-33819 aligncenter\" src=\"http:\/\/www.infokuryr.cz\/n\/wp-content\/uploads\/2023\/08\/ces1-300x157.jpg\" alt=\"\" width=\"1361\" height=\"712\" srcset=\"https:\/\/www.infokuryr.cz\/n\/wp-content\/uploads\/2023\/08\/ces1-300x157.jpg 300w, https:\/\/www.infokuryr.cz\/n\/wp-content\/uploads\/2023\/08\/ces1-1024x536.jpg 1024w, https:\/\/www.infokuryr.cz\/n\/wp-content\/uploads\/2023\/08\/ces1-768x402.jpg 768w, https:\/\/www.infokuryr.cz\/n\/wp-content\/uploads\/2023\/08\/ces1.jpg 1200w\" sizes=\"(max-width: 1361px) 100vw, 1361px\" \/><\/p>\n<p>&nbsp;<\/p>\n<p><a href=\"https:\/\/stranapro.cz\/\"><img decoding=\"async\" loading=\"lazy\" class=\"wp-image-30218 aligncenter\" src=\"http:\/\/www.infokuryr.cz\/n\/wp-content\/uploads\/2023\/06\/PRO-banner-300x36.png\" alt=\"\" width=\"1367\" height=\"164\" srcset=\"https:\/\/www.infokuryr.cz\/n\/wp-content\/uploads\/2023\/06\/PRO-banner-300x36.png 300w, https:\/\/www.infokuryr.cz\/n\/wp-content\/uploads\/2023\/06\/PRO-banner-768x93.png 768w, https:\/\/www.infokuryr.cz\/n\/wp-content\/uploads\/2023\/06\/PRO-banner.png 849w\" sizes=\"(max-width: 1367px) 100vw, 1367px\" \/><\/a><\/p>\n<p>&nbsp;<\/p>\n<p>&nbsp;<\/p>\n<p>&nbsp;<\/p>\n","protected":false},"excerpt":{"rendered":"<p>V Gabonu a Nigeru prob\u011bhly p\u0159evraty se sm\u00ed\u0161en\u00fdmi mezin\u00e1rodn\u00edmi reakcemi.\u00a0Zde ukazuji, jak\u00e1 je situace v&#8230;<\/p>\n","protected":false},"author":2,"featured_media":33523,"comment_status":"closed","ping_status":"closed","sticky":false,"template":"","format":"standard","meta":[],"categories":[7],"tags":[5806,5788,5557,365],"_links":{"self":[{"href":"https:\/\/www.infokuryr.cz\/n\/wp-json\/wp\/v2\/posts\/35374"}],"collection":[{"href":"https:\/\/www.infokuryr.cz\/n\/wp-json\/wp\/v2\/posts"}],"about":[{"href":"https:\/\/www.infokuryr.cz\/n\/wp-json\/wp\/v2\/types\/post"}],"author":[{"embeddable":true,"href":"https:\/\/www.infokuryr.cz\/n\/wp-json\/wp\/v2\/users\/2"}],"replies":[{"embeddable":true,"href":"https:\/\/www.infokuryr.cz\/n\/wp-json\/wp\/v2\/comments?post=35374"}],"version-history":[{"count":1,"href":"https:\/\/www.infokuryr.cz\/n\/wp-json\/wp\/v2\/posts\/35374\/revisions"}],"predecessor-version":[{"id":35375,"href":"https:\/\/www.infokuryr.cz\/n\/wp-json\/wp\/v2\/posts\/35374\/revisions\/35375"}],"wp:featuredmedia":[{"embeddable":true,"href":"https:\/\/www.infokuryr.cz\/n\/wp-json\/wp\/v2\/media\/33523"}],"wp:attachment":[{"href":"https:\/\/www.infokuryr.cz\/n\/wp-json\/wp\/v2\/media?parent=35374"}],"wp:term":[{"taxonomy":"category","embeddable":true,"href":"https:\/\/www.infokuryr.cz\/n\/wp-json\/wp\/v2\/categories?post=35374"},{"taxonomy":"post_tag","embeddable":true,"href":"https:\/\/www.infokuryr.cz\/n\/wp-json\/wp\/v2\/tags?post=35374"}],"curies":[{"name":"wp","href":"https:\/\/api.w.org\/{rel}","templated":true}]}}