{"id":35337,"date":"2023-09-02T01:05:43","date_gmt":"2023-09-01T23:05:43","guid":{"rendered":"http:\/\/www.infokuryr.cz\/n\/?p=35337"},"modified":"2023-09-01T15:59:48","modified_gmt":"2023-09-01T13:59:48","slug":"prezident-pavel-oznacil-byvaleho-prezidenta-usa-donalda-trumpa-za-odpudivou-lidskou-bytost","status":"publish","type":"post","link":"https:\/\/www.infokuryr.cz\/n\/2023\/09\/02\/prezident-pavel-oznacil-byvaleho-prezidenta-usa-donalda-trumpa-za-odpudivou-lidskou-bytost\/","title":{"rendered":"Prezident Pavel ozna\u010dil b\u00fdval\u00e9ho prezidenta USA Donalda Trumpa za odpudivou lidskou bytost"},"content":{"rendered":"<div id=\"fb-root\"><\/div>\n<p><strong>Prezident Pavel ozna\u010dil b\u00fdval\u00e9ho prezidenta USA Donalda Trumpa za odpudivou lidskou bytost. Trump je nyn\u00ed z\u00e1rove\u0148 hlavn\u00edm favoritem republik\u00e1n\u016f na p\u0159\u00ed\u0161t\u00edho prezidenta. Co k tomu \u0159\u00edct? Pokud se Donald Trump stane op\u011bt prezidentem USA, tak pan Pavel sv\u016fj v\u00fdrok asi ozna\u010d\u00ed za dal\u0161\u00ed ze sv\u00fdch mladick\u00fdch nerozv\u00e1\u017enost\u00ed a bude tvrdit, \u017ee Donalda Trumpa vlastn\u011b v\u017edy, a to i p\u0159ed rokem 1989, podporoval, a \u017ee mu dokonce jednou u Zeln\u00ed\u010dk\u016f ve Zl\u00edn\u011b v\u00e1zal kravatu.<\/strong><\/p>\n<p>&nbsp;<\/p>\n<p><iframe loading=\"lazy\" src=\"https:\/\/www.facebook.com\/plugins\/video.php?height=476&amp;href=https%3A%2F%2Fwww.facebook.com%2Ftomio.cz%2Fvideos%2F319122330596517%2F&amp;show_text=false&amp;width=267&amp;t=0\" width=\"267\" height=\"476\" frameborder=\"0\" scrolling=\"no\" allowfullscreen=\"allowfullscreen\" data-mce-fragment=\"1\"><\/iframe><\/p>\n<p class=\"dpsp-share-text \">Tomio Okamura \u2013 s\u00edt\u011b<\/p>\n<p>&nbsp;<\/p>\n<p><img decoding=\"async\" loading=\"lazy\" class=\"wp-image-33819 aligncenter\" src=\"http:\/\/www.infokuryr.cz\/n\/wp-content\/uploads\/2023\/08\/ces1-300x157.jpg\" alt=\"\" width=\"1357\" height=\"710\" srcset=\"https:\/\/www.infokuryr.cz\/n\/wp-content\/uploads\/2023\/08\/ces1-300x157.jpg 300w, https:\/\/www.infokuryr.cz\/n\/wp-content\/uploads\/2023\/08\/ces1-1024x536.jpg 1024w, https:\/\/www.infokuryr.cz\/n\/wp-content\/uploads\/2023\/08\/ces1-768x402.jpg 768w, https:\/\/www.infokuryr.cz\/n\/wp-content\/uploads\/2023\/08\/ces1.jpg 1200w\" sizes=\"(max-width: 1357px) 100vw, 1357px\" \/><\/p>\n<p>&nbsp;<\/p>\n<p><a href=\"https:\/\/stranapro.cz\/\"><img decoding=\"async\" loading=\"lazy\" class=\"wp-image-30218 aligncenter\" src=\"http:\/\/www.infokuryr.cz\/n\/wp-content\/uploads\/2023\/06\/PRO-banner-300x36.png\" alt=\"\" width=\"1358\" height=\"163\" srcset=\"https:\/\/www.infokuryr.cz\/n\/wp-content\/uploads\/2023\/06\/PRO-banner-300x36.png 300w, https:\/\/www.infokuryr.cz\/n\/wp-content\/uploads\/2023\/06\/PRO-banner-768x93.png 768w, https:\/\/www.infokuryr.cz\/n\/wp-content\/uploads\/2023\/06\/PRO-banner.png 849w\" sizes=\"(max-width: 1358px) 100vw, 1358px\" \/><\/a><\/p>\n<p>&nbsp;<\/p>\n<p>&nbsp;<\/p>\n<p>&nbsp;<\/p>\n","protected":false},"excerpt":{"rendered":"<p>Prezident Pavel ozna\u010dil b\u00fdval\u00e9ho prezidenta USA Donalda Trumpa za odpudivou lidskou bytost. Trump je nyn\u00ed&#8230;<\/p>\n","protected":false},"author":2,"featured_media":35338,"comment_status":"closed","ping_status":"closed","sticky":false,"template":"","format":"standard","meta":[],"categories":[6],"tags":[1352,1173,5802,889],"_links":{"self":[{"href":"https:\/\/www.infokuryr.cz\/n\/wp-json\/wp\/v2\/posts\/35337"}],"collection":[{"href":"https:\/\/www.infokuryr.cz\/n\/wp-json\/wp\/v2\/posts"}],"about":[{"href":"https:\/\/www.infokuryr.cz\/n\/wp-json\/wp\/v2\/types\/post"}],"author":[{"embeddable":true,"href":"https:\/\/www.infokuryr.cz\/n\/wp-json\/wp\/v2\/users\/2"}],"replies":[{"embeddable":true,"href":"https:\/\/www.infokuryr.cz\/n\/wp-json\/wp\/v2\/comments?post=35337"}],"version-history":[{"count":1,"href":"https:\/\/www.infokuryr.cz\/n\/wp-json\/wp\/v2\/posts\/35337\/revisions"}],"predecessor-version":[{"id":35340,"href":"https:\/\/www.infokuryr.cz\/n\/wp-json\/wp\/v2\/posts\/35337\/revisions\/35340"}],"wp:featuredmedia":[{"embeddable":true,"href":"https:\/\/www.infokuryr.cz\/n\/wp-json\/wp\/v2\/media\/35338"}],"wp:attachment":[{"href":"https:\/\/www.infokuryr.cz\/n\/wp-json\/wp\/v2\/media?parent=35337"}],"wp:term":[{"taxonomy":"category","embeddable":true,"href":"https:\/\/www.infokuryr.cz\/n\/wp-json\/wp\/v2\/categories?post=35337"},{"taxonomy":"post_tag","embeddable":true,"href":"https:\/\/www.infokuryr.cz\/n\/wp-json\/wp\/v2\/tags?post=35337"}],"curies":[{"name":"wp","href":"https:\/\/api.w.org\/{rel}","templated":true}]}}