{"id":35320,"date":"2023-09-02T01:09:57","date_gmt":"2023-09-01T23:09:57","guid":{"rendered":"http:\/\/www.infokuryr.cz\/n\/?p=35320"},"modified":"2023-09-01T15:14:47","modified_gmt":"2023-09-01T13:14:47","slug":"nizozemska-rodina-ohrozena-ztratou-deti-najde-azyl-v-polsku","status":"publish","type":"post","link":"https:\/\/www.infokuryr.cz\/n\/2023\/09\/02\/nizozemska-rodina-ohrozena-ztratou-deti-najde-azyl-v-polsku\/","title":{"rendered":"Nizozemsk\u00e1 rodina ohro\u017een\u00e1 ztr\u00e1tou d\u011bt\u00ed najde azyl v Polsku"},"content":{"rendered":"<div id=\"fb-root\"><\/div>\n<p><span style=\"font-size: 18pt;\"><strong>Dr. Leonard Hermans a jeho man\u017eelka byli odsouzeni do v\u011bzen\u00ed za \u00fanos sv\u00fdch d\u011bt\u00ed pot\u00e9, co uprchli z Nizozemska kv\u016fli fale\u0161n\u00fdm tvrzen\u00edm o zanedb\u00e1v\u00e1n\u00ed d\u011bt\u00ed<\/strong><\/span><\/p>\n<p><span>Nizozemsk\u00fd l\u00e9ka\u0159 a jeho man\u017eelka, kte\u0159\u00ed se domn\u00edvaj\u00ed, \u017ee se stali ob\u011bt\u00ed zlomysln\u00fdch f\u00e1m o zanedb\u00e1v\u00e1n\u00ed d\u011bt\u00ed, na\u0161li bezpe\u010dn\u00fd p\u0159\u00edstav v Polsku pot\u00e9, co nizozemsk\u00e9 a belgick\u00e9 \u00fa\u0159ady pohrozily odebr\u00e1n\u00edm \u010dty\u0159 jejich d\u011bt\u00ed.<\/span><\/p>\n<p><span>Polsk\u00fd soud zru\u0161il evropsk\u00fd zat\u00fdkac\u00ed rozkaz vydan\u00fd na Dr. Leonarda Hermanse belgickou polici\u00ed.\u00a0Na rozd\u00edl od \u00fa\u0159edn\u00edk\u016f v Nizozemsku a Belgii Polsko nevid\u011blo \u017e\u00e1dn\u00e9 d\u016fvody pro p\u0159ed\u00e1n\u00ed d\u011bt\u00ed nizozemsk\u00fdm \u00fa\u0159ad\u016fm a zat\u010den\u00ed jejich otce.<\/span><\/p>\n<p><span>Rodina\u00a0<\/span><a class=\"ek-link\" href=\"https:\/\/rmx.news\/article\/polish-court-protects-dutch-family-who-fled-the-netherlands-with-their-autistic-son\/\"><span>na\u0161la \u00fato\u010di\u0161t\u011b v Polsku<\/span><\/a><span>\u00a0a jejich p\u0159\u00edpad byl p\u0159edm\u011btem tiskov\u00e9 konference na polsk\u00e9m ministerstvu spravedlnosti.\u00a0Leonard Hermans na konferenci \u0159ekl, \u017ee Polsko je zem\u00ed, kter\u00e1 nezasahuje do \u017eivota b\u011b\u017en\u00fdch \u0161\u0165astn\u00fdch rodin.\u00a0<\/span><\/p>\n<p><span>N\u00e1m\u011bstek ministra spravedlnosti\u00a0<\/span><a class=\"ek-link\" href=\"https:\/\/rmx.news\/article\/polish-minister-who-criticized-black-eyed-peas-pro-lgbt-performance-on-new-years-eve-threatened-with-expulsion-from-university-of-warsaw\/\"><span>Marcin Warcho\u0142<\/span><\/a><span>\u00a0uvedl, \u017ee p\u0159\u00edpad je dal\u0161\u00edm d\u016fkazem toho, \u017ee Polsko je zem\u00ed, kter\u00e1 bere rodinnou politiku v\u00e1\u017en\u011b a chr\u00e1n\u00ed ji.\u00a0Zasahuje proti skute\u010dn\u00e9mu zneu\u017e\u00edv\u00e1n\u00ed, ale neodeb\u00edr\u00e1 d\u011bti jejich rodi\u010d\u016fm na z\u00e1klad\u011b fale\u0161n\u00fdch nebo anonymn\u00edch tvrzen\u00ed ani kv\u016fli finan\u010dn\u00edm probl\u00e9m\u016fm, kter\u00fdm m\u016f\u017ee rodina \u010delit.\u00a0<\/span><\/p>\n<div id=\"taboola-mid-article-thumbnails\" class=\" trc_related_container trc_spotlight_widget trc_elastic trc_elastic_thumbnails-mid \" data-placement-name=\"Mid Article Thumbnails\">\n<div class=\"trc_rbox_container\">\n<div>\n<div id=\"trc_wrapper_16829\" class=\"trc_rbox thumbnails-mid trc-content-sponsored \">\n<div id=\"trc_header_16829\" class=\"trc_rbox_header trc_rbox_border_elm\">\n<div class=\"trc_header_ext\"><\/div>\n<\/div>\n<div id=\"outer_16829\" class=\"trc_rbox_outer\">\n<div id=\"rbox-t2m\" class=\"trc_rbox_div trc_rbox_border_elm\">\n<div id=\"internal_trc_16829\">\n<div class=\"videoCube trc_spotlight_item origin-default thumbnail_top syndicatedItem photoItem videoCube_2_child trc_excludable \" data-item-id=\"~~V1~~-7239925660631528645~~ShnxiP0BJvsAq2wQkE6ZWC2C_-sISZ85mhiZfdpZS499_9IWyVTZYEw3zPc60dwzHu_TYvngZ3fIkOCpr71_kD7VbyU9qGbFCk3G1JTsLXw2xpTkPbIDhTdJmLFByp_ORYvwhlmlPaLfzDwwrBcHiLJqWWngv5uBYIdDZkoVts48AcG1c6seag0AI_rH09A5RciOyCkqT0Kz6ww4w03d1g\" data-item-title=\"Greta Thunberg&amp;#39;s Car Shocks The World, Proof In Pictures\" data-item-thumb=\"http:\/\/cdn.taboola.com\/libtrc\/static\/thumbnails\/5ec38294ff89b2de6221e64dca796acb.jpg\" data-item-syndicated=\"true\">\n<div class=\" trc_undo_btn \"><img decoding=\"async\" loading=\"lazy\" class=\"wp-image-33819 aligncenter\" src=\"http:\/\/www.infokuryr.cz\/n\/wp-content\/uploads\/2023\/08\/ces1-300x157.jpg\" alt=\"\" width=\"1359\" height=\"711\" srcset=\"https:\/\/www.infokuryr.cz\/n\/wp-content\/uploads\/2023\/08\/ces1-300x157.jpg 300w, https:\/\/www.infokuryr.cz\/n\/wp-content\/uploads\/2023\/08\/ces1-1024x536.jpg 1024w, https:\/\/www.infokuryr.cz\/n\/wp-content\/uploads\/2023\/08\/ces1-768x402.jpg 768w, https:\/\/www.infokuryr.cz\/n\/wp-content\/uploads\/2023\/08\/ces1.jpg 1200w\" sizes=\"(max-width: 1359px) 100vw, 1359px\" \/><\/div>\n<\/div>\n<\/div>\n<\/div>\n<\/div>\n<\/div>\n<\/div>\n<\/div>\n<\/div>\n<p><span>Hermans pod\u011bkoval polsk\u00fdm \u00fa\u0159ad\u016fm za jejich postoj a \u0159ekl, \u017ee on a jeho rodina by r\u00e1di z\u016fstali v Polsku.\u00a0Poznamenal, \u017ee Nizozemsko je zem\u00ed, kter\u00e1 \u010dasto obvi\u0148uje Polsko z poru\u0161ov\u00e1n\u00ed z\u00e1sad pr\u00e1vn\u00edho st\u00e1tu, kdy\u017e je to pr\u00e1v\u011b Nizozemsko, kter\u00e9 bezohledn\u011b a vytrvale poru\u0161uje pr\u00e1va ob\u010dan\u016f a rozb\u00edj\u00ed rodiny.<\/span><\/p>\n<p><span>Leonard Hermans je optik a jeho man\u017eelka je pr\u00e1vni\u010dka.\u00a0Podnikaj\u00ed v oblasti nemovitost\u00ed a maj\u00ed \u010dty\u0159i d\u011bti ve v\u011bku od 7 do 15 let. Sestra Dr. Hermana se dostala do konfliktu se sv\u00fdmi sourozenci kv\u016fli rodinn\u00e9mu d\u011bdictv\u00ed a v odvet\u011b informovala o man\u017eelce Dr. Hermana Veilig Organizace Thuis, nizozemsk\u00e1 obdoba n\u011bmeck\u00e9ho \u00fa\u0159adu pro p\u00e9\u010di o d\u011bti\u00a0<\/span><a class=\"ek-link\" href=\"https:\/\/rmx.news\/article\/ep-criticizes-german-jugendamt\/\"><span>Jugendamt<\/span><\/a><span>\u00a0, tvrd\u00edc\u00ed zanedb\u00e1v\u00e1n\u00ed d\u011bt\u00ed.\u00a0Rodi\u010de nem\u011bli p\u0159\u00edstup ke spis\u016fm p\u0159\u00edpadu, ale \u00fa\u0159ady rozhodly o um\u00edst\u011bn\u00ed d\u011bt\u00ed do p\u011bstounsk\u00e9 p\u00e9\u010de.\u00a0<\/span><\/p>\n<p><span>Rodina emigrovala do N\u011bmecka, ale byla vyp\u00e1tr\u00e1na belgick\u00fdmi \u00fa\u0159ady.\u00a0Po obdr\u017een\u00ed soudn\u00edho p\u0159\u00edkazu otec s rodinou uprchl do Polska.\u00a0Rodi\u010de byli pot\u00e9 souzeni v nep\u0159\u00edtomnosti a odsouzeni ke 4 let\u016fm v\u011bzen\u00ed za \u00fanos jejich d\u011bt\u00ed.\u00a0<\/span><\/p>\n<p><span>Polsk\u00fd soud upustil od evropsk\u00e9ho zat\u00fdkac\u00edho rozkazu, kter\u00fd na nizozemsk\u00e9ho l\u00e9ka\u0159e vydala Belgie.\u00a0Zam\u00edtl d\u016fkazy poskytnut\u00e9 belgick\u00fdmi \u00fa\u0159ady a umo\u017enil rodin\u011b z\u016fstat v Polsku.\u00a0<\/span><\/p>\n<p><img decoding=\"async\" loading=\"lazy\" class=\"alignnone size-full wp-image-1185\" src=\"http:\/\/www.infokuryr.cz\/n\/wp-content\/uploads\/2021\/04\/kuryr-podpis.png\" alt=\"\" width=\"84\" height=\"24\" \/><\/p>\n<p>&nbsp;<\/p>\n<p><a href=\"https:\/\/stranapro.cz\/\"><img decoding=\"async\" loading=\"lazy\" class=\"wp-image-30218 aligncenter\" src=\"http:\/\/www.infokuryr.cz\/n\/wp-content\/uploads\/2023\/06\/PRO-banner-300x36.png\" alt=\"\" width=\"1375\" height=\"165\" srcset=\"https:\/\/www.infokuryr.cz\/n\/wp-content\/uploads\/2023\/06\/PRO-banner-300x36.png 300w, https:\/\/www.infokuryr.cz\/n\/wp-content\/uploads\/2023\/06\/PRO-banner-768x93.png 768w, https:\/\/www.infokuryr.cz\/n\/wp-content\/uploads\/2023\/06\/PRO-banner.png 849w\" sizes=\"(max-width: 1375px) 100vw, 1375px\" \/><\/a><\/p>\n<p>&nbsp;<\/p>\n<p>&nbsp;<\/p>\n<p>&nbsp;<\/p>\n","protected":false},"excerpt":{"rendered":"<p>Dr. Leonard Hermans a jeho man\u017eelka byli odsouzeni do v\u011bzen\u00ed za \u00fanos sv\u00fdch d\u011bt\u00ed pot\u00e9,&#8230;<\/p>\n","protected":false},"author":2,"featured_media":35321,"comment_status":"closed","ping_status":"closed","sticky":false,"template":"","format":"standard","meta":[],"categories":[7],"tags":[1033,5800,31,205],"_links":{"self":[{"href":"https:\/\/www.infokuryr.cz\/n\/wp-json\/wp\/v2\/posts\/35320"}],"collection":[{"href":"https:\/\/www.infokuryr.cz\/n\/wp-json\/wp\/v2\/posts"}],"about":[{"href":"https:\/\/www.infokuryr.cz\/n\/wp-json\/wp\/v2\/types\/post"}],"author":[{"embeddable":true,"href":"https:\/\/www.infokuryr.cz\/n\/wp-json\/wp\/v2\/users\/2"}],"replies":[{"embeddable":true,"href":"https:\/\/www.infokuryr.cz\/n\/wp-json\/wp\/v2\/comments?post=35320"}],"version-history":[{"count":0,"href":"https:\/\/www.infokuryr.cz\/n\/wp-json\/wp\/v2\/posts\/35320\/revisions"}],"wp:featuredmedia":[{"embeddable":true,"href":"https:\/\/www.infokuryr.cz\/n\/wp-json\/wp\/v2\/media\/35321"}],"wp:attachment":[{"href":"https:\/\/www.infokuryr.cz\/n\/wp-json\/wp\/v2\/media?parent=35320"}],"wp:term":[{"taxonomy":"category","embeddable":true,"href":"https:\/\/www.infokuryr.cz\/n\/wp-json\/wp\/v2\/categories?post=35320"},{"taxonomy":"post_tag","embeddable":true,"href":"https:\/\/www.infokuryr.cz\/n\/wp-json\/wp\/v2\/tags?post=35320"}],"curies":[{"name":"wp","href":"https:\/\/api.w.org\/{rel}","templated":true}]}}