{"id":35317,"date":"2023-09-02T01:08:43","date_gmt":"2023-09-01T23:08:43","guid":{"rendered":"http:\/\/www.infokuryr.cz\/n\/?p=35317"},"modified":"2023-09-01T15:10:58","modified_gmt":"2023-09-01T13:10:58","slug":"americka-nadace-financuje-proopozicni-nevladni-organizace-aby-ovlivnily-volby-v-cele-evrope-tvrdi-polsky-zpravodajsky-server","status":"publish","type":"post","link":"https:\/\/www.infokuryr.cz\/n\/2023\/09\/02\/americka-nadace-financuje-proopozicni-nevladni-organizace-aby-ovlivnily-volby-v-cele-evrope-tvrdi-polsky-zpravodajsky-server\/","title":{"rendered":"Americk\u00e1 nadace financuje proopozi\u010dn\u00ed nevl\u00e1dn\u00ed organizace, aby ovlivnily volby v cel\u00e9 Evrop\u011b, tvrd\u00ed polsk\u00fd zpravodajsk\u00fd server"},"content":{"rendered":"<div id=\"fb-root\"><\/div>\n<p><span style=\"font-size: 18pt;\"><strong>Nadace Action For Democracy byla obvin\u011bna z pokusu ovlivnit v\u00fdsledky voleb v Ma\u010farsku, It\u00e1lii a nyn\u00ed v Polsku<\/strong><\/span><\/p>\n<p><span>Nadace Action For Democracy se s\u00eddlem v USA financuje organizace, jako je radik\u00e1ln\u00ed pro-potratov\u00e1\u00a0<\/span><a class=\"ek-link\" href=\"https:\/\/rmx.news\/poland\/polish-opposition-liberals-to-support-abortion-on-demand\/\"><span>Women&#8217;s Strike<\/span><\/a><span>\u00a0a n\u011bkolik skupin protivl\u00e1dn\u00edch kampan\u00ed v Polsku, zjistila investigativn\u00ed zpr\u00e1va zpravodajsk\u00e9ho webu wPolityce.pl.<\/span><\/p>\n<p><span>Nadace tvrd\u00ed, \u017ee antidemokratick\u00e9 s\u00edly vytvo\u0159ily skupinu pro v\u00fdm\u011bnu n\u00e1zor\u016f na represi a korupci ohro\u017euj\u00edc\u00ed svobodu.\u00a0Vyz\u00fdv\u00e1 k \u00fastupu od populismu a nacionalismu prost\u0159ednictv\u00edm aktivizace ob\u010dan\u016f.\u00a0Mezi \u010dleny spr\u00e1vn\u00ed rady nadace pat\u0159\u00ed prof. Timothy Garton Ash z Oxfordsk\u00e9 univerzity, gener\u00e1l Wesley Clark, kter\u00fd byl vel\u00edc\u00edm d\u016fstojn\u00edkem NATO, a Francis Fukuyama.\u00a0<\/span><\/p>\n<p><span>Dvan\u00e1ct polsk\u00fdch organizac\u00ed z\u00edskalo finan\u010dn\u00ed prost\u0159edky v Polsku, kter\u00e9 nadace pova\u017euje za \u201eboji\u0161t\u011b\u201c.\u00a0Financovali organizace, o kter\u00fdch tvrd\u00ed, \u017ee podporuj\u00ed \u00fa\u010dast na demokracii, podporuj\u00ed svobodn\u00e9 a spravedliv\u00e9 volby a zapojuj\u00ed se do \u201eboje proti nen\u00e1visti a vylou\u010den\u00ed\u201c.\u00a0<\/span><\/p>\n<p><img decoding=\"async\" loading=\"lazy\" class=\"wp-image-33819 aligncenter\" src=\"http:\/\/www.infokuryr.cz\/n\/wp-content\/uploads\/2023\/08\/ces1-300x157.jpg\" alt=\"\" width=\"1376\" height=\"720\" srcset=\"https:\/\/www.infokuryr.cz\/n\/wp-content\/uploads\/2023\/08\/ces1-300x157.jpg 300w, https:\/\/www.infokuryr.cz\/n\/wp-content\/uploads\/2023\/08\/ces1-1024x536.jpg 1024w, https:\/\/www.infokuryr.cz\/n\/wp-content\/uploads\/2023\/08\/ces1-768x402.jpg 768w, https:\/\/www.infokuryr.cz\/n\/wp-content\/uploads\/2023\/08\/ces1.jpg 1200w\" sizes=\"(max-width: 1376px) 100vw, 1376px\" \/><\/p>\n<p><span>Informace o v\u00fd\u0161i poskytnut\u00fdch pen\u011bz je n\u00e1padn\u00e1 t\u00edm, \u017ee chyb\u00ed.\u00a0Nejsou poskytnuty \u017e\u00e1dn\u00e9 \u00fadaje t\u00fdkaj\u00edc\u00ed se jednotliv\u00fdch grant\u016f nebo celkov\u00e9 \u010d\u00e1stky pl\u00e1novan\u00e9 pro Polsko.\u00a0Nadace tvrd\u00ed, \u017ee je v procesu vyjedn\u00e1v\u00e1n\u00ed o \u010d\u00e1stk\u00e1ch, p\u0159i\u010dem\u017e polsk\u00e9 organizace, kter\u00e9 dost\u00e1vaj\u00ed podporu, tak\u00e9 odm\u00edtly takov\u00e9 informace sd\u011blit, co\u017e vedlo k ot\u00e1zk\u00e1m o jejich transparentnosti.\u00a0\u00a0<\/span><\/p>\n<p><span>Rozsah anga\u017eovanosti nadace sledovala ma\u010farsk\u00e1 a italsk\u00e1 m\u00e9dia, zem\u011b, kde Action For Democracy v ned\u00e1vn\u00fdch volb\u00e1ch tak\u00e9 p\u016fsobila.\u00a0V Ma\u010farsku m\u00e9dia odhaduj\u00ed, \u017ee podpora se mohla pohybovat v \u0159\u00e1du n\u011bkolika milion\u016f eur.\u00a0Zpravodajsk\u00fd web O Ma\u010farsku odhalil, \u017ee zpr\u00e1va ma\u010farsk\u00fdch tajn\u00fdch slu\u017eeb uk\u00e1zala, \u017ee opozi\u010dn\u00ed kandid\u00e1t na premi\u00e9ra\u00a0<\/span><a class=\"ek-link\" href=\"https:\/\/rmx.news\/article\/election-interference-hungarys-left-wing-opposition-received-huge-sums-of-secret-money-from-us-and-switzerland\/\"><span>Peter Marki-Zay<\/span><\/a><span>\u00a0z\u00edskal finan\u010dn\u00ed prost\u0159edky od nadace a obvinil ji z nez\u00e1konn\u00e9ho financov\u00e1n\u00ed volebn\u00edch kampan\u00ed.\u00a0<\/span><\/p>\n<p><span>Hungary Today cituje zji\u0161t\u011bn\u00ed ma\u010farsk\u00e9ho listu Magyar Nemzet, kter\u00fd tvrdil, \u017ee Action For Democracy financoval nejm\u00e9n\u011b p\u011bt italsk\u00fdch organizac\u00ed, v\u010detn\u011b Progressive Acts, kter\u00e1 se specializuje na digit\u00e1ln\u00ed kampan\u011b pro levicov\u00e9 strany, jako je Demokratick\u00e1 strana v It\u00e1lii.\u00a0<\/span><\/p>\n<p><span>Americk\u00e1 nadace tato obvin\u011bn\u00ed odm\u00edt\u00e1 a tvrd\u00ed, \u017ee podporuje pouze organizace ob\u010dansk\u00e9 spole\u010dnosti, kter\u00e9 podporuj\u00ed rozvoj demokracie.\u00a0Politick\u00fd aktivismus je v\u0161ak ur\u010duj\u00edc\u00edm rysem mnoha nevl\u00e1dn\u00edch organizac\u00ed financovan\u00fdch americko-ma\u010farsk\u00fdm miliard\u00e1\u0159em Georgem Sorosem.\u00a0V Polsku skupiny tak\u00e9 z\u00edskaly finan\u010dn\u00ed prost\u0159edky od ve\u0159ejn\u00fdch org\u00e1n\u016f, jako jsou Norsk\u00e9 granty.\u00a0<\/span><\/p>\n<p><span>Maj\u00ed na to pr\u00e1vo, ale pro\u010d p\u0159edst\u00edrat, \u017ee tyto organizace a jejich sponzori nejsou zapojeni do stranick\u00e9 politiky?<\/span><\/p>\n<p><img decoding=\"async\" loading=\"lazy\" class=\"alignnone size-full wp-image-1185\" src=\"http:\/\/www.infokuryr.cz\/n\/wp-content\/uploads\/2021\/04\/kuryr-podpis.png\" alt=\"\" width=\"84\" height=\"24\" \/><\/p>\n<p>&nbsp;<\/p>\n<p><a href=\"https:\/\/stranapro.cz\/\"><img decoding=\"async\" loading=\"lazy\" class=\"wp-image-30218 aligncenter\" src=\"http:\/\/www.infokuryr.cz\/n\/wp-content\/uploads\/2023\/06\/PRO-banner-300x36.png\" alt=\"\" width=\"1375\" height=\"165\" srcset=\"https:\/\/www.infokuryr.cz\/n\/wp-content\/uploads\/2023\/06\/PRO-banner-300x36.png 300w, https:\/\/www.infokuryr.cz\/n\/wp-content\/uploads\/2023\/06\/PRO-banner-768x93.png 768w, https:\/\/www.infokuryr.cz\/n\/wp-content\/uploads\/2023\/06\/PRO-banner.png 849w\" sizes=\"(max-width: 1375px) 100vw, 1375px\" \/><\/a><\/p>\n<p>&nbsp;<\/p>\n<p>&nbsp;<\/p>\n<p>&nbsp;<\/p>\n","protected":false},"excerpt":{"rendered":"<p>Nadace Action For Democracy byla obvin\u011bna z pokusu ovlivnit v\u00fdsledky voleb v Ma\u010farsku, It\u00e1lii a&#8230;<\/p>\n","protected":false},"author":2,"featured_media":35318,"comment_status":"closed","ping_status":"closed","sticky":false,"template":"","format":"standard","meta":[],"categories":[7],"tags":[1766,5799,27],"_links":{"self":[{"href":"https:\/\/www.infokuryr.cz\/n\/wp-json\/wp\/v2\/posts\/35317"}],"collection":[{"href":"https:\/\/www.infokuryr.cz\/n\/wp-json\/wp\/v2\/posts"}],"about":[{"href":"https:\/\/www.infokuryr.cz\/n\/wp-json\/wp\/v2\/types\/post"}],"author":[{"embeddable":true,"href":"https:\/\/www.infokuryr.cz\/n\/wp-json\/wp\/v2\/users\/2"}],"replies":[{"embeddable":true,"href":"https:\/\/www.infokuryr.cz\/n\/wp-json\/wp\/v2\/comments?post=35317"}],"version-history":[{"count":1,"href":"https:\/\/www.infokuryr.cz\/n\/wp-json\/wp\/v2\/posts\/35317\/revisions"}],"predecessor-version":[{"id":35319,"href":"https:\/\/www.infokuryr.cz\/n\/wp-json\/wp\/v2\/posts\/35317\/revisions\/35319"}],"wp:featuredmedia":[{"embeddable":true,"href":"https:\/\/www.infokuryr.cz\/n\/wp-json\/wp\/v2\/media\/35318"}],"wp:attachment":[{"href":"https:\/\/www.infokuryr.cz\/n\/wp-json\/wp\/v2\/media?parent=35317"}],"wp:term":[{"taxonomy":"category","embeddable":true,"href":"https:\/\/www.infokuryr.cz\/n\/wp-json\/wp\/v2\/categories?post=35317"},{"taxonomy":"post_tag","embeddable":true,"href":"https:\/\/www.infokuryr.cz\/n\/wp-json\/wp\/v2\/tags?post=35317"}],"curies":[{"name":"wp","href":"https:\/\/api.w.org\/{rel}","templated":true}]}}