{"id":35315,"date":"2023-09-02T01:07:30","date_gmt":"2023-09-01T23:07:30","guid":{"rendered":"http:\/\/www.infokuryr.cz\/n\/?p=35315"},"modified":"2023-09-01T15:05:20","modified_gmt":"2023-09-01T13:05:20","slug":"rusko-pozaduje-od-usa-navraceni-ukradeneho-diplomatickeho-majetku","status":"publish","type":"post","link":"https:\/\/www.infokuryr.cz\/n\/2023\/09\/02\/rusko-pozaduje-od-usa-navraceni-ukradeneho-diplomatickeho-majetku\/","title":{"rendered":"Rusko po\u017eaduje od USA navr\u00e1cen\u00ed \u201eukraden\u00e9ho diplomatick\u00e9ho majetku\u201c"},"content":{"rendered":"<div id=\"fb-root\"><\/div>\n<p><strong>USA nyn\u00ed po\u017e\u00e1dal rusk\u00fd velvyslanec v USA Anatolij Antonov, aby vr\u00e1tily \u201eukraden\u00fd rusk\u00fd diplomatick\u00fd majetek\u201c.<\/strong><\/p>\n<p><span>Vysok\u00fd rusk\u00fd diplomat se zm\u00ednil o \u201enep\u0159\u00e1telsk\u00e9m p\u0159evzet\u00ed\u201c v roce 2017.<\/span><\/p>\n<p><span style=\"font-size: 18pt;\"><strong>Majetky mus\u00ed b\u00fdt vr\u00e1ceny<\/strong><\/span><\/p>\n<p><span>Podle rusk\u00e9ho velvyslance ve Washingtonu Anatolije Antonova by USA m\u011bly ukon\u010dit \u201ebakchan\u00e1lie\u201c s majetkem diplomatick\u00fdch mis\u00ed na sv\u00e9m \u00fazem\u00ed a vr\u00e1tit takov\u00e9 \u201eukraden\u00e9 p\u0159edm\u011bty\u201c do Moskvy.<\/span><\/p>\n<p><span>Tiskov\u00e1 slu\u017eba rusk\u00e9 diplomatick\u00e9 mise citovala diplomata, kter\u00fd \u0159ekl: &#8222;Po\u017eadujeme, aby Washington zastavil bakchan\u00e1lie, dodr\u017eoval mezin\u00e1rodn\u00ed z\u00e1vazky a vr\u00e1til ka\u017edou jednotlivou polo\u017eku diplomatick\u00e9ho majetku ukradenou n\u00e1m ve Spojen\u00fdch st\u00e1tech.&#8220;<\/span><\/p>\n<p><span>Antonov p\u0159ipomn\u011bl, \u017ee v roce 2017 USA prost\u0159ednictv\u00edm \u201enep\u0159\u00e1telsk\u00e9ho p\u0159evzet\u00ed\u201c zabavily rusk\u00e9 misi \u0159adu suver\u00e9nn\u00edch nemovitost\u00ed a zru\u0161ily v\u016f\u010di nim diplomatickou imunitu.<\/span><\/p>\n<p><span>Pot\u00e9 rusk\u00e1 ambas\u00e1da pravideln\u011b kontaktovala americk\u00e9 ministerstvo zahrani\u010d\u00ed, aby v\u011bc objasnila, ale v\u017edy narazila na odm\u00edtnut\u00ed.<\/span><\/p>\n<p><span>Antonov zd\u016fraznil, \u017ee \u201eje n\u00e1m cynicky \u0159e\u010deno, \u017ee podle dokument\u016f nebylo Rusko zbaveno vlastnictv\u00ed objekt\u016f.\u00a0Pouze jste &#8222;zak\u00e1zali jejich pou\u017eit\u00ed&#8220;.\u00a0Jde o pseudolegitimn\u00ed pokus \u017eonglovat se z\u00e1kladn\u00edmi pr\u00e1vn\u00edmi pojmy.\u201c<\/span><\/p>\n<p><span>Takov\u00e9 kroky by m\u011bly b\u00fdt pova\u017eov\u00e1ny za poru\u0161en\u00ed mezin\u00e1rodn\u00edch z\u00e1vazk\u016f a dom\u00e1c\u00edch z\u00e1kon\u016f zaru\u010duj\u00edc\u00edch nedotknutelnost soukrom\u00e9ho vlastnictv\u00ed, stejn\u011b jako za ma\u0159en\u00ed USA v diplomatick\u00e9 pr\u00e1ci rusk\u00fdch mis\u00ed, uvedl diplomat.<\/span><\/p>\n<p><span>Antonov d\u00e1le zd\u016fraznil, \u017ee a\u010dkoli k v\u00fd\u0161e uveden\u00fdm akc\u00edm do\u0161lo pod z\u00e1minkou \u00fadajn\u00e9ho rusk\u00e9ho vm\u011b\u0161ov\u00e1n\u00ed do americk\u00fdch voleb, nikdy nebyly zvr\u00e1ceny. I kdy\u017e byla tvrzen\u00ed USA odhalena a uk\u00e1zala se jako nepravdiv\u00e1, USA nejednaly ve v\u011bci n\u00e1vratu\u00a0majetku.<\/span><\/p>\n<p><img decoding=\"async\" loading=\"lazy\" class=\"alignnone size-full wp-image-1185\" src=\"http:\/\/www.infokuryr.cz\/n\/wp-content\/uploads\/2021\/04\/kuryr-podpis.png\" alt=\"\" width=\"84\" height=\"24\" \/><\/p>\n<p>&nbsp;<\/p>\n<p><img decoding=\"async\" loading=\"lazy\" class=\"wp-image-33819 aligncenter\" src=\"http:\/\/www.infokuryr.cz\/n\/wp-content\/uploads\/2023\/08\/ces1-300x157.jpg\" alt=\"\" width=\"1362\" height=\"713\" srcset=\"https:\/\/www.infokuryr.cz\/n\/wp-content\/uploads\/2023\/08\/ces1-300x157.jpg 300w, https:\/\/www.infokuryr.cz\/n\/wp-content\/uploads\/2023\/08\/ces1-1024x536.jpg 1024w, https:\/\/www.infokuryr.cz\/n\/wp-content\/uploads\/2023\/08\/ces1-768x402.jpg 768w, https:\/\/www.infokuryr.cz\/n\/wp-content\/uploads\/2023\/08\/ces1.jpg 1200w\" sizes=\"(max-width: 1362px) 100vw, 1362px\" \/><\/p>\n<p>&nbsp;<\/p>\n<p><a href=\"https:\/\/stranapro.cz\/\"><img decoding=\"async\" loading=\"lazy\" class=\"wp-image-30218 aligncenter\" src=\"http:\/\/www.infokuryr.cz\/n\/wp-content\/uploads\/2023\/06\/PRO-banner-300x36.png\" alt=\"\" width=\"1367\" height=\"164\" srcset=\"https:\/\/www.infokuryr.cz\/n\/wp-content\/uploads\/2023\/06\/PRO-banner-300x36.png 300w, https:\/\/www.infokuryr.cz\/n\/wp-content\/uploads\/2023\/06\/PRO-banner-768x93.png 768w, https:\/\/www.infokuryr.cz\/n\/wp-content\/uploads\/2023\/06\/PRO-banner.png 849w\" sizes=\"(max-width: 1367px) 100vw, 1367px\" \/><\/a><\/p>\n<p>&nbsp;<\/p>\n<p>&nbsp;<\/p>\n<p>&nbsp;<\/p>\n<p>&nbsp;<\/p>\n","protected":false},"excerpt":{"rendered":"<p>USA nyn\u00ed po\u017e\u00e1dal rusk\u00fd velvyslanec v USA Anatolij Antonov, aby vr\u00e1tily \u201eukraden\u00fd rusk\u00fd diplomatick\u00fd majetek\u201c&#8230;.<\/p>\n","protected":false},"author":2,"featured_media":18638,"comment_status":"closed","ping_status":"closed","sticky":false,"template":"","format":"standard","meta":[],"categories":[7],"tags":[3729,327,22,37,977,538],"_links":{"self":[{"href":"https:\/\/www.infokuryr.cz\/n\/wp-json\/wp\/v2\/posts\/35315"}],"collection":[{"href":"https:\/\/www.infokuryr.cz\/n\/wp-json\/wp\/v2\/posts"}],"about":[{"href":"https:\/\/www.infokuryr.cz\/n\/wp-json\/wp\/v2\/types\/post"}],"author":[{"embeddable":true,"href":"https:\/\/www.infokuryr.cz\/n\/wp-json\/wp\/v2\/users\/2"}],"replies":[{"embeddable":true,"href":"https:\/\/www.infokuryr.cz\/n\/wp-json\/wp\/v2\/comments?post=35315"}],"version-history":[{"count":0,"href":"https:\/\/www.infokuryr.cz\/n\/wp-json\/wp\/v2\/posts\/35315\/revisions"}],"wp:featuredmedia":[{"embeddable":true,"href":"https:\/\/www.infokuryr.cz\/n\/wp-json\/wp\/v2\/media\/18638"}],"wp:attachment":[{"href":"https:\/\/www.infokuryr.cz\/n\/wp-json\/wp\/v2\/media?parent=35315"}],"wp:term":[{"taxonomy":"category","embeddable":true,"href":"https:\/\/www.infokuryr.cz\/n\/wp-json\/wp\/v2\/categories?post=35315"},{"taxonomy":"post_tag","embeddable":true,"href":"https:\/\/www.infokuryr.cz\/n\/wp-json\/wp\/v2\/tags?post=35315"}],"curies":[{"name":"wp","href":"https:\/\/api.w.org\/{rel}","templated":true}]}}