{"id":35312,"date":"2023-09-02T01:06:32","date_gmt":"2023-09-01T23:06:32","guid":{"rendered":"http:\/\/www.infokuryr.cz\/n\/?p=35312"},"modified":"2023-09-01T14:59:03","modified_gmt":"2023-09-01T12:59:03","slug":"zeleny-gewessler-uz-tleska-letani-jen-pro-bohate-francie-chce-minimalni-cenu-letenek-v-eu","status":"publish","type":"post","link":"https:\/\/www.infokuryr.cz\/n\/2023\/09\/02\/zeleny-gewessler-uz-tleska-letani-jen-pro-bohate-francie-chce-minimalni-cenu-letenek-v-eu\/","title":{"rendered":"Zelen\u00fd Gewessler u\u017e tlesk\u00e1: L\u00e9t\u00e1n\u00ed jen pro bohat\u00e9? Francie chce minim\u00e1ln\u00ed cenu letenek v EU"},"content":{"rendered":"<div id=\"fb-root\"><\/div>\n<p><strong><span>Bude l\u00e9t\u00e1n\u00ed brzy vyhrazeno pro bohat\u00e9?\u00a0Francouzsk\u00fd ministr dopravy po\u017eaduje minim\u00e1ln\u00ed cenu letenek v cel\u00e9 EU, aby \u201echr\u00e1nila klima\u201c.\u00a0Francie chce zv\u00fd\u0161it dan\u011b na lety a v\u00fdnosy investovat do \u017eelezni\u010dn\u00ed dopravy, jako by mohla nahradit l\u00e9t\u00e1n\u00ed.<\/span><\/strong><\/p>\n<p><span>Strach a stra\u0161en\u00ed z \u201eklimatick\u00e9 apokalypsy\u201c nab\u00edz\u00ed vl\u00e1d\u00e1m po cel\u00e9m sv\u011bt\u011b t\u00e9m\u011b\u0159 nevy\u010derpateln\u00e9 p\u0159\u00edle\u017eitosti k patronov\u00e1n\u00ed a drancov\u00e1n\u00ed ob\u010dan\u016f.\u00a0V EU se zd\u00e1, \u017ee Francie hraje pr\u016fkopnickou roli.\u00a0<\/span><strong><span>Od za\u010d\u00e1tku roku se tam\u00a0<\/span><a href=\"https:\/\/www.handelsblatt.com\/politik\/international\/frankreich-wie-macron-hausbesitzer-gegen-sich-aufbringt\/29199786.html\"><span>ji\u017e nedaj\u00ed pronajmout<\/span><\/a><span>\u00a0byty s nejhor\u0161\u00ed energetickou t\u0159\u00eddou .\u00a0<\/span><\/strong><span>Aktu\u00e1ln\u011b jsou posti\u017eeny byty s hodnocen\u00edm G-plus na stupnici od A do G, tedy s kone\u010dnou spot\u0159ebou energie v\u00edce ne\u017e 450 kilowatthodin (kWh).\u00a0Od roku 2025 to bude platit i pro v\u0161echny byty s hodnocen\u00edm G a od roku 2028 i pro byty s hodnocen\u00edm F. To p\u0159edpokl\u00e1d\u00e1\u00a0<\/span><a href=\"https:\/\/report24.news\/eu-laeutet-kampf-gegen-immobilienbesitzer-ein-sanierungszwang-mit-kosten-bis-zu-100-000-euro\/\"><span>povinnost renovace EU<\/span><\/a><span> .<\/span><\/p>\n<p><span>Krom\u011b toho ji\u017e n\u011bkolik francouzsk\u00fdch m\u011bst m\u00e1 \u201eenvironment\u00e1ln\u00ed pruh\u201c na rychlostn\u00edch komunikac\u00edch vyhrazen\u00fd pro elektromobily a vozy s minim\u00e1ln\u011b dv\u011bma cestuj\u00edc\u00edmi.\u00a0\u017d\u00e1dn\u00e1 j\u00edzda zdarma pro svobodn\u00e9 ob\u010dany: Vzhledem k tomu, \u017ee toto na\u0159\u00edzen\u00ed je \u010dasto p\u0159ehl\u00ed\u017eeno, m\u011blo by b\u00fdt nyn\u00ed monitorov\u00e1no radarov\u00fdmi syst\u00e9my (\u00a0<\/span><a href=\"https:\/\/report24.news\/auch-frankreich-zieht-gegen-autofahrer-in-den-krieg-bussgelder-fuer-fahrer-die-alleine-im-auto-sitzen\/\"><span>zpr\u00e1va 24<\/span><\/a><span>\u00a0).\u00a0Poru\u0161en\u00ed by pak m\u011blo b\u00fdt potrest\u00e1no pokutou ve v\u00fd\u0161i 135 eur.\u00a0Na na\u0159\u00edzen\u00ed odkazuje nov\u00e1 dopravn\u00ed zna\u010dka &#8211; b\u00edl\u00fd koso\u010dtverec na modr\u00e9m pozad\u00ed.<\/span><\/p>\n<p><span>Francouzsk\u00fd ministr dopravy Clement Beaune nav\u00edc prosazuje\u00a0<\/span><a href=\"https:\/\/www.derstandard.de\/story\/3000000185004\/franzoesischer-verkehrsminister-fordert-mindestpreis-fuer-flugtickets-in-eu\" target=\"_blank\" rel=\"noreferrer noopener\"><span>minim\u00e1ln\u00ed cenu letenek<\/span><\/a><span>\u00a0v EU z \u201ed\u016fvod\u016f ochrany klimatu\u201c.\u00a0&#8222;Letenky za deset eur u\u017e nejsou uprost\u0159ed ekologick\u00e9ho p\u0159echodu mo\u017en\u00e9,&#8220; \u0159ekl Beaune magaz\u00ednu L&#8217;Obs.\u00a0Ozn\u00e1mil, \u017ee by cht\u011bl v nejbli\u017e\u0161\u00edch dnech p\u0159edlo\u017eit n\u00e1vrh koleg\u016fm z EU.\u00a0<\/span><strong><span>\u201eJsem pro zdan\u011bn\u00ed emis\u00ed sklen\u00edkov\u00fdch plyn\u016f a investice do ekologizace,\u201c<\/span><\/strong><span>\u00a0pokra\u010doval Beaune.\u00a0Pl\u00e1nem francouzsk\u00e9 vl\u00e1dy je zv\u00fd\u0161it dan\u011b na lety odl\u00e9taj\u00edc\u00ed ze zem\u011b za \u00fa\u010delem financov\u00e1n\u00ed investic do \u017eelezni\u010dn\u00ed dopravy.\u00a0<\/span><strong><span>Objevuje se ale podez\u0159en\u00ed, \u017ee Macron\u016fv re\u017eim chce zak\u00e1zat vnitrost\u00e1tn\u00ed lety obecn\u011b.<\/span><a href=\"https:\/\/report24.news\/klimawahn-frankreich-verbietet-kurzstreckenfluege\/\"><span>Ji\u017e nyn\u00ed plat\u00ed na\u0159\u00edzen\u00ed<\/span><\/a><span> , kter\u00e9 zakazuje kr\u00e1tk\u00e9 vnitrost\u00e1tn\u00ed lety, pokud existuje p\u0159\u00edm\u00e9 \u017eelezni\u010dn\u00ed spojen\u00ed za m\u00e9n\u011b ne\u017e dv\u011b a p\u016fl hodiny.<\/span><\/strong><\/p>\n<p><span>Beaune nen\u00ed s po\u017eadavkem na minim\u00e1ln\u00ed cenu s\u00e1m,\u00a0<\/span><strong><span>naklon\u011bna je i rakousk\u00e1 ministryn\u011b dopravy Leonore Gewessler (Zelen\u00ed).\u00a0V N\u011bmecku se jist\u011b najdou dal\u0161\u00ed zast\u00e1nci.\u00a0<\/span><\/strong><span>Deutsche Bahn ve sv\u00e9m sou\u010dasn\u00e9m stavu \u2013 v\u017edy p\u0159epln\u011bn\u00e9m a katastrof\u00e1ln\u011b nedochviln\u00e9m \u2013 v\u0161ak sotva p\u0159edstavuj\u00ed alternativu.\u00a0Nav\u00edc se cestov\u00e1n\u00ed vlakem v zemi st\u00e1le v\u00edce st\u00e1v\u00e1 cestou p\u0159e\u017eit\u00ed kv\u016fli rostouc\u00ed kriminalit\u011b ve vlac\u00edch a na n\u00e1dra\u017e\u00edch.\u00a0Jist\u00e9 je, \u017ee pl\u00e1\u0161\u0165 na ochranu klimatu otev\u00edr\u00e1 vl\u00e1d\u00e1m netu\u0161en\u00e9 mo\u017enosti vyd\u00edrat ob\u010dany st\u00e1le nov\u00fdmi dan\u011bmi a \u0161ikanovat je restrikcemi.<\/span><\/p>\n<p><img decoding=\"async\" loading=\"lazy\" class=\"alignnone size-full wp-image-1185\" src=\"http:\/\/www.infokuryr.cz\/n\/wp-content\/uploads\/2021\/04\/kuryr-podpis.png\" alt=\"\" width=\"84\" height=\"24\" \/><\/p>\n<p>&nbsp;<\/p>\n<p><img decoding=\"async\" loading=\"lazy\" class=\"wp-image-33819 aligncenter\" src=\"http:\/\/www.infokuryr.cz\/n\/wp-content\/uploads\/2023\/08\/ces1-300x157.jpg\" alt=\"\" width=\"1366\" height=\"715\" srcset=\"https:\/\/www.infokuryr.cz\/n\/wp-content\/uploads\/2023\/08\/ces1-300x157.jpg 300w, https:\/\/www.infokuryr.cz\/n\/wp-content\/uploads\/2023\/08\/ces1-1024x536.jpg 1024w, https:\/\/www.infokuryr.cz\/n\/wp-content\/uploads\/2023\/08\/ces1-768x402.jpg 768w, https:\/\/www.infokuryr.cz\/n\/wp-content\/uploads\/2023\/08\/ces1.jpg 1200w\" sizes=\"(max-width: 1366px) 100vw, 1366px\" \/><\/p>\n<p>&nbsp;<\/p>\n<p><a href=\"https:\/\/stranapro.cz\/\"><img decoding=\"async\" loading=\"lazy\" class=\"wp-image-30218 aligncenter\" src=\"http:\/\/www.infokuryr.cz\/n\/wp-content\/uploads\/2023\/06\/PRO-banner-300x36.png\" alt=\"\" width=\"1367\" height=\"164\" srcset=\"https:\/\/www.infokuryr.cz\/n\/wp-content\/uploads\/2023\/06\/PRO-banner-300x36.png 300w, https:\/\/www.infokuryr.cz\/n\/wp-content\/uploads\/2023\/06\/PRO-banner-768x93.png 768w, https:\/\/www.infokuryr.cz\/n\/wp-content\/uploads\/2023\/06\/PRO-banner.png 849w\" sizes=\"(max-width: 1367px) 100vw, 1367px\" \/><\/a><\/p>\n<p>&nbsp;<\/p>\n<p>&nbsp;<\/p>\n<p>&nbsp;<\/p>\n","protected":false},"excerpt":{"rendered":"<p>Bude l\u00e9t\u00e1n\u00ed brzy vyhrazeno pro bohat\u00e9?\u00a0Francouzsk\u00fd ministr dopravy po\u017eaduje minim\u00e1ln\u00ed cenu letenek v cel\u00e9 EU,&#8230;<\/p>\n","protected":false},"author":2,"featured_media":35313,"comment_status":"closed","ping_status":"closed","sticky":false,"template":"","format":"standard","meta":[],"categories":[7],"tags":[67,41,130,873,457,1903],"_links":{"self":[{"href":"https:\/\/www.infokuryr.cz\/n\/wp-json\/wp\/v2\/posts\/35312"}],"collection":[{"href":"https:\/\/www.infokuryr.cz\/n\/wp-json\/wp\/v2\/posts"}],"about":[{"href":"https:\/\/www.infokuryr.cz\/n\/wp-json\/wp\/v2\/types\/post"}],"author":[{"embeddable":true,"href":"https:\/\/www.infokuryr.cz\/n\/wp-json\/wp\/v2\/users\/2"}],"replies":[{"embeddable":true,"href":"https:\/\/www.infokuryr.cz\/n\/wp-json\/wp\/v2\/comments?post=35312"}],"version-history":[{"count":1,"href":"https:\/\/www.infokuryr.cz\/n\/wp-json\/wp\/v2\/posts\/35312\/revisions"}],"predecessor-version":[{"id":35314,"href":"https:\/\/www.infokuryr.cz\/n\/wp-json\/wp\/v2\/posts\/35312\/revisions\/35314"}],"wp:featuredmedia":[{"embeddable":true,"href":"https:\/\/www.infokuryr.cz\/n\/wp-json\/wp\/v2\/media\/35313"}],"wp:attachment":[{"href":"https:\/\/www.infokuryr.cz\/n\/wp-json\/wp\/v2\/media?parent=35312"}],"wp:term":[{"taxonomy":"category","embeddable":true,"href":"https:\/\/www.infokuryr.cz\/n\/wp-json\/wp\/v2\/categories?post=35312"},{"taxonomy":"post_tag","embeddable":true,"href":"https:\/\/www.infokuryr.cz\/n\/wp-json\/wp\/v2\/tags?post=35312"}],"curies":[{"name":"wp","href":"https:\/\/api.w.org\/{rel}","templated":true}]}}