{"id":35309,"date":"2023-09-02T01:05:12","date_gmt":"2023-09-01T23:05:12","guid":{"rendered":"http:\/\/www.infokuryr.cz\/n\/?p=35309"},"modified":"2023-09-01T14:54:36","modified_gmt":"2023-09-01T12:54:36","slug":"svata-stopa-co2-klimaticke-sekty-byla-marketingovym-trikem-spolecnosti-british-petrol-bp","status":"publish","type":"post","link":"https:\/\/www.infokuryr.cz\/n\/2023\/09\/02\/svata-stopa-co2-klimaticke-sekty-byla-marketingovym-trikem-spolecnosti-british-petrol-bp\/","title":{"rendered":"\u201eSvat\u00e1\u201c stopa CO2 klimatick\u00e9 sekty byla marketingov\u00fdm trikem spole\u010dnosti British Petrol (BP)"},"content":{"rendered":"<div id=\"fb-root\"><\/div>\n<p><strong><span>Takzvan\u00e1 CO2 stopa by m\u011bla b\u00fdt v budoucnu \u00fast\u0159edn\u00edm prost\u0159edkem vzd\u011bl\u00e1v\u00e1n\u00ed lid\u00ed.\u00a0Ka\u017ed\u00fd p\u0159edm\u011bt, ka\u017ed\u00e1 cesta mus\u00ed b\u00fdt analyzov\u00e1na do posledn\u00edho detailu a \u00fadajn\u011b vypu\u0161t\u011bn\u00fd CO2 je za\u00fa\u010dtov\u00e1n na individu\u00e1ln\u00ed \u00fa\u010det.\u00a0State\u010dn\u00fdm ob\u010dan\u016fm je dovoleno v\u00edce, nekonformn\u00edm a kritick\u00fdm m\u00e9n\u011b, multimiliard\u00e1\u0159\u016fm a \u201eelit\u011b\u201c samoz\u0159ejm\u011b v\u0161e.\u00a0Vyn\u00e1lez CO2 stopy v\u0161ak nepoch\u00e1z\u00ed od p\u0159\u00edrody miluj\u00edc\u00edch eko, ale z ropn\u00e9ho pr\u016fmyslu.\u00a0To by v\u00e1m m\u011blo d\u00e1t n\u011bco k zamy\u0161len\u00ed \u2013 pokud p\u0159em\u00fd\u0161len\u00ed nenech\u00e1te na televizi.<\/span><\/strong><\/p>\n<p><span>V roce 2004 zve\u0159ejnila ropn\u00e1 spole\u010dnost British Petrol (BP) na internetu kalkula\u010dku CO2.\u00a0N\u00e1zev str\u00e1nky: \u201eSn\u00ed\u017een\u00ed uhl\u00edku \u2013 Je \u010das p\u0159ej\u00edt na n\u00edzkouhl\u00edkovou dietu.\u201c\u00a0(Sn\u00ed\u017een\u00ed uhl\u00edku \u2013 Je \u010das na n\u00edzkouhl\u00edkovou dietu.) Toto ozn\u00e1men\u00ed bez zpravodajsk\u00fdch informac\u00ed mohlo tak\u00e9 p\u0159ij\u00edt p\u0159\u00edmo z centr\u00e1ly Strany zelen\u00fdch.\u00a0To je v\u011bdecky vzd\u00e1len\u00fd populismus \u2013 op\u011bt p\u0159esn\u011b to, z \u010deho zelen\u00e1 sekta obvi\u0148uje sv\u00e9 odp\u016frce.<\/span><\/p>\n<p><span>PR gag byl vyvinut glob\u00e1ln\u00ed reklamn\u00ed agenturou Oglivy &amp; Mather (zalo\u017eena v roce 1948, 16 000 zam\u011bstnanc\u016f, ro\u010dn\u00ed obrat 1,75 miliardy USD).\u00a0Spole\u010dnost m\u00e1 tak\u00e9 velk\u00e9 zku\u0161enosti s whitewashingem a greenwashingem velk\u00fdch korporac\u00ed, proto se tam objevilo mnoho dezinforma\u010dn\u00edch kampan\u00ed o nebezpe\u010d\u00ed kou\u0159en\u00ed.\u00a0Agenturu vlastn\u00ed skupina WPP, kter\u00e1 celosv\u011btov\u011b zam\u011bstn\u00e1v\u00e1 107 000 lid\u00ed a jej\u00ed ro\u010dn\u00ed obrat je 14,4 miliardy (2019).\u00a0<\/span><strong><span>WPP tak\u00e9 vlastn\u00ed \u201eHill &amp; Knowlton\u201c, reklamn\u00ed spole\u010dnost, kter\u00e1 pou\u017eila le\u017e inkub\u00e1toru k legitimizaci v\u00e1lky v Z\u00e1livu.\u00a0<\/span><\/strong><span>Jsme tedy v srdci globalistick\u00e9ho utv\u00e1\u0159en\u00ed m\u00edn\u011bn\u00ed, kter\u00e9 se t\u00fdk\u00e1 mrtvol.\u00a0Hledat tam obsah, kter\u00fd je \u201edobr\u00fd pro lidi\u201c, je dost absurdn\u00ed.<\/span><\/p>\n<p><span>Odtud tedy poch\u00e1z\u00ed koncept, \u017ee ka\u017ed\u00fd zelen\u00fd mu\u017e na sv\u011bt\u011b se modl\u00ed jako nov\u00e9 vyzn\u00e1n\u00ed.\u00a0V dob\u011b, kdy nebyly v\u0161echny medi\u00e1ln\u00ed domy a novin\u00e1\u0159i po cel\u00e9m sv\u011bt\u011b bu\u010f uml\u010deni, nebo koupeni, byla tato skute\u010dnost dob\u0159e zn\u00e1m\u00e1 a vyvolala pot\u0159ebnou kritiku.\u00a0<\/span><strong><span>Kampa\u0148 uhl\u00edkov\u00e9 stopy byla v roce 2000 pova\u017eov\u00e1na za uk\u00e1zkov\u00fd p\u0159\u00edklad klamav\u00e9 reklamy a \u201eastroturfingu\u201c.\u00a0<\/span><\/strong><span>Tento term\u00edn je zkratkou pro reklamn\u00ed kampan\u011b, kter\u00e9 simuluj\u00ed \u201ehnut\u00ed lidu\u201c \u2013 tedy ob\u010dansk\u00e9 hnut\u00ed, kter\u00e9 klade ur\u010dit\u00e9 po\u017eadavky.<\/span><\/p>\n<figure class=\"wp-block-image size-full\"><img decoding=\"async\" loading=\"lazy\" class=\"wp-image-102082 lazyloaded aligncenter\" src=\"https:\/\/report24.news\/wp-content\/uploads\/2023\/09\/image.png\" sizes=\"(max-width: 1464px) 100vw, 1464px\" srcset=\"https:\/\/report24.news\/wp-content\/uploads\/2023\/09\/image.png 1464w, https:\/\/report24.news\/wp-content\/uploads\/2023\/09\/image-768x592.png 768w, https:\/\/report24.news\/wp-content\/uploads\/2023\/09\/image-600x462.png 600w\" alt=\"\" width=\"642\" height=\"495\" data-srcset=\"https:\/\/report24.news\/wp-content\/uploads\/2023\/09\/image.png 1464w, https:\/\/report24.news\/wp-content\/uploads\/2023\/09\/image-768x592.png 768w, https:\/\/report24.news\/wp-content\/uploads\/2023\/09\/image-600x462.png 600w\" data-src=\"https:\/\/report24.news\/wp-content\/uploads\/2023\/09\/image.png\" \/><figcaption class=\"wp-element-caption\"><em><span>V roce 2004 vydala spole\u010dnost British Petrol kalkula\u010dku uhl\u00edkov\u00e9 stopy, zdobenou nejr\u016fzn\u011bj\u0161\u00edmi bl\u00e1boly o nebezpe\u010d\u00edch CO2.<\/span><\/em><\/figcaption><\/figure>\n<p><span>Kdy\u017e se dnes pod\u00edv\u00e1te do novin, najdete \u010detn\u00e9 p\u0159\u00edklady astroturfingu v politick\u00e9 ar\u00e9n\u011b.\u00a0Zejm\u00e9na \u201elev\u00e1\u201c strana vyu\u017e\u00edv\u00e1 tyto techniky t\u00e9m\u011b\u0159 v\u00fdhradn\u011b \u2013 v Rakousku je p\u0159\u00edle\u017eitostn\u00e1 legislativa v\u011bt\u0161inou postavena na fale\u0161n\u00fdch demech, kter\u00e1 prov\u00e1d\u00ed 10-20 placen\u00fdch aktivist\u016f ze zelen\u00fdch \u010di socialistick\u00fdch kruh\u016f.\u00a0<\/span><strong><span>Cel\u00e9 klimatick\u00e9 hnut\u00ed, kter\u00e9 zah\u00e1jila Greta Thunberg, \u201eP\u00e1tek pro budoucnost\u201c, \u201eRebelie z\u00e1niku\u201c nebo \u201ePosledn\u00ed generace\u201c poukazuje na astroturfing \u2013<\/span><\/strong><span>to se odr\u00e1\u017e\u00ed v profesion\u00e1ln\u00edch log\u00e1ch, ur\u010dit\u00e9 jednotnosti, profesion\u00e1ln\u00edch reklamn\u00edch materi\u00e1lech a domovsk\u00fdch str\u00e1nk\u00e1ch a podobn\u011b.\u00a0Bohu\u017eel velk\u00e1 \u010d\u00e1st populace se d\u00e1 takov\u00fdmi kampan\u011bmi obelst\u00edt \u2013 a pr\u00e1v\u011b proto existuj\u00ed globalistick\u00e9 reklamn\u00ed spole\u010dnosti v rozb\u011bhu miliardov\u00fdch korporac\u00ed a politici, kte\u0159\u00ed takov\u00e9 metody dokonale ovl\u00e1daj\u00ed.<\/span><\/p>\n<p><span>Pro\u010d byla vynalezena uhl\u00edkov\u00e1 stopa?\u00a0Bohu\u017eel stejn\u011b tenden\u010dn\u00ed, infiltrovan\u00e1 a kontrolovan\u00e1\u00a0<\/span><a href=\"https:\/\/de.wikipedia.org\/wiki\/CO2-Bilanz\" target=\"_blank\" rel=\"noreferrer noopener\"><span>Wikipedie p\u00ed\u0161e<\/span><\/a><span>\u00a0, \u017ee je to diverzn\u00ed taktika p\u0159esouvat vinu za zm\u011bnu klimatu z velk\u00fdch korporac\u00ed na kone\u010dn\u00e9ho spot\u0159ebitele.\u00a0Na co se zde samoz\u0159ejm\u011b z\u00e1m\u011brn\u011b zapom\u00edn\u00e1, je skute\u010dnost, \u017ee lid\u00e9 t\u00e9m\u011b\u0159 jist\u011b nemohou za \u201ezm\u011bnu klimatu\u201c v\u016fbec, proto\u017ee glob\u00e1ln\u00ed klima se v\u017edy m\u011bnilo, a\u0165 u\u017e s lidmi nebo bez nich.\u00a0<\/span><strong><span>Zm\u011bna klimatu je tak\u00e9 marketingov\u00e1 kampa\u0148, kter\u00e1 vyvlast\u0148uje sv\u011btovou populaci a odv\u00e1d\u00ed miliardy dolar\u016f z dan\u00ed do kapes multimiliard\u00e1\u0159\u016f.<\/span><\/strong><\/p>\n<p><span>To, \u017ee je CO2 \u0161\u00edlenstv\u00ed naprost\u00fd podvod, pravideln\u011b odhaluje Dr.\u00a0Martin Steiner prost\u0159ednictv\u00edm sv\u00fdch vysv\u011btlen\u00ed, ale tak\u00e9 dob\u0159e zdokumentovan\u00fdch a srozumiteln\u00fdch experiment\u016f:\u00a0<\/span><a href=\"https:\/\/report24.news\/wissenschaftler-entlarvt-co2-klimaschwindel-durch-exakte-messungen\/\" target=\"_blank\" rel=\"noreferrer noopener\"><span>V\u011bdci odhaluj\u00ed podvody s CO2 v oblasti klimatu prost\u0159ednictv\u00edm p\u0159esn\u00fdch m\u011b\u0159en\u00ed<\/span><\/a><span>\u00a0.<\/span><\/p>\n<p><span>Na z\u00e1klad\u011b CO2 stopy by se lid\u00e9 ve sv\u011bt\u011b m\u011bli v budoucnu nejen vzd\u011bl\u00e1vat, ale tak\u00e9 kontrolovat.\u00a0Lid\u00e9 u\u017e maj\u00ed \u201eCO2 \u00fa\u010det\u201c u n\u011bkter\u00fdch poskytovatel\u016f kreditn\u00edch karet.\u00a0V sou\u010dasn\u00e9 dob\u011b se pouze shroma\u017e\u010fuje a vykazuje.\u00a0<\/span><strong><span>Jakmile ale ochotn\u00e1 a koupen\u00e1 politika d\u00e1 \u201eOK\u201c, tato hodnocen\u00ed poslou\u017e\u00ed k drastick\u00e9mu omezen\u00ed mo\u017enost\u00ed pohybu lid\u00ed (15minutov\u00e1 m\u011bsta) a ke kontrole \u017eivota do nejmen\u0161\u00edch detail\u016f.\u00a0<\/span><\/strong><span>V\u00edce pr\u00e1v budou m\u00edt pouze ti, kte\u0159\u00ed se z\u00fa\u010dastn\u00ed bez n\u00e1mitek.\u00a0Individu\u00e1ln\u00ed svoboda a \u0161t\u011bst\u00ed, kter\u00e9 bylo lidstvu umo\u017en\u011bno za\u017e\u00edt v 70. letech, se s takov\u00fdmi syst\u00e9my zcela ztr\u00e1c\u00ed.<\/span><\/p>\n<p><span>Globalistick\u00e1 m\u00e9dia jako &#8222;derStandard&#8220;, kter\u00e1 pln\u011b podporuje CO2 propagandu, pou\u017e\u00edvaj\u00ed v souvislosti s CO2 term\u00edny jako &#8222;jed pro atmosf\u00e9ru&#8220; &#8211; co\u017e je hrub\u00e1 myln\u00e1 p\u0159edstava.\u00a0CO2 je l\u00e1tka, na kter\u00e9 je postaven ve\u0161ker\u00fd \u017eivot na na\u0161\u00ed planet\u011b a metabolick\u00fd produkt rostlin, ze kter\u00e9ho se vyr\u00e1b\u00ed kysl\u00edk, kter\u00fd \u010dlov\u011bk pot\u0159ebuje k \u017eivotu.\u00a0Odsuzovat CO2 je \u0161\u00edlenstv\u00ed, kter\u00e9 lze p\u0159ekonat jedin\u011b z\u00e1kazem kysl\u00edku jako \u0161kodliv\u00e9ho.\u00a0Mo\u017en\u00e1 to mus\u00edme za\u017e\u00edt i my.\u00a0<\/span><strong><span>\u017dijeme v dob\u011b, kdy jednou z nejd\u016fle\u017eit\u011bj\u0161\u00edch dovednost\u00ed je rozpoznat propagandu a odd\u011blit ji od fakt\u016f a skute\u010dn\u00e9 v\u011bdy. <\/span><\/strong><span>Ty mocnosti, kter\u00e9 maj\u00ed z\u00e1jem nastolit nov\u00fd feudalismus nebo dokonce diktaturu, proto\u017ee si mysl\u00ed, \u017ee jsou za sv\u00e9 pen\u00edze lep\u0161\u00ed, se rozhodn\u011b nezaj\u00edmaj\u00ed o blaho lidstva.<\/span><\/p>\n<p><em>Koment\u00e1\u0159 Williho Hubera<\/em><\/p>\n<p>&nbsp;<\/p>\n<p><img decoding=\"async\" loading=\"lazy\" class=\"wp-image-33819 aligncenter\" src=\"http:\/\/www.infokuryr.cz\/n\/wp-content\/uploads\/2023\/08\/ces1-300x157.jpg\" alt=\"\" width=\"1368\" height=\"716\" srcset=\"https:\/\/www.infokuryr.cz\/n\/wp-content\/uploads\/2023\/08\/ces1-300x157.jpg 300w, https:\/\/www.infokuryr.cz\/n\/wp-content\/uploads\/2023\/08\/ces1-1024x536.jpg 1024w, https:\/\/www.infokuryr.cz\/n\/wp-content\/uploads\/2023\/08\/ces1-768x402.jpg 768w, https:\/\/www.infokuryr.cz\/n\/wp-content\/uploads\/2023\/08\/ces1.jpg 1200w\" sizes=\"(max-width: 1368px) 100vw, 1368px\" \/><\/p>\n<p>&nbsp;<\/p>\n<p><a href=\"https:\/\/stranapro.cz\/\"><img decoding=\"async\" loading=\"lazy\" class=\"wp-image-30218 aligncenter\" src=\"http:\/\/www.infokuryr.cz\/n\/wp-content\/uploads\/2023\/06\/PRO-banner-300x36.png\" alt=\"\" width=\"1375\" height=\"165\" srcset=\"https:\/\/www.infokuryr.cz\/n\/wp-content\/uploads\/2023\/06\/PRO-banner-300x36.png 300w, https:\/\/www.infokuryr.cz\/n\/wp-content\/uploads\/2023\/06\/PRO-banner-768x93.png 768w, https:\/\/www.infokuryr.cz\/n\/wp-content\/uploads\/2023\/06\/PRO-banner.png 849w\" sizes=\"(max-width: 1375px) 100vw, 1375px\" \/><\/a><\/p>\n<p>&nbsp;<\/p>\n<p>&nbsp;<\/p>\n<p>&nbsp;<\/p>\n","protected":false},"excerpt":{"rendered":"<p>Takzvan\u00e1 CO2 stopa by m\u011bla b\u00fdt v budoucnu \u00fast\u0159edn\u00edm prost\u0159edkem vzd\u011bl\u00e1v\u00e1n\u00ed lid\u00ed.\u00a0Ka\u017ed\u00fd p\u0159edm\u011bt, ka\u017ed\u00e1 cesta&#8230;<\/p>\n","protected":false},"author":2,"featured_media":35310,"comment_status":"closed","ping_status":"closed","sticky":false,"template":"","format":"standard","meta":[],"categories":[7],"tags":[2692,873,5798,395],"_links":{"self":[{"href":"https:\/\/www.infokuryr.cz\/n\/wp-json\/wp\/v2\/posts\/35309"}],"collection":[{"href":"https:\/\/www.infokuryr.cz\/n\/wp-json\/wp\/v2\/posts"}],"about":[{"href":"https:\/\/www.infokuryr.cz\/n\/wp-json\/wp\/v2\/types\/post"}],"author":[{"embeddable":true,"href":"https:\/\/www.infokuryr.cz\/n\/wp-json\/wp\/v2\/users\/2"}],"replies":[{"embeddable":true,"href":"https:\/\/www.infokuryr.cz\/n\/wp-json\/wp\/v2\/comments?post=35309"}],"version-history":[{"count":1,"href":"https:\/\/www.infokuryr.cz\/n\/wp-json\/wp\/v2\/posts\/35309\/revisions"}],"predecessor-version":[{"id":35311,"href":"https:\/\/www.infokuryr.cz\/n\/wp-json\/wp\/v2\/posts\/35309\/revisions\/35311"}],"wp:featuredmedia":[{"embeddable":true,"href":"https:\/\/www.infokuryr.cz\/n\/wp-json\/wp\/v2\/media\/35310"}],"wp:attachment":[{"href":"https:\/\/www.infokuryr.cz\/n\/wp-json\/wp\/v2\/media?parent=35309"}],"wp:term":[{"taxonomy":"category","embeddable":true,"href":"https:\/\/www.infokuryr.cz\/n\/wp-json\/wp\/v2\/categories?post=35309"},{"taxonomy":"post_tag","embeddable":true,"href":"https:\/\/www.infokuryr.cz\/n\/wp-json\/wp\/v2\/tags?post=35309"}],"curies":[{"name":"wp","href":"https:\/\/api.w.org\/{rel}","templated":true}]}}