{"id":35302,"date":"2023-09-02T01:01:33","date_gmt":"2023-09-01T23:01:33","guid":{"rendered":"http:\/\/www.infokuryr.cz\/n\/?p=35302"},"modified":"2023-09-01T14:26:54","modified_gmt":"2023-09-01T12:26:54","slug":"nove-zasady-ochrany-osobnich-udaju-spolecnosti-x-si-udeluji-opravneni-shromazdovat-biometricka-data","status":"publish","type":"post","link":"https:\/\/www.infokuryr.cz\/n\/2023\/09\/02\/nove-zasady-ochrany-osobnich-udaju-spolecnosti-x-si-udeluji-opravneni-shromazdovat-biometricka-data\/","title":{"rendered":"Nov\u00e9 z\u00e1sady ochrany osobn\u00edch \u00fadaj\u016f spole\u010dnosti X si ud\u011bluj\u00ed opr\u00e1vn\u011bn\u00ed shroma\u017e\u010fovat biometrick\u00e1 data"},"content":{"rendered":"<div id=\"fb-root\"><\/div>\n<p><span style=\"font-size: 18pt;\"><strong>Zcela nov\u00e1 politika od 29. z\u00e1\u0159\u00ed<\/strong><\/span><\/p>\n<p>V posledn\u00edm ze s\u00e9rie kontroverzn\u00edch krok\u016f spole\u010dnost X aktualizovala sv\u00e9\u00a0<a href=\"https:\/\/twitter.com\/en\/privacy#x-privacy-1\">z\u00e1sady ochrany osobn\u00edch \u00fadaj\u016f<\/a>\u00a0tak, aby zahrnovaly \u0159adu hluboce osobn\u00edch u\u017eivatelsk\u00fdch dat \u2013 biometrick\u00e9 informace a historii zam\u011bstn\u00e1n\u00ed.\u00a0Ozn\u00e1men\u00ed, kter\u00e9 by mohlo ot\u0159\u00e1st zast\u00e1nci soukrom\u00ed, kte\u0159\u00ed se div\u00ed, co X chyst\u00e1, o\u017eivuje ot\u00e1zky o odpov\u011bdnosti gigant\u016f soci\u00e1ln\u00edch m\u00e9di\u00ed ve v\u011bku komodifikace dat.<\/p>\n<p>Spole\u010dnost se s\u00eddlem v San Franciscu se nyn\u00ed sna\u017e\u00ed za\u010dlenit biometrick\u00e1 data k pos\u00edlen\u00ed bezpe\u010dnosti, zabezpe\u010den\u00ed a identifikace na sv\u00e9 platform\u011b.\u00a0Zat\u00edmco term\u00edn \u201ebiometrick\u00fd\u201c z\u016fst\u00e1v\u00e1 nejednozna\u010dn\u00fdm dopl\u0148kem jejich politiky, podobn\u00e9 praktiky jin\u00fdch korporac\u00ed obvykle zahrnuj\u00ed data extrahovan\u00e1 ze sken\u016f obli\u010deje osoby, skenu s\u00edtnice nebo otisk\u016f prst\u016f.<\/p>\n<p>Nedostatek jasnosti v tom, co p\u0159esn\u011b tvo\u0159\u00ed \u201ebiometrick\u00e9 informace\u201c, v\u0161ak vyvol\u00e1v\u00e1 ot\u00e1zku: V jak\u00e9m bod\u011b snahy o zlep\u0161en\u00ed u\u017eivatelsk\u00e9 zku\u0161enosti p\u0159ekra\u010duj\u00ed hranici invazivn\u00edho sledov\u00e1n\u00ed?<\/p>\n<p>Elon Musk, podnikatel, kter\u00fd minul\u00fd rok koupil Twitter, hlasit\u011b mluvil o vym\u00fdcen\u00ed fale\u0161n\u00fdch \u00fa\u010dt\u016f a nasm\u011brov\u00e1n\u00ed u\u017eivatel\u016f k syst\u00e9mu zalo\u017een\u00e9mu na poplatc\u00edch s ov\u011b\u0159en\u00fdmi modr\u00fdmi za\u0161krt\u00e1vac\u00edmi zna\u010dkami.\u00a0I kdy\u017e existuje d\u016fvod pro lep\u0161\u00ed zabezpe\u010den\u00ed, pou\u017eit\u00ed vysoce osobn\u00edch \u00fadaj\u016f, jako je biometrie, otev\u00edr\u00e1 novou frontu v boji mezi pohodl\u00edm a soukrom\u00edm.<\/p>\n<p>Sou\u010d\u00e1st\u00ed restrukturalizovan\u00e9 politiky je tak\u00e9 z\u00e1m\u011br spole\u010dnosti sb\u00edrat informace o historii zam\u011bstn\u00e1n\u00ed, vzd\u011bl\u00e1n\u00ed a kari\u00e9rn\u00edch preferenc\u00edch u\u017eivatel\u016f.\u00a0To m\u00e1 zd\u00e1nliv\u011b za c\u00edl doporu\u010dovat pracovn\u00ed p\u0159\u00edle\u017eitosti a sd\u00edlet relevantn\u00ed reklamu, ale tak\u00e9 poskytuje velk\u00e9 mno\u017estv\u00ed osobn\u00edch \u00fadaj\u016f, kter\u00e9 d\u0159\u00edve platforma pova\u017eovala za zak\u00e1zan\u00e9.<\/p>\n<p>Ned\u00e1vn\u00fd krok X n\u00e1s v\u0161echny posouv\u00e1 bl\u00ed\u017ee k budoucnosti, kde jsou na\u0161e online a offline identity nep\u0159\u00edjemn\u011b propleten\u00e9.\u00a0\u010clov\u011bk si klade ot\u00e1zku, zda by se tato \u201eaplikace v\u0161eho\u201c, kterou se X sna\u017e\u00ed vytvo\u0159it, mohla st\u00e1t minov\u00fdm polem \u201ev\u0161ech dat\u201c.<\/p>\n<p><img decoding=\"async\" loading=\"lazy\" class=\"alignnone size-full wp-image-1185\" src=\"http:\/\/www.infokuryr.cz\/n\/wp-content\/uploads\/2021\/04\/kuryr-podpis.png\" alt=\"\" width=\"84\" height=\"24\" \/><\/p>\n<p>&nbsp;<\/p>\n<p><img decoding=\"async\" loading=\"lazy\" class=\"wp-image-33819 aligncenter\" src=\"http:\/\/www.infokuryr.cz\/n\/wp-content\/uploads\/2023\/08\/ces1-300x157.jpg\" alt=\"\" width=\"1359\" height=\"711\" srcset=\"https:\/\/www.infokuryr.cz\/n\/wp-content\/uploads\/2023\/08\/ces1-300x157.jpg 300w, https:\/\/www.infokuryr.cz\/n\/wp-content\/uploads\/2023\/08\/ces1-1024x536.jpg 1024w, https:\/\/www.infokuryr.cz\/n\/wp-content\/uploads\/2023\/08\/ces1-768x402.jpg 768w, https:\/\/www.infokuryr.cz\/n\/wp-content\/uploads\/2023\/08\/ces1.jpg 1200w\" sizes=\"(max-width: 1359px) 100vw, 1359px\" \/><\/p>\n<p>&nbsp;<\/p>\n<p><a href=\"https:\/\/stranapro.cz\/\"><img decoding=\"async\" loading=\"lazy\" class=\"wp-image-30218 aligncenter\" src=\"http:\/\/www.infokuryr.cz\/n\/wp-content\/uploads\/2023\/06\/PRO-banner-300x36.png\" alt=\"\" width=\"1367\" height=\"164\" srcset=\"https:\/\/www.infokuryr.cz\/n\/wp-content\/uploads\/2023\/06\/PRO-banner-300x36.png 300w, https:\/\/www.infokuryr.cz\/n\/wp-content\/uploads\/2023\/06\/PRO-banner-768x93.png 768w, https:\/\/www.infokuryr.cz\/n\/wp-content\/uploads\/2023\/06\/PRO-banner.png 849w\" sizes=\"(max-width: 1367px) 100vw, 1367px\" \/><\/a><\/p>\n<p>&nbsp;<\/p>\n<p>&nbsp;<\/p>\n<p>&nbsp;<\/p>\n","protected":false},"excerpt":{"rendered":"<p>Zcela nov\u00e1 politika od 29. z\u00e1\u0159\u00ed V posledn\u00edm ze s\u00e9rie kontroverzn\u00edch krok\u016f spole\u010dnost X aktualizovala&#8230;<\/p>\n","protected":false},"author":2,"featured_media":35303,"comment_status":"closed","ping_status":"closed","sticky":false,"template":"","format":"standard","meta":[],"categories":[6],"tags":[1620,1895,5795],"_links":{"self":[{"href":"https:\/\/www.infokuryr.cz\/n\/wp-json\/wp\/v2\/posts\/35302"}],"collection":[{"href":"https:\/\/www.infokuryr.cz\/n\/wp-json\/wp\/v2\/posts"}],"about":[{"href":"https:\/\/www.infokuryr.cz\/n\/wp-json\/wp\/v2\/types\/post"}],"author":[{"embeddable":true,"href":"https:\/\/www.infokuryr.cz\/n\/wp-json\/wp\/v2\/users\/2"}],"replies":[{"embeddable":true,"href":"https:\/\/www.infokuryr.cz\/n\/wp-json\/wp\/v2\/comments?post=35302"}],"version-history":[{"count":1,"href":"https:\/\/www.infokuryr.cz\/n\/wp-json\/wp\/v2\/posts\/35302\/revisions"}],"predecessor-version":[{"id":35304,"href":"https:\/\/www.infokuryr.cz\/n\/wp-json\/wp\/v2\/posts\/35302\/revisions\/35304"}],"wp:featuredmedia":[{"embeddable":true,"href":"https:\/\/www.infokuryr.cz\/n\/wp-json\/wp\/v2\/media\/35303"}],"wp:attachment":[{"href":"https:\/\/www.infokuryr.cz\/n\/wp-json\/wp\/v2\/media?parent=35302"}],"wp:term":[{"taxonomy":"category","embeddable":true,"href":"https:\/\/www.infokuryr.cz\/n\/wp-json\/wp\/v2\/categories?post=35302"},{"taxonomy":"post_tag","embeddable":true,"href":"https:\/\/www.infokuryr.cz\/n\/wp-json\/wp\/v2\/tags?post=35302"}],"curies":[{"name":"wp","href":"https:\/\/api.w.org\/{rel}","templated":true}]}}