{"id":35284,"date":"2023-09-01T06:01:34","date_gmt":"2023-09-01T04:01:34","guid":{"rendered":"http:\/\/www.infokuryr.cz\/n\/?p=35284"},"modified":"2023-09-01T06:11:24","modified_gmt":"2023-09-01T04:11:24","slug":"jiri-paroubek-smutny-cirkus-hnuti-stan","status":"publish","type":"post","link":"https:\/\/www.infokuryr.cz\/n\/2023\/09\/01\/jiri-paroubek-smutny-cirkus-hnuti-stan\/","title":{"rendered":"Ji\u0159\u00ed Paroubek: Smutn\u00fd cirkus &#8211; hnut\u00ed STAN"},"content":{"rendered":"<div id=\"fb-root\"><\/div>\n<p><strong>Vlastn\u011b by se tato strana dala bez n\u011bjak\u00fdch velk\u00fdch cir\u00e1t\u016f nazvat stranou poznamenan\u00fdch.<\/strong><\/p>\n<p>Z\u00a0denn\u00edho tisku jsme se dnes dozv\u011bd\u011bli, \u017ee policie ji\u017e kone\u010dn\u011b u\u0161trykovala \u017ealobu na Redla a Hlubu\u010dka, tedy hlavn\u00ed figury kauzy Dozimetr. Trvalo to sice dlouh\u00fdch 14 m\u011bs\u00edc\u016f od zah\u00e1jen\u00ed trestn\u00edho st\u00edh\u00e1n\u00ed, ale tento p\u0159\u00edb\u011bh tady a\u017e do eurovoleb v m\u00e9di\u00edch vydr\u017e\u00ed.\u00a0 Lid\u00e9 sice pozapomn\u011bli na hromady hnoje, kter\u00e9 se kolem t\u00e9to kauzy ji\u017e objevily. Pozapomn\u011bli tak\u00e9 na to, \u017ee hlavn\u00ed politickou figurou v\u00a0t\u00e9to kauze systematick\u00e9ho ovliv\u0148ov\u00e1n\u00ed ve\u0159ejn\u00fdch zak\u00e1zek a tedy korupce a vykr\u00e1d\u00e1n\u00ed ve\u0159ejn\u00fdch rozpo\u010dt\u016f, byl n\u00e1m\u011bstek pra\u017esk\u00e9ho prim\u00e1tora za STAN Petr Hlubu\u010dek. Ale te\u010f si, nad nov\u00fdmi informacemi, zase rozpomenou.<\/p>\n<p>Trochu odbo\u010d\u00edm k\u00a0jin\u00e9mu d\u00edl\u010d\u00edmu t\u00e9matu. Dnes r\u00e1no p\u0159i cest\u011b do sv\u00e9 kancel\u00e1\u0159e jsem m\u011bl mo\u017enost poslouchat na r\u00e1diu Prostor debatu vl\u00eddn\u00e9ho moder\u00e1tora a b\u00fdval\u00e9ho ministra za STAN, nyn\u00ed st\u00e1le je\u0161t\u011b poslance za tuto stranu a nov\u011b u\u017e tak\u00e9 \u0159editele jednoho z\u00a0pra\u017esk\u00fdch soukrom\u00fdch gymn\u00e1zi\u00ed, Gazd\u00edka. P\u00e1nov\u00e9 ze soukrom\u00e9ho r\u00e1dia si mohou pozvat do sv\u00e9ho po\u0159adu koho cht\u011bj\u00ed, t\u0159eba Us\u00e1mu bin L\u00e1dina (pokud by je\u0161t\u011b byl na\u017eivu). Mistr Gazd\u00edk ov\u0161em hovo\u0159il v\u00a0tomto r\u00e1diu velmi roz\u0161afn\u011b a bez jak\u00e9hokoliv studu sd\u011bloval, \u017ee on vlastn\u011b tedy skoro ani nemusel rezignovat na funkci ministra, ale \u017ee necht\u011bl, aby u\u0161kodil jeho stran\u011b, tedy hnut\u00ed STAN. Ale poslancem bez uzard\u011bn\u00ed z\u016fstal. \u017d\u00edt se prost\u011b mus\u00ed&#8230; A te\u010f u\u017e m\u00e1 je\u0161t\u011b druh\u00e9 obro\u010d\u00ed&#8230;<\/p>\n<p>Vzpome\u0148me si ale, jak to bylo. Gazd\u00edk byl prvn\u00edm z\u00a0politik\u016f, kter\u00e9ho si rodina Redl\u016f vyhl\u00e9dla a uzav\u0159ela s\u00a0n\u00edm politick\u00e9 spojenectv\u00ed s\u00a0t\u00edm, \u017ee mu umo\u017enila vlastn\u011b rozvinout, z\u0159ejm\u011b za pou\u017eit\u00ed Redlov\u00fdch financ\u00ed (p\u016fvod t\u011bchto financ\u00ed \u00fadajn\u011b sm\u011b\u0159uje a\u017e ke Krej\u010d\u00ed\u0159ovi), projekt hnut\u00ed STAN celost\u00e1tn\u011b. Na za\u010d\u00e1tku se vlastn\u011b jednalo o projekt uplatn\u011bn\u00fd jen ve Zl\u00ednsk\u00e9m kraji, kde m\u011bli p\u00e1nov\u00e9 Redlov\u00e9 svou podnikatelskou z\u00e1kladnu. \u010casem ov\u0161em p\u0159i\u0161li na to, \u017ee Zl\u00ednsk\u00fd kraj je trochu chud\u00e1 nev\u011bsta. A tak se jejich z\u00e1jem p\u0159esunul sm\u011brem do Prahy, ale tak\u00e9 do dal\u0161\u00edch kraj\u016f. Praha je z\u00a0hlediska ve\u0159ejn\u00fdch financ\u00ed vskutku bohat\u00e1 nev\u011bsta. A te\u010f se budeme dozv\u00eddat hnoje a \u0161p\u00ednu z\u00a0kauzy Dozimetr je\u0161t\u011b konkr\u00e9tn\u011bji, nebo\u0165 je obvin\u011bno v\u00a0t\u00e9to v\u011bci deset lid\u00ed a n\u011bkolik z\u00a0obvin\u011bn\u00fdch s\u00a0polici\u00ed \u010dile spolupracuje. Tak\u017ee proti tomu, co se dozv\u00edme z\u00a0policejn\u00edch spis\u016f, jsou zat\u00edm unikl\u00e9 informace ze zve\u0159ejn\u011bn\u00fdch hovor\u016f mezi \u00fa\u010dastn\u00edky kauzy dnes jen bursk\u00fdm o\u0159\u00ed\u0161kem. A smoln\u00e9 knihy st\u0159edov\u011bku by se proti spis\u016fm z t\u00e9to kauzy rd\u011bly studem, jako septim\u00e1nka, kterou spolu\u017e\u00e1k\u00a0 oslovil s nepat\u0159i\u010dn\u00fdm n\u00e1vrhem.<\/p>\n<p><img decoding=\"async\" loading=\"lazy\" class=\"wp-image-33819 aligncenter\" src=\"http:\/\/www.infokuryr.cz\/n\/wp-content\/uploads\/2023\/08\/ces1-300x157.jpg\" alt=\"\" width=\"1357\" height=\"710\" srcset=\"https:\/\/www.infokuryr.cz\/n\/wp-content\/uploads\/2023\/08\/ces1-300x157.jpg 300w, https:\/\/www.infokuryr.cz\/n\/wp-content\/uploads\/2023\/08\/ces1-1024x536.jpg 1024w, https:\/\/www.infokuryr.cz\/n\/wp-content\/uploads\/2023\/08\/ces1-768x402.jpg 768w, https:\/\/www.infokuryr.cz\/n\/wp-content\/uploads\/2023\/08\/ces1.jpg 1200w\" sizes=\"(max-width: 1357px) 100vw, 1357px\" \/><\/p>\n<p>P\u0159ipome\u0148me tak\u00e9, \u017ee p\u0159i vzniku Fialovy vl\u00e1dy se stal velmi rychle budouc\u00edm b\u00fdval\u00fdm ministrem tehdej\u0161\u00ed m\u00edstop\u0159edseda hnut\u00ed STAN Michalik. n\u011bkdej\u0161\u00ed starosta Doln\u00edch B\u0159e\u017ean. Zjistilo se, \u017ee starosta Michalik, krom\u011b toho, \u017ee se zab\u00fdval vcelku dob\u0159e obecn\u00edmi z\u00e1le\u017eitostmi, vedl podivn\u00e9 finan\u010dn\u00ed operace ve finan\u010dn\u00edch r\u00e1j\u00edch. Vypad\u00e1 to, jako kdyby z\u00a0t\u011bchto operac\u00ed bylo hnut\u00ed STAN finan\u010dn\u011b vy\u017eivov\u00e1no. A tak to designovan\u00fd ministr pr\u016fmyslu Michalik v\u010das zabalil a ministrem se nestal. Abychom to uzav\u0159eli, tak\u00e9 brzy pot\u00e9 zem\u0159el. A o mrtv\u00fdch jen dob\u0159e.<\/p>\n<p>Vra\u0165me se k\u00a0panu, st\u00e1le je\u0161t\u011b poslanci Gazd\u00edkovi. Po zve\u0159ejn\u011bn\u00ed skand\u00e1lu tak monument\u00e1ln\u00edch rozm\u011br\u016f jako je Dozimetr, v\u00a0n\u011bm\u017e hr\u00e1li hlavn\u00ed roli lid\u00e9 jako pan Redl, tedy p\u0159\u00e1tel\u00e9 \u010di dob\u0159\u00ed zn\u00e1m\u00ed a hlavn\u011b kooperanti p\u00e1n\u011b Gazd\u00edka, nena\u0161el v\u00a0sob\u011b Gazd\u00edk s\u00edlu, aby zmizel beze stopy z\u00a0politick\u00e9ho \u017eivota. A je\u0161t\u011b m\u00e1 chu\u0165, co\u017e je vrchol v\u0161eho, d\u011blat na p\u016fl \u00favazku bu\u010f poslance sn\u011bmovny anebo \u0159editele pr\u00fd v\u00fdznamn\u00e9ho pra\u017esk\u00e9ho gymn\u00e1zia. Vyberte si. Tomu u\u017e v\u016fbec nerozum\u00edm. Pr\u00fd to student\u016fm i jejich rodi\u010d\u016fm v\u011bt\u0161inov\u011b vadilo, kdy\u017e majitel\u00e9 p\u0159ivedli tohoto poznamenan\u00e9ho \u010dlov\u011bka, kter\u00fd nikdy p\u0159edt\u00edm, s\u00a0v\u00fdjimkou epizody na ministerstvu \u0161kolstv\u00ed, nic podstatn\u00e9ho ne\u0159\u00eddil. Majitel\u00e9 jej ale nechali vyhr\u00e1t konkurz na \u0159editele gymn\u00e1zia. Ostudn\u00e9!<\/p>\n<p>Poslanec Farsk\u00fd u\u017e se op\u011bt cpe na kandid\u00e1tku do europarlamentu a v\u016fbec mu nevad\u00ed, jak\u00fdm zp\u016fsobem si zahr\u00e1val s\u00a0d\u016fv\u011brou sv\u00fdch voli\u010d\u016f po parlamentn\u00edch volb\u00e1ch. P\u0159ipome\u0148me, \u017ee tento mil\u00fd mu\u017e cht\u011bl na n\u011bkolik m\u011bs\u00edc\u016f opustit sv\u00e9 m\u00edsto ve sn\u011bmovn\u011b (nikoliv odstoupit) a cht\u011bl si ud\u011blat \u201estudijn\u00ed cestu\u201c do USA, aby zpracoval jakousi semin\u00e1rn\u00ed pr\u00e1ci. P\u0159edpokl\u00e1d\u00e1m, \u017ee obsah semin\u00e1rn\u00ed pr\u00e1ce mohl b\u00fdt bez probl\u00e9m\u016f \u010derp\u00e1n v\u00a0dob\u011b online p\u0159\u00edstupu do digitalizovan\u00fdch archiv\u016f americk\u00fdch univerzit, klidn\u011b z\u00a0Prahy. Ale pro\u010d si nezajet na placen\u00fd v\u00fdlet do Spojen\u00fdch st\u00e1t\u016f, \u017ee. Chvili\u010dku trvalo, ne\u017e panu Farsk\u00e9mu docvaklo, \u017ee v\u00a0nastal\u00e9 situaci by m\u011bl rezignovat na funkci poslance sn\u011bmovny. Kroutil se jako had,\u00a0 ne\u017e to ud\u011blal.<\/p>\n<p>Jeho politick\u00e9 dvoj\u010de, europoslanec Pol\u010d\u00e1k, je tak\u00e9 filuta. Za finan\u010dn\u00ed reparace, kter\u00e9 pomohl z\u00edskat obc\u00edm v\u00a0okol\u00ed Vrb\u011btic, po\u0161kozen\u00fdm v\u00fdbuchy neodborn\u011b uskladn\u011bn\u00e9 munice, si \u0159ekl starost\u016fm obc\u00ed s\u00a0mr\u0148avou\u010dk\u00fdmi rozpo\u010dty o honor\u00e1\u0159 ve v\u00fd\u0161i 8 mil. K\u010d. D\u00edky tlaku ve\u0159ejn\u00e9ho m\u00edn\u011bn\u00ed pochopil, \u017ee tu libru masa, kterou chce vytnout z\u00a0t\u011bl neboh\u00fdch chud\u00fdch obc\u00ed na Zl\u00ednsku, si vz\u00edt nem\u016f\u017ee. Ztratil se na \u010das z\u00a0ve\u0159ejn\u00e9ho prostoru, aby se p\u0159ed p\u00e1r m\u011bs\u00edci op\u011bt objevil, kdy\u017e \u0159ekl, \u017ee jeho politick\u00e1 klauzura skon\u010dila, \u017ee se c\u00edt\u00ed vlastn\u011b b\u00fdt o\u010di\u0161t\u011bn.<\/p>\n<p>Mysl\u00edm, \u017ee pana Pol\u010d\u00e1ka by nebylo mo\u017en\u00e9 o\u010distit ani v\u00a0baz\u00e9nu sava. Tak\u017ee nejsp\u00ed\u0161 i on se objev\u00ed na jednom z\u00a0\u010deln\u00fdch m\u00edst kandid\u00e1tky STAN do evropsk\u00fdch voleb.<\/p>\n<p>Vrcholn\u00fdm \u010d\u00edslem kandid\u00e1tky ov\u0161em m\u00e1 b\u00fdt ne\u00fasp\u011b\u0161n\u00e1 prezidentsk\u00e1 kandid\u00e1tka, expertka na v\u0161echno a zejm\u00e9na na makroekonomii, Nerudov\u00e1. Je\u0161t\u011b se ji nepoda\u0159ilo (a ani se o to nepokou\u0161ela) vysv\u011btlit podivn\u00e9 okolnosti z\u00edsk\u00e1v\u00e1n\u00ed titul\u016f na Mendelov\u011b univerzit\u011b za \u00faplatu v\u00a0dob\u011b, kdy byla rektorkou t\u00e9to alma mater. A u\u017e chce b\u00fdt v\u00a0Bruselu. A nejl\u00e9pe eurokomisa\u0159kou. I kdy\u017e jsou \u010desk\u00e1 mainstremov\u00e1 m\u00e9dia slep\u00e1 a hluch\u00e1, kdy\u017e cht\u011bj\u00ed, a \u010desk\u00e1 policie v\u00a0jej\u00edm p\u0159\u00edpad\u011b nekonala, mysl\u00edm, \u017ee pokud se Nerudov\u00e1 p\u0159esune do Bruselu, cel\u00e1 kauza ji do\u017eene. Zahrani\u010dn\u00ed m\u00e9dia k\u00a0n\u00ed ale tak shov\u00edvav\u00e1 nebudou.<\/p>\n<p><a href=\"http:\/\/www.infokuryr.cz\/n\/wp-admin\/post-new.php\">Ji\u0159\u00ed Paroubek<\/a><\/p>\n<p><img decoding=\"async\" loading=\"lazy\" class=\"alignnone size-medium wp-image-2342\" src=\"http:\/\/www.infokuryr.cz\/n\/wp-content\/uploads\/2021\/06\/paroubek-300x208.jpg\" alt=\"\" width=\"300\" height=\"208\" srcset=\"https:\/\/www.infokuryr.cz\/n\/wp-content\/uploads\/2021\/06\/paroubek-300x208.jpg 300w, https:\/\/www.infokuryr.cz\/n\/wp-content\/uploads\/2021\/06\/paroubek.jpg 318w\" sizes=\"(max-width: 300px) 100vw, 300px\" \/><\/p>\n<p>&nbsp;<\/p>\n<p>&nbsp;<\/p>\n<p><a href=\"https:\/\/stranapro.cz\/\"><img decoding=\"async\" loading=\"lazy\" class=\"wp-image-30218 aligncenter\" src=\"http:\/\/www.infokuryr.cz\/n\/wp-content\/uploads\/2023\/06\/PRO-banner-300x36.png\" alt=\"\" width=\"1367\" height=\"164\" srcset=\"https:\/\/www.infokuryr.cz\/n\/wp-content\/uploads\/2023\/06\/PRO-banner-300x36.png 300w, https:\/\/www.infokuryr.cz\/n\/wp-content\/uploads\/2023\/06\/PRO-banner-768x93.png 768w, https:\/\/www.infokuryr.cz\/n\/wp-content\/uploads\/2023\/06\/PRO-banner.png 849w\" sizes=\"(max-width: 1367px) 100vw, 1367px\" \/><\/a><\/p>\n<p>&nbsp;<\/p>\n<p>&nbsp;<\/p>\n<p>&nbsp;<\/p>\n<p>&nbsp;<\/p>\n","protected":false},"excerpt":{"rendered":"<p>Vlastn\u011b by se tato strana dala bez n\u011bjak\u00fdch velk\u00fdch cir\u00e1t\u016f nazvat stranou poznamenan\u00fdch. Z\u00a0denn\u00edho tisku&#8230;<\/p>\n","protected":false},"author":2,"featured_media":20824,"comment_status":"closed","ping_status":"closed","sticky":false,"template":"","format":"standard","meta":[],"categories":[6],"tags":[4952,29,207,86,424,1483],"_links":{"self":[{"href":"https:\/\/www.infokuryr.cz\/n\/wp-json\/wp\/v2\/posts\/35284"}],"collection":[{"href":"https:\/\/www.infokuryr.cz\/n\/wp-json\/wp\/v2\/posts"}],"about":[{"href":"https:\/\/www.infokuryr.cz\/n\/wp-json\/wp\/v2\/types\/post"}],"author":[{"embeddable":true,"href":"https:\/\/www.infokuryr.cz\/n\/wp-json\/wp\/v2\/users\/2"}],"replies":[{"embeddable":true,"href":"https:\/\/www.infokuryr.cz\/n\/wp-json\/wp\/v2\/comments?post=35284"}],"version-history":[{"count":0,"href":"https:\/\/www.infokuryr.cz\/n\/wp-json\/wp\/v2\/posts\/35284\/revisions"}],"wp:featuredmedia":[{"embeddable":true,"href":"https:\/\/www.infokuryr.cz\/n\/wp-json\/wp\/v2\/media\/20824"}],"wp:attachment":[{"href":"https:\/\/www.infokuryr.cz\/n\/wp-json\/wp\/v2\/media?parent=35284"}],"wp:term":[{"taxonomy":"category","embeddable":true,"href":"https:\/\/www.infokuryr.cz\/n\/wp-json\/wp\/v2\/categories?post=35284"},{"taxonomy":"post_tag","embeddable":true,"href":"https:\/\/www.infokuryr.cz\/n\/wp-json\/wp\/v2\/tags?post=35284"}],"curies":[{"name":"wp","href":"https:\/\/api.w.org\/{rel}","templated":true}]}}