{"id":35190,"date":"2023-08-31T01:17:41","date_gmt":"2023-08-30T23:17:41","guid":{"rendered":"http:\/\/www.infokuryr.cz\/n\/?p=35190"},"modified":"2023-08-30T17:23:04","modified_gmt":"2023-08-30T15:23:04","slug":"statni-prevrat-v-gabonu-to-co-je-dosud-znamo-pro-zapad-jen-spatne-zpravy","status":"publish","type":"post","link":"https:\/\/www.infokuryr.cz\/n\/2023\/08\/31\/statni-prevrat-v-gabonu-to-co-je-dosud-znamo-pro-zapad-jen-spatne-zpravy\/","title":{"rendered":"St\u00e1tn\u00ed p\u0159evrat v Gabonu &#8211; to, co je dosud zn\u00e1mo. Pro Z\u00e1pad jen \u0161patn\u00e9 zpr\u00e1vy"},"content":{"rendered":"<div id=\"fb-root\"><\/div>\n<div class=\"article__intro\">\n<p><strong>V\u010derej\u0161\u00ed den na mezin\u00e1rodn\u00ed politick\u00e9 sc\u00e9n\u011b za\u010dal zpr\u00e1vami o st\u00e1tn\u00edm p\u0159evratu v Gabonu. Moc p\u0159e\u0161la na arm\u00e1du.\u00a0Mluv\u00edme o tom, co je zn\u00e1mo do t\u00e9to hodiny, a p\u0159ipom\u00edn\u00e1me, \u017ee nov\u00fd re\u017eim v zemi je ranou i pro kolektivn\u00ed Z\u00e1pad.<\/strong><\/p>\n<\/div>\n<p><span>Gabonsk\u00e1 arm\u00e1da ozn\u00e1mila zru\u0161en\u00ed v\u00fdsledk\u016f voleb a rozpu\u0161t\u011bn\u00ed sou\u010dasn\u00fdch \u00fa\u0159ad\u016f.\u00a0Z\u00e1rove\u0148 sl\u00edbili, \u017ee st\u00e1t bude nad\u00e1le plnit v\u0161echny mezin\u00e1rodn\u00ed z\u00e1vazky.\u00a0Obyvatel\u00e9 se z\u00e1rove\u0148 vyhrnuli do ulic a radovali se ze zm\u011bny re\u017eimu v zemi.\u00a0A tady byste m\u011bli \u010d\u00edst mezi \u0159\u00e1dky, co\u017e je to, co ud\u011bl\u00e1me.\u00a0Nejprve v\u0161ak kronika.\u00a0<\/span><\/p>\n<p><span>Dnes je sedm zem\u00ed v Africe pod kontrolou vojensk\u00fdch vl\u00e1d.\u00a0Blok zem\u00ed, kter\u00e9 jsou \u010dleny proevropsk\u00e9 organizace ECOWAS, je nyn\u00ed ve skute\u010dnosti obklopen nep\u0159\u00e1telsk\u00fdmi zem\u011bmi, nalad\u011bn\u00fdmi p\u0159edev\u0161\u00edm na spolupr\u00e1ci s Ruskem.<\/span><\/p>\n<p><span class=\"letter\"><iframe loading=\"lazy\" id=\"telegram-post-tsargradtv-55396\" src=\"https:\/\/t.me\/tsargradtv\/55396?embed=1\" width=\"100%\" height=\"\" frameborder=\"0\" scrolling=\"no\" data-mce-fragment=\"1\"><\/iframe><\/span><\/p>\n<h3><span style=\"font-size: 18pt;\">Co u\u017e je zn\u00e1mo o st\u00e1tn\u00edm p\u0159evratu v Gabonu<\/span><\/h3>\n<p><span>Hranice Gabonu jsou od zm\u011bny vl\u00e1dy a\u017e do odvol\u00e1n\u00ed uzav\u0159eny.\u00a0Arm\u00e1da nav\u00edc prohl\u00e1sila, \u017ee \u201eukon\u010d\u00ed re\u017eim v zemi\u201c.\u00a0Sotva v m\u00edstn\u00ed televizi skon\u010dilo vystoupen\u00ed aktivist\u016f, kte\u0159\u00ed organizovali st\u00e1tn\u00ed p\u0159evrat, v hlavn\u00edm m\u011bst\u011b zem\u011b Libreville se ozvala st\u0159elba.\u00a0<\/span><\/p>\n<p><span>\u00da\u0159aduj\u00edc\u00ed prezident Ali Bongo Ondimba, kter\u00fd je pova\u017eov\u00e1n za spojence Francie, z\u00edskal v posledn\u00edch volb\u00e1ch 64,2 % hlas\u016f a byl znovu zvolen hlavou st\u00e1tu.\u00a0Ondimba vl\u00e1dne od roku 2009, do \u010dela zem\u011b se dostal po smrti sv\u00e9ho otce, kter\u00fd byl p\u0159edt\u00edm 41 let prezidentem Gabonu.<\/span><\/p>\n<p><span>Konkurenty Ondimby ve volb\u00e1ch bylo 14 kandid\u00e1t\u016f.\u00a0Hlavn\u00edm soupe\u0159em se ale stal akademik Albert Ondo Ossa &#8211; z\u00edskal 30 % hlas\u016f, nav\u00edc se politik t\u011b\u0161\u00ed podpo\u0159e \u0161esti p\u0159edn\u00edch opozi\u010dn\u00edch stran v zemi.<\/span><\/p>\n<p><span>Zb\u00fdv\u00e1 zjistit, koho p\u0159esn\u011b arm\u00e1da podporuje.\u00a0Jasno zat\u00edm nen\u00ed.\u00a0Mimochodem, ji\u017e d\u0159\u00edve bylo ozn\u00e1meno, \u017ee internet byl v zemi vypnut\u00fd.\u00a0Nyn\u00ed je v\u0161ak komunikace obnovena.\u00a0Stoj\u00ed za to dodat, \u017ee lid\u00e9 byli odpojeni od s\u00edt\u011b ihned po skon\u010den\u00ed voleb &#8211; pravd\u011bpodobn\u011b se b\u00fdval\u00e9 \u00fa\u0159ady zem\u011b b\u00e1ly koordinace povst\u00e1n\u00ed.\u00a0A\u0165 je to jak chce, nepokoje se odehr\u00e1ly bez internetu.\u00a0<\/span><\/p>\n<h3><span style=\"font-size: 18pt;\">Kdo byl zasa\u017een, krom\u011b \u00fa\u0159ad\u016f Gabonu<\/span><\/h3>\n<p><span>Gabon je jedn\u00edm z hlavn\u00edch politick\u00fdch partner\u016f Francie v Africe: ob\u011b zem\u011b podepsaly nov\u00e9 dohody o partnerstv\u00ed v \u00fanoru 2010.\u00a0Nav\u00edc pr\u00e1v\u011b v Gabonu se nach\u00e1z\u00ed francouzsk\u00e1 vojensk\u00e1 z\u00e1kladna, jsou zde velk\u00e9 z\u00e1soby uranu.<\/span><\/p>\n<p><span>Nyn\u00ed francouzsk\u00e1 t\u011b\u017ea\u0159sk\u00e1 spole\u010dnost Eramet ozn\u00e1mila pozastaven\u00ed provozu v Gabonu.\u00a0To znamen\u00e1, \u017ee to, co se stalo v zemi, nep\u0159\u00edmo zas\u00e1hlo Francii a kolektivn\u00ed Z\u00e1pad jako celek.\u00a0Proto\u017ee uran je nezbytn\u00fd pro v\u0161echny hr\u00e1\u010de na sv\u011btov\u00e9 sc\u00e9n\u011b.\u00a0A monopolistou tohoto trhu, jak je ve\u0159ejn\u011b zn\u00e1mo, Rusko.\u00a0<\/span><\/p>\n<p><span>Dodejme, \u017ee v Nigeru ztratili Francouzi tak\u00e9 velkou z\u00f3nu vlivu.\u00a0Svr\u017een\u00e1 hlava st\u00e1tu Mohamed Bazoum byl zvolen v roce 2021 a byl pova\u017eov\u00e1n za spojence Francie.\u00a0Niger host\u00ed francouzskou vojenskou z\u00e1kladnu a m\u00e1 z\u00e1soby uranu d\u016fle\u017eit\u00e9 pro francouzsk\u00fd jadern\u00fd pr\u016fmysl&#8230;<\/span><\/p>\n<p><img decoding=\"async\" loading=\"lazy\" class=\"content-img aligncenter\" src=\"https:\/\/up.tsargrad.tv\/uploads\/30-08-2023\/20230621_zaf_p34_362.jpg\" alt=\"\" width=\"808\" height=\"539\" \/><\/p>\n<p class=\"text-sign\" style=\"text-align: center;\"><span style=\"font-size: 10pt;\"><em>FRANCIE ZTRATILA DAL\u0160\u00cdHO SPOJENCE.\u00a0FOTO: \u00a9 PANORAMIC KEYSTONE PRESS AGENCY\/GLOBALLOOKPRESS.<\/em><\/span><\/p>\n<h3><span style=\"font-size: 18pt;\">Rusk\u00e1 &#8222;tajn\u00e1 zbra\u0148&#8220;<\/span><\/h3>\n<p><span>Na z\u00e1v\u011br v\u00e1m pov\u00edme p\u0159\u00edb\u011bh z kategorie \u201earogance je druh\u00e9 \u0161t\u011bst\u00ed\u201c.\u00a0A op\u011bt zde budeme hovo\u0159it o uranu.<\/span><\/p>\n<p><span>Spojen\u00e9 st\u00e1ty d\u011blaj\u00ed v\u0161e pro to, aby p\u0159esv\u011bd\u010dily Rusko, aby se vzdalo vlastn\u00edch zdroj\u016f, kdy\u017e ne kv\u016fli tomu, tak alespo\u0148 prod\u00e1vat levn\u011bji. Nap\u0159\u00edklad uran.\u00a0Ameri\u010dt\u00ed odp\u016frci nemohou odm\u00edtnout n\u00e1kupy v Rusku.\u00a0Je mo\u017en\u00e9 je \u010d\u00e1ste\u010dn\u011b nahradit (i kdy\u017e s ohledem na ztr\u00e1tu vlivu v Africe je to ji\u017e velmi pochybn\u00e9). Ru\u0161t\u00ed\u00a0odp\u016frci proto u\u017e dlouho p\u0159esv\u011bd\u010duj\u00ed sv\u011bt, \u017ee rusk\u00fd m\u00edrov\u00fd atom nen\u00ed v\u016fbec m\u00edrumilovn\u00fd. Jako, je to jen kryt.\u00a0Ale ve skute\u010dnosti &#8230; A tady za\u010d\u00ednaj\u00ed probl\u00e9my s formulac\u00ed.\u00a0Co doopravdy?\u00a0Oni na to nep\u0159i\u0161li.\u00a0Ale pom\u016f\u017eeme si s odpov\u011bd\u00ed.<\/span><\/p>\n<p><span>Ve skute\u010dnosti Rusov\u00e9 z\u016fst\u00e1vaj\u00ed l\u00eddry na m\u00edrov\u00e9m jadern\u00e9m trhu.\u00a0A bez rusk\u00fdch zdroj\u016f Amerika nep\u0159e\u017eije. Je z\u0159ejm\u00e9, \u017ee to je d\u016fvod, pro\u010d, soub\u011b\u017en\u011b s po\u017eadavky \u201ev\u0161e rychle vr\u00e1tit\u201c, Spojen\u00e9 st\u00e1ty ti\u0161e zdvojn\u00e1sobily sv\u00e9 n\u00e1kupy uranu z Ruska.\u00a0Velmi \u0161ikovn\u00fd obchodn\u00ed p\u0159\u00edstup, skoro jako klasika: tady hrajeme, tady nehrajeme, tady jsme zabalili ryby&#8230;<\/span><\/p>\n<p><img decoding=\"async\" loading=\"lazy\" class=\"content-img aligncenter\" src=\"https:\/\/up.tsargrad.tv\/uploads\/30-08-2023\/20230113_gaf_x99_203.jpg\" alt=\"\" width=\"925\" height=\"617\" \/><\/p>\n<p class=\"text-sign\" style=\"text-align: center;\"><span style=\"font-size: 10pt;\"><em>KOMU TEDY NYN\u00cd GABON PROD\u00c1 SV\u016eJ URAN?\u00a0FOTO: \u00a9 HAN XU XINHUA\/GLOBALLOOKPRESS.<\/em><\/span><\/p>\n<p><span>Podle ofici\u00e1ln\u00edch \u00fadaj\u016f jen v prvn\u00ed polovin\u011b roku 2023 Spojen\u00e9 st\u00e1ty zv\u00fd\u0161ily dovoz uranu z Ruska na 416 tun, co\u017e je 2,2kr\u00e1t v\u00edce ne\u017e o rok d\u0159\u00edve.\u00a0Nav\u00edc jde o nejvy\u0161\u0161\u00ed \u010d\u00edslo od roku 2005.\u00a0Odborn\u00edci se domn\u00edvaj\u00ed, \u017ee n\u00e1r\u016fst n\u00e1kup\u016f m\u016f\u017ee b\u00fdt zp\u016fsoben z\u00e1m\u011brem st\u00e1t\u016f z\u00e1sobit se zdroji kv\u016fli v\u00fdkyv\u016fm trhu.\u00a0Ale je tu i jin\u00fd n\u00e1zor.\u00a0Je dost mo\u017en\u00e9, \u017ee Rusko ml\u010d\u00ed pouze na ve\u0159ejn\u00e9m poli a na provokace sv\u00fdch odp\u016frc\u016f nereaguje.\u00a0A na okraj by mohli d\u00e1t velmi jasn\u00fd sign\u00e1l: nep\u0159est\u00e1vejte b\u00fdt pobu\u0159uj\u00edc\u00ed \u2013 z\u016fstanete bez uranu.<\/span><\/p>\n<p><span>Agentura Bloomberg tedy ne\u010dekan\u011b uvedla, \u017ee uran je pr\u00e1v\u011b tou \u201ePutinovou impozantn\u00ed zbran\u00ed\u201c, na kter\u00e9 z\u00e1vis\u00ed nejen Spojen\u00e9 st\u00e1ty, ale i Evropa.\u00a0Kolektivn\u00ed Z\u00e1pad o t\u00e9to z\u00e1vislosti v\u00ed a Rusov\u00e9 ti\u0161e a m\u00edrumilovn\u011b nad\u00e1le kontrolujeme v\u0161echny dodavatelsk\u00e9 \u0159et\u011bzce. Zdvo\u0159ile a s ignorov\u00e1n\u00edm vzteku soused\u016f.<\/span><\/p>\n<p><img decoding=\"async\" loading=\"lazy\" class=\"alignnone size-full wp-image-1185\" src=\"http:\/\/www.infokuryr.cz\/n\/wp-content\/uploads\/2021\/04\/kuryr-podpis.png\" alt=\"\" width=\"84\" height=\"24\" \/><\/p>\n<p>&nbsp;<\/p>\n<p><img decoding=\"async\" loading=\"lazy\" class=\"wp-image-33819 aligncenter\" src=\"http:\/\/www.infokuryr.cz\/n\/wp-content\/uploads\/2023\/08\/ces1-300x157.jpg\" alt=\"\" width=\"1357\" height=\"710\" srcset=\"https:\/\/www.infokuryr.cz\/n\/wp-content\/uploads\/2023\/08\/ces1-300x157.jpg 300w, https:\/\/www.infokuryr.cz\/n\/wp-content\/uploads\/2023\/08\/ces1-1024x536.jpg 1024w, https:\/\/www.infokuryr.cz\/n\/wp-content\/uploads\/2023\/08\/ces1-768x402.jpg 768w, https:\/\/www.infokuryr.cz\/n\/wp-content\/uploads\/2023\/08\/ces1.jpg 1200w\" sizes=\"(max-width: 1357px) 100vw, 1357px\" \/><\/p>\n<p>&nbsp;<\/p>\n<p><a href=\"https:\/\/stranapro.cz\/\"><img decoding=\"async\" loading=\"lazy\" class=\"wp-image-30218 aligncenter\" src=\"http:\/\/www.infokuryr.cz\/n\/wp-content\/uploads\/2023\/06\/PRO-banner-300x36.png\" alt=\"\" width=\"1367\" height=\"164\" srcset=\"https:\/\/www.infokuryr.cz\/n\/wp-content\/uploads\/2023\/06\/PRO-banner-300x36.png 300w, https:\/\/www.infokuryr.cz\/n\/wp-content\/uploads\/2023\/06\/PRO-banner-768x93.png 768w, https:\/\/www.infokuryr.cz\/n\/wp-content\/uploads\/2023\/06\/PRO-banner.png 849w\" sizes=\"(max-width: 1367px) 100vw, 1367px\" \/><\/a><\/p>\n<p>&nbsp;<\/p>\n<p>&nbsp;<\/p>\n<p>&nbsp;<\/p>\n","protected":false},"excerpt":{"rendered":"<p>V\u010derej\u0161\u00ed den na mezin\u00e1rodn\u00ed politick\u00e9 sc\u00e9n\u011b za\u010dal zpr\u00e1vami o st\u00e1tn\u00edm p\u0159evratu v Gabonu. Moc p\u0159e\u0161la&#8230;<\/p>\n","protected":false},"author":2,"featured_media":35191,"comment_status":"closed","ping_status":"closed","sticky":false,"template":"","format":"standard","meta":[],"categories":[7],"tags":[5788,29,921,365],"_links":{"self":[{"href":"https:\/\/www.infokuryr.cz\/n\/wp-json\/wp\/v2\/posts\/35190"}],"collection":[{"href":"https:\/\/www.infokuryr.cz\/n\/wp-json\/wp\/v2\/posts"}],"about":[{"href":"https:\/\/www.infokuryr.cz\/n\/wp-json\/wp\/v2\/types\/post"}],"author":[{"embeddable":true,"href":"https:\/\/www.infokuryr.cz\/n\/wp-json\/wp\/v2\/users\/2"}],"replies":[{"embeddable":true,"href":"https:\/\/www.infokuryr.cz\/n\/wp-json\/wp\/v2\/comments?post=35190"}],"version-history":[{"count":1,"href":"https:\/\/www.infokuryr.cz\/n\/wp-json\/wp\/v2\/posts\/35190\/revisions"}],"predecessor-version":[{"id":35192,"href":"https:\/\/www.infokuryr.cz\/n\/wp-json\/wp\/v2\/posts\/35190\/revisions\/35192"}],"wp:featuredmedia":[{"embeddable":true,"href":"https:\/\/www.infokuryr.cz\/n\/wp-json\/wp\/v2\/media\/35191"}],"wp:attachment":[{"href":"https:\/\/www.infokuryr.cz\/n\/wp-json\/wp\/v2\/media?parent=35190"}],"wp:term":[{"taxonomy":"category","embeddable":true,"href":"https:\/\/www.infokuryr.cz\/n\/wp-json\/wp\/v2\/categories?post=35190"},{"taxonomy":"post_tag","embeddable":true,"href":"https:\/\/www.infokuryr.cz\/n\/wp-json\/wp\/v2\/tags?post=35190"}],"curies":[{"name":"wp","href":"https:\/\/api.w.org\/{rel}","templated":true}]}}