{"id":35152,"date":"2023-08-30T12:50:47","date_gmt":"2023-08-30T10:50:47","guid":{"rendered":"http:\/\/www.infokuryr.cz\/n\/?p=35152"},"modified":"2023-08-30T12:50:47","modified_gmt":"2023-08-30T10:50:47","slug":"sef-zahranicni-zpravodajske-sluzby-oznamil-reakci-ruska-na-agresi-nato","status":"publish","type":"post","link":"https:\/\/www.infokuryr.cz\/n\/2023\/08\/30\/sef-zahranicni-zpravodajske-sluzby-oznamil-reakci-ruska-na-agresi-nato\/","title":{"rendered":"\u0160\u00e9f zahrani\u010dn\u00ed zpravodajsk\u00e9 slu\u017eby ozn\u00e1mil reakci Ruska na agresi NATO"},"content":{"rendered":"<div id=\"fb-root\"><\/div>\n<p class=\"lead\"><strong>Speci\u00e1ln\u00ed vojensk\u00e1 operace na Ukrajin\u011b byla rozhoduj\u00edc\u00ed reakc\u00ed na agresi NATO proti Rusku.\u00a0<a href=\"https:\/\/eadaily.com\/ru\/news\/2023\/08\/30\/naryshkin-zvenyami-v-cepi-voennyh-prestupleniy-nato-dolzhny-byli-stat-krym-i-donbass\" target=\"_blank\" rel=\"noopener\">Uvedl<\/a>\u00a0to\u00a0p\u0159edseda Rusk\u00e9 historick\u00e9 spole\u010dnosti (RIO), \u0159editel Zahrani\u010dn\u00ed zpravodajsk\u00e9 slu\u017eby (SVR) Rusk\u00e9 federace Sergej Nary\u0161kin.<\/strong><\/p>\n<p><em>&#8222;Speci\u00e1ln\u00ed vojensk\u00e1 operace na Ukrajin\u011b je rozhoduj\u00edc\u00ed odpov\u011bd\u00ed na agresi NATO proti na\u0161\u00ed zemi,&#8220;<span class=\"after-quote\">\u00a0&#8211; poznamenal dnes, 30. srpna, p\u0159i zah\u00e1jen\u00ed v\u00fdstavy v Dom\u011b RIO v\u011bnovan\u00e9 agresi NATO proti Jugosl\u00e1vii.<\/span><\/em><\/p>\n<p><span style=\"font-size: 18pt;\"><strong>Rostouc\u00edmu apetitu NATO lze \u010delit pouze tvrdost\u00ed<\/strong><\/span><\/p>\n<p class=\"lead\"><span>Chut\u011b Severoatlantick\u00e9 aliance, kter\u00e1 uv\u011b\u0159ila ve svou beztrestnost, jen rostou.\u00a0U kulat\u00e9ho stolu v\u011bnovan\u00e9ho v\u00fdro\u010d\u00ed vojensk\u00e9 agrese NATO proti Republice srbsk\u00e9 to uvedl \u0159editel Zahrani\u010dn\u00ed zpravodajsk\u00e9 slu\u017eby (SVR) Rusk\u00e9 federace Sergej Nary\u0161kin.<\/span><\/p>\n<p><em>\u201eKdy\u017e se ohl\u00e9dneme za v\u00edce ne\u017e p\u016flstolet\u00edm historie Severoatlantick\u00e9 aliance, je z\u0159ejm\u00e9, \u017ee choutky agresora, kter\u00fd v\u011b\u0159\u00ed ve svou beztrestnost, m\u016f\u017ee jen r\u016fst.\u00a0V takov\u00fdch p\u0159\u00edpadech, jak ukazuje historie, m\u016f\u017ee pomoci pouze v\u010dasn\u00e1 pevnost,<span class=\"after-quote\"> &#8211; cituj\u00ed m\u00e9dia Naryshkina.<\/span><\/em><\/p>\n<p><img decoding=\"async\" loading=\"lazy\" class=\"alignnone size-full wp-image-1185\" src=\"http:\/\/www.infokuryr.cz\/n\/wp-content\/uploads\/2021\/04\/kuryr-podpis.png\" alt=\"\" width=\"84\" height=\"24\" \/><\/p>\n<p>&nbsp;<\/p>\n<p><img decoding=\"async\" loading=\"lazy\" class=\"wp-image-33819 aligncenter\" src=\"http:\/\/www.infokuryr.cz\/n\/wp-content\/uploads\/2023\/08\/ces1-300x157.jpg\" alt=\"\" width=\"1361\" height=\"712\" srcset=\"https:\/\/www.infokuryr.cz\/n\/wp-content\/uploads\/2023\/08\/ces1-300x157.jpg 300w, https:\/\/www.infokuryr.cz\/n\/wp-content\/uploads\/2023\/08\/ces1-1024x536.jpg 1024w, https:\/\/www.infokuryr.cz\/n\/wp-content\/uploads\/2023\/08\/ces1-768x402.jpg 768w, https:\/\/www.infokuryr.cz\/n\/wp-content\/uploads\/2023\/08\/ces1.jpg 1200w\" sizes=\"(max-width: 1361px) 100vw, 1361px\" \/><\/p>\n<p>&nbsp;<\/p>\n<p><a href=\"https:\/\/stranapro.cz\/\"><img decoding=\"async\" loading=\"lazy\" class=\"wp-image-30218 aligncenter\" src=\"http:\/\/www.infokuryr.cz\/n\/wp-content\/uploads\/2023\/06\/PRO-banner-300x36.png\" alt=\"\" width=\"1367\" height=\"164\" srcset=\"https:\/\/www.infokuryr.cz\/n\/wp-content\/uploads\/2023\/06\/PRO-banner-300x36.png 300w, https:\/\/www.infokuryr.cz\/n\/wp-content\/uploads\/2023\/06\/PRO-banner-768x93.png 768w, https:\/\/www.infokuryr.cz\/n\/wp-content\/uploads\/2023\/06\/PRO-banner.png 849w\" sizes=\"(max-width: 1367px) 100vw, 1367px\" \/><\/a><\/p>\n<p>&nbsp;<\/p>\n<p>&nbsp;<\/p>\n<p>&nbsp;<\/p>\n<p>&nbsp;<\/p>\n","protected":false},"excerpt":{"rendered":"<p>Speci\u00e1ln\u00ed vojensk\u00e1 operace na Ukrajin\u011b byla rozhoduj\u00edc\u00ed reakc\u00ed na agresi NATO proti Rusku.\u00a0Uvedl\u00a0to\u00a0p\u0159edseda Rusk\u00e9 historick\u00e9&#8230;<\/p>\n","protected":false},"author":2,"featured_media":19041,"comment_status":"closed","ping_status":"closed","sticky":false,"template":"","format":"standard","meta":[],"categories":[7],"tags":[738,5311,39],"_links":{"self":[{"href":"https:\/\/www.infokuryr.cz\/n\/wp-json\/wp\/v2\/posts\/35152"}],"collection":[{"href":"https:\/\/www.infokuryr.cz\/n\/wp-json\/wp\/v2\/posts"}],"about":[{"href":"https:\/\/www.infokuryr.cz\/n\/wp-json\/wp\/v2\/types\/post"}],"author":[{"embeddable":true,"href":"https:\/\/www.infokuryr.cz\/n\/wp-json\/wp\/v2\/users\/2"}],"replies":[{"embeddable":true,"href":"https:\/\/www.infokuryr.cz\/n\/wp-json\/wp\/v2\/comments?post=35152"}],"version-history":[{"count":0,"href":"https:\/\/www.infokuryr.cz\/n\/wp-json\/wp\/v2\/posts\/35152\/revisions"}],"wp:featuredmedia":[{"embeddable":true,"href":"https:\/\/www.infokuryr.cz\/n\/wp-json\/wp\/v2\/media\/19041"}],"wp:attachment":[{"href":"https:\/\/www.infokuryr.cz\/n\/wp-json\/wp\/v2\/media?parent=35152"}],"wp:term":[{"taxonomy":"category","embeddable":true,"href":"https:\/\/www.infokuryr.cz\/n\/wp-json\/wp\/v2\/categories?post=35152"},{"taxonomy":"post_tag","embeddable":true,"href":"https:\/\/www.infokuryr.cz\/n\/wp-json\/wp\/v2\/tags?post=35152"}],"curies":[{"name":"wp","href":"https:\/\/api.w.org\/{rel}","templated":true}]}}