{"id":35142,"date":"2023-08-30T06:18:49","date_gmt":"2023-08-30T04:18:49","guid":{"rendered":"https:\/\/www.infokuryr.cz\/n\/?p=35142"},"modified":"2023-08-30T06:18:49","modified_gmt":"2023-08-30T04:18:49","slug":"pentagon-uvedl-ze-ma-pro-kyjev-dost-penez-pouze-do-konce-zari","status":"publish","type":"post","link":"https:\/\/www.infokuryr.cz\/n\/2023\/08\/30\/pentagon-uvedl-ze-ma-pro-kyjev-dost-penez-pouze-do-konce-zari\/","title":{"rendered":"Pentagon uvedl, \u017ee m\u00e1 pro Kyjev dost pen\u011bz pouze do konce z\u00e1\u0159\u00ed"},"content":{"rendered":"<div id=\"fb-root\"><\/div>\n<p class=\"lead\"><strong>V tuto chv\u00edli m\u00e1 americk\u00e9 ministerstvo obrany prost\u0159edky na pomoc Kyjevu, minim\u00e1ln\u011b do konce z\u00e1\u0159\u00ed.\u00a0V \u00fater\u00fd 29. srpna to ozn\u00e1mila z\u00e1stupkyn\u011b tiskov\u00e9ho mluv\u010d\u00edho Pentagonu Sabrina Singhov\u00e1.<\/strong><\/p>\n<p><em>\u201eM\u00e1me dost pen\u011bz, abychom uspokojili pot\u0159eby Ukrajiny do konce finan\u010dn\u00edho roku.\u00a0Ale jak v\u00edte, Kongresu byla p\u0159edlo\u017eena \u017e\u00e1dost o dodate\u010dn\u00fd bal\u00ed\u010dek pomoci a douf\u00e1me, \u017ee bude schv\u00e1lena.<span class=\"after-quote\"> \u0159ekla na pravideln\u00e9m briefingu.<\/span><\/em><\/p>\n<p><span>Singhov\u00e1 z\u00e1rove\u0148 nedok\u00e1zala uv\u00e9st konkr\u00e9tn\u00ed rozpo\u010det odd\u011blen\u00ed pro tyto \u00fa\u010dely a sl\u00edbila, \u017ee informace objasn\u00ed.<\/span><\/p>\n<p><span>D\u0159\u00edve b\u011bhem dne tiskov\u00e1 tajemnice B\u00edl\u00e9ho domu\u00a0<\/span><strong><span>Karine Jean-Pierre<\/span><\/strong><span>\u00a0ozn\u00e1mila, \u017ee Spojen\u00e9 st\u00e1ty poskytnou Ukrajin\u011b dal\u0161\u00ed bal\u00ed\u010dek vojensk\u00e9 pomoci.\u00a0N\u00e1klady na zbran\u011b p\u0159eveden\u00e9 v r\u00e1mci tohoto bal\u00ed\u010dku se odhaduj\u00ed na 250 milion\u016f dolar\u016f.<\/span><\/p>\n<p><span>Podle americk\u00e9ho ministra zahrani\u010d\u00ed\u00a0<\/span><strong><span>Anthonyho Blinkena<\/span><\/strong><span>\u00a0Kyjev obdr\u017e\u00ed v\u00edcen\u00e1sobn\u00e9 odpalovac\u00ed raketov\u00e9 syst\u00e9my HIMARS (MLRS), rakety pro syst\u00e9my protivzdu\u0161n\u00e9 obrany a d\u011blost\u0159eleck\u00e9 gran\u00e1ty.\u00a0Pentagon nav\u00edc poskytne Kyjevu z\u00e1soby pro odminov\u00e1n\u00ed a n\u00e1hradn\u00ed d\u00edly.<\/span><\/p>\n<p><img decoding=\"async\" loading=\"lazy\" class=\"alignnone size-full wp-image-1185\" src=\"http:\/\/www.infokuryr.cz\/n\/wp-content\/uploads\/2021\/04\/kuryr-podpis.png\" alt=\"\" width=\"84\" height=\"24\" \/><\/p>\n<p>&nbsp;<\/p>\n<p><img decoding=\"async\" loading=\"lazy\" class=\"wp-image-33819 aligncenter\" src=\"http:\/\/www.infokuryr.cz\/n\/wp-content\/uploads\/2023\/08\/ces1-300x157.jpg\" alt=\"\" width=\"1364\" height=\"714\" srcset=\"https:\/\/www.infokuryr.cz\/n\/wp-content\/uploads\/2023\/08\/ces1-300x157.jpg 300w, https:\/\/www.infokuryr.cz\/n\/wp-content\/uploads\/2023\/08\/ces1-1024x536.jpg 1024w, https:\/\/www.infokuryr.cz\/n\/wp-content\/uploads\/2023\/08\/ces1-768x402.jpg 768w, https:\/\/www.infokuryr.cz\/n\/wp-content\/uploads\/2023\/08\/ces1.jpg 1200w\" sizes=\"(max-width: 1364px) 100vw, 1364px\" \/><\/p>\n<p>&nbsp;<\/p>\n<p><a href=\"https:\/\/stranapro.cz\/\"><img decoding=\"async\" loading=\"lazy\" class=\"wp-image-30218 aligncenter\" src=\"http:\/\/www.infokuryr.cz\/n\/wp-content\/uploads\/2023\/06\/PRO-banner-300x36.png\" alt=\"\" width=\"1358\" height=\"163\" srcset=\"https:\/\/www.infokuryr.cz\/n\/wp-content\/uploads\/2023\/06\/PRO-banner-300x36.png 300w, https:\/\/www.infokuryr.cz\/n\/wp-content\/uploads\/2023\/06\/PRO-banner-768x93.png 768w, https:\/\/www.infokuryr.cz\/n\/wp-content\/uploads\/2023\/06\/PRO-banner.png 849w\" sizes=\"(max-width: 1358px) 100vw, 1358px\" \/><\/a><\/p>\n<p>&nbsp;<\/p>\n<p>&nbsp;<\/p>\n<p>&nbsp;<\/p>\n","protected":false},"excerpt":{"rendered":"<p>V tuto chv\u00edli m\u00e1 americk\u00e9 ministerstvo obrany prost\u0159edky na pomoc Kyjevu, minim\u00e1ln\u011b do konce z\u00e1\u0159\u00ed.\u00a0V&#8230;<\/p>\n","protected":false},"author":2,"featured_media":2010,"comment_status":"closed","ping_status":"closed","sticky":false,"template":"","format":"standard","meta":[],"categories":[7],"tags":[90,380,26],"_links":{"self":[{"href":"https:\/\/www.infokuryr.cz\/n\/wp-json\/wp\/v2\/posts\/35142"}],"collection":[{"href":"https:\/\/www.infokuryr.cz\/n\/wp-json\/wp\/v2\/posts"}],"about":[{"href":"https:\/\/www.infokuryr.cz\/n\/wp-json\/wp\/v2\/types\/post"}],"author":[{"embeddable":true,"href":"https:\/\/www.infokuryr.cz\/n\/wp-json\/wp\/v2\/users\/2"}],"replies":[{"embeddable":true,"href":"https:\/\/www.infokuryr.cz\/n\/wp-json\/wp\/v2\/comments?post=35142"}],"version-history":[{"count":0,"href":"https:\/\/www.infokuryr.cz\/n\/wp-json\/wp\/v2\/posts\/35142\/revisions"}],"wp:featuredmedia":[{"embeddable":true,"href":"https:\/\/www.infokuryr.cz\/n\/wp-json\/wp\/v2\/media\/2010"}],"wp:attachment":[{"href":"https:\/\/www.infokuryr.cz\/n\/wp-json\/wp\/v2\/media?parent=35142"}],"wp:term":[{"taxonomy":"category","embeddable":true,"href":"https:\/\/www.infokuryr.cz\/n\/wp-json\/wp\/v2\/categories?post=35142"},{"taxonomy":"post_tag","embeddable":true,"href":"https:\/\/www.infokuryr.cz\/n\/wp-json\/wp\/v2\/tags?post=35142"}],"curies":[{"name":"wp","href":"https:\/\/api.w.org\/{rel}","templated":true}]}}