{"id":3514,"date":"2021-07-22T15:26:29","date_gmt":"2021-07-22T13:26:29","guid":{"rendered":"http:\/\/www.infokuryr.cz\/n\/?p=3514"},"modified":"2021-07-22T15:26:29","modified_gmt":"2021-07-22T13:26:29","slug":"neprimereny-politicky-rozsudek-ovcacek-protestuje-proti-drsne-sazbe-za-cestu-na-donbas","status":"publish","type":"post","link":"https:\/\/www.infokuryr.cz\/n\/2021\/07\/22\/neprimereny-politicky-rozsudek-ovcacek-protestuje-proti-drsne-sazbe-za-cestu-na-donbas\/","title":{"rendered":"\u201eNep\u0159im\u011b\u0159en\u00fd politick\u00fd rozsudek.\u201c Ov\u010d\u00e1\u010dek protestuje proti drsn\u00e9 sazb\u011b za cestu na Donbas"},"content":{"rendered":"<div id=\"fb-root\"><\/div>\n<p><strong>Mluv\u010d\u00ed prezidenta republiky Ji\u0159\u00ed Ov\u010d\u00e1\u010dek protestuje proti rozhodnut\u00ed soudu, kter\u00fd odsoudil k vysok\u00e9mu trestu B\u011blorusa kv\u016fli \u00fadajn\u00e9mu terorismu na Donbasu.<\/strong><\/p>\n<p>Vrchn\u00ed soud v Praze v\u00fdrazn\u011b zp\u0159\u00edsnil trest B\u011blorusovi Alexandru Fad\u011bjevovi, kter\u00fd se m\u011bl podle ob\u017ealoby \u00fa\u010dastnit boj\u016f na Donbasu. Ulo\u017eil mu trest 21 let odn\u011bt\u00ed svobody, nebo\u0165 se pr\u00fd dopustil terorismu ve zlo\u010dineck\u00e9 skupin\u011b. Pra\u017esk\u00fd m\u011bstsk\u00fd soud ho p\u0159edt\u00edm odsoudil na 4,5 roku odn\u011bt\u00ed svobody. Proti tomuto rozhodnut\u00ed se v\u0161ak st\u00e1tn\u00ed z\u00e1stupce odvolal.<\/p>\n<p>Ov\u010d\u00e1\u010dek na v\u00fd\u0161i trestu reagoval slovy o tom, \u017ee toto soudn\u00ed rozhodnut\u00ed nem\u00e1 nic spole\u010dn\u00e9ho se z\u00e1konnost\u00ed a jde o\u00a0politick\u00fd\u00a0verdikt.<\/p>\n<p><strong>\u201eSe z\u00e1konnost\u00ed nem\u00e1 tento rozsudek nic spole\u010dn\u00e9ho. Jde zcela zjevn\u011b o nep\u0159im\u011b\u0159en\u00fd politick\u00fd verdikt. Jako ob\u010dan t\u00e9to zem\u011b proto vyjad\u0159uji rozhodn\u00fd protest,\u201c<\/strong> napsal na sv\u00fdch soci\u00e1ln\u00edch s\u00edt\u00edch.<\/p>\n<p>Mluv\u010d\u00ed Milo\u0161e Zemana n\u00e1sledn\u011b p\u0159i\u0161el s argumentac\u00ed, pro\u010d je rozsudek <strong>\u201ezcela zjevn\u011b\u201c<\/strong> nez\u00e1konn\u00fd.<\/p>\n<p><strong>\u00a0\u201eNez\u00e1konnost rozsudku \u201e21 let\u201c plyne ze zcela zjevn\u00fdch skute\u010dnost\u00ed: 1) DLR a LLR nejsou na seznamu teroristick\u00fdch organizac\u00ed. 2) DLR a LLR jsou akt\u00e9ry Minsk\u00fdch dohod dojednan\u00fdch mj. N\u011bmeckem a Franci\u00ed,\u201d uvedl Ji\u0159\u00ed Ov\u010d\u00e1\u010dek.<\/strong><\/p>\n<p>Hradn\u00ed mluv\u010d\u00ed d\u00e1le pouk\u00e1zal na sklouz\u00e1v\u00e1n\u00ed do\u00a0totality, v n\u00ed\u017e \u010dlov\u011bk jako jedinec p\u0159est\u00e1v\u00e1 m\u00edt jakoukoli hodnotu.<\/p>\n<p><strong>\u201eTotalita je zakotvena v tom okam\u017eiku, kdy nespravedlnost z\u016fst\u00e1v\u00e1 nepov\u0161imnuta, bu\u010f ze strachu nebo z lhostejnosti. Tehdy u\u017e \u010dlov\u011bk neznamen\u00e1 nic,\u201c<\/strong> napsal na sv\u00fdch soci\u00e1ln\u00edch s\u00edt\u00edch mluv\u010d\u00ed Milo\u0161e Zemana.<\/p>\n<p><strong>Donbas<\/strong><\/p>\n<p>Na za\u010d\u00e1tku \u010dervna jsme\u00a0informovali, \u017ee M\u011bstsk\u00fd soud v Praze ud\u011blil dvacetilet\u00fd trest ob\u010danovi \u010cR, kter\u00fd v roce 2015 odcestoval na Ukrajinu, aby se z\u00fa\u010dastnil konfliktu na Donbasu na stran\u011b povstalc\u016f. Martin Kantor byl obvin\u011bn z teroristick\u00e9ho \u00fatoku a \u00fa\u010dasti na teroristick\u00e9 skupin\u011b, i kdy\u017e jeho obh\u00e1jce pova\u017euje p\u0159edlo\u017een\u00e9 d\u016fkazy za nedostate\u010dn\u00e9 pro to, aby byl doty\u010dn\u00fd odsouzen.<\/p>\n<p>Verdikt pra\u017esk\u00e9ho m\u011bstsk\u00e9ho soudu v\u016f\u010di \u010desk\u00e9mu ob\u010danovi Martinu Kantorovi se zakl\u00e1dal zejm\u00e9na na komunikaci odsouzen\u00e9ho s jeho kamar\u00e1dy, v n\u00ed\u017e m\u011bl doty\u010dn\u00fd prozradit detaily sv\u00e9ho p\u016fsoben\u00ed b\u011bhem vojensk\u00e9ho konfliktu na Donbasu. Soudce Jan \u0160ott\u00a0poznamenal, \u017ee p\u0159edlo\u017een\u00e1 sv\u011bdectv\u00ed jsou dostate\u010dn\u00e1 pro to, aby se soud rozhodl uznat Kantora vinn\u00fdm z teroristick\u00e9ho \u00fatoku a \u00fa\u010dasti na teroristick\u00e9 skupin\u011b.<\/p>\n<p><a href=\"https:\/\/cz.sputniknews.com\/20210722\/neprimereny-politicky-rozsudek-ovcacek-protestuje-proti-drsne-sazbe-za-cestu-na-donbas-15230294.html\">ZDROJ<\/a><\/p>\n<p>&nbsp;<\/p>\n<p>&nbsp;<\/p>\n","protected":false},"excerpt":{"rendered":"<p>Mluv\u010d\u00ed prezidenta republiky Ji\u0159\u00ed Ov\u010d\u00e1\u010dek protestuje proti rozhodnut\u00ed soudu, kter\u00fd odsoudil k vysok\u00e9mu trestu B\u011blorusa&#8230;<\/p>\n","protected":false},"author":2,"featured_media":1596,"comment_status":"closed","ping_status":"closed","sticky":false,"template":"","format":"standard","meta":[],"categories":[6],"tags":[33,520,324,48],"_links":{"self":[{"href":"https:\/\/www.infokuryr.cz\/n\/wp-json\/wp\/v2\/posts\/3514"}],"collection":[{"href":"https:\/\/www.infokuryr.cz\/n\/wp-json\/wp\/v2\/posts"}],"about":[{"href":"https:\/\/www.infokuryr.cz\/n\/wp-json\/wp\/v2\/types\/post"}],"author":[{"embeddable":true,"href":"https:\/\/www.infokuryr.cz\/n\/wp-json\/wp\/v2\/users\/2"}],"replies":[{"embeddable":true,"href":"https:\/\/www.infokuryr.cz\/n\/wp-json\/wp\/v2\/comments?post=3514"}],"version-history":[{"count":0,"href":"https:\/\/www.infokuryr.cz\/n\/wp-json\/wp\/v2\/posts\/3514\/revisions"}],"wp:featuredmedia":[{"embeddable":true,"href":"https:\/\/www.infokuryr.cz\/n\/wp-json\/wp\/v2\/media\/1596"}],"wp:attachment":[{"href":"https:\/\/www.infokuryr.cz\/n\/wp-json\/wp\/v2\/media?parent=3514"}],"wp:term":[{"taxonomy":"category","embeddable":true,"href":"https:\/\/www.infokuryr.cz\/n\/wp-json\/wp\/v2\/categories?post=3514"},{"taxonomy":"post_tag","embeddable":true,"href":"https:\/\/www.infokuryr.cz\/n\/wp-json\/wp\/v2\/tags?post=3514"}],"curies":[{"name":"wp","href":"https:\/\/api.w.org\/{rel}","templated":true}]}}