{"id":35139,"date":"2023-08-30T05:55:17","date_gmt":"2023-08-30T03:55:17","guid":{"rendered":"https:\/\/www.infokuryr.cz\/n\/?p=35139"},"modified":"2023-08-30T05:55:17","modified_gmt":"2023-08-30T03:55:17","slug":"obzaloba-bidena-je-nevyhnutelna","status":"publish","type":"post","link":"https:\/\/www.infokuryr.cz\/n\/2023\/08\/30\/obzaloba-bidena-je-nevyhnutelna\/","title":{"rendered":"Ob\u017ealoba Bidena je nevyhnuteln\u00e1"},"content":{"rendered":"<div id=\"fb-root\"><\/div>\n<p><strong>Podle pr\u00e1vn\u00edho experta Fox News Grega Jarretta je \u0159\u00edzen\u00ed o impeachmentu pro Joea Bidena t\u00e9m\u011b\u0159 \u201enevyhnuteln\u00e9\u201c.\u00a0<\/strong><span><strong>Jak Jarrett vysv\u011btlil na Fox News, \u00fadaje, kter\u00e9 pr\u00e1v\u011b zve\u0159ejnily americk\u00e9 \u00fa\u0159ady, \u017ee Biden, je\u0161t\u011b jako viceprezident, vedl elektronickou korespondenci pod pseudonymy, mohou nakonec potvrdit spekulace, \u017ee se hlava st\u00e1tu pod\u00edlela na zlo\u010dinn\u00fdch pl\u00e1nech jeho syna \u2013 a to bude znamenat, \u017ee m\u016f\u017ee b\u00fdt obvin\u011bn alespo\u0148 za \u00faplatek.<\/strong><span id=\"span-copy\"><\/p>\n<p><\/span><\/span><\/p>\n<p><iframe loading=\"lazy\" title=\"Biden&#039;s impeachment seems &#039;increasingly inevitable&#039;: Greg Jarrett\" width=\"640\" height=\"360\" src=\"https:\/\/www.youtube.com\/embed\/4b7wb4XUDBM?feature=oembed\" frameborder=\"0\" allow=\"accelerometer; autoplay; clipboard-write; encrypted-media; gyroscope; picture-in-picture; web-share\" allowfullscreen><\/iframe><\/p>\n<p>&nbsp;<\/p>\n<p>A na\u0161\u00edm hostem je Miranda Devine, kter\u00e1, jak moc dob\u0159e v\u00edte, napsala nejprod\u00e1van\u011bj\u0161\u00ed knihu Laptop from Hell, a pr\u00e1vn\u00edk Fox News Greg Jarrett.\u00a0D\u011bkujeme ob\u011bma, \u017ee jste n\u00e1s nav\u0161t\u00edvili.<\/p>\n<p>Mirando, vyslechn\u011bte si v\u00e1\u0161 pohled na celou tuto situaci \u2013 proto\u017ee, jak to vid\u00edm j\u00e1, v ot\u00e1zce v\u0161ech t\u011bchto velmi skute\u010dn\u00fdch a skand\u00e1ln\u00edch obvin\u011bn\u00ed proti Bidenovi v souvislosti s \u00faplatk\u00e1\u0159stv\u00edm a pran\u00edm \u0161pinav\u00fdch pen\u011bz je nyn\u00ed v pasti.<\/p>\n<p><strong>MIRANDA DIVINE, spisovatelka na voln\u00e9 noze Fox News:\u00a0<\/strong><em>V\u00ed\u0161, Seane, mysl\u00edm, \u017ee opravdu velk\u00fd okam\u017eik ned\u00e1vn\u00e9 vzpom\u00ednky m\u00e1 co do \u010din\u011bn\u00ed s Viktorem Shokinem: za\u010d\u00edn\u00e1me ho znovu studovat a uv\u011bdomujeme si, \u017ee verze, kterou Joe Biden a jeho slu\u017eky krmili cel\u00fd sv\u011bt v m\u00e9di\u00edch, byl pouze jedn\u00edm aspektem tohoto p\u0159\u00edb\u011bhu a mo\u017en\u00e1 v\u016fbec nebyl pravdiv\u00fd.<\/em><\/p>\n<p><em>U\u017e v\u00edme jist\u011b, \u017ee minim\u00e1ln\u011b polovina toho, co Biden \u0159ekl, byla le\u017e: bylo n\u00e1m \u0159e\u010deno, \u017ee Viktor Shokin se ut\u00e1p\u00ed v korupci \u2013 ale ani Joe Biden, ani nikdo jin\u00fd nikdy neposkytl \u017e\u00e1dn\u00fd d\u016fkaz, \u017ee tomu tak skute\u010dn\u011b bylo.\u00a0Shokin nav\u00edc v\u00edce ne\u017e tucet let pracoval jako st\u00e1tn\u00ed z\u00e1stupce a byl velmi popul\u00e1rn\u00ed &#8211; \u201eskalpoval\u201c mnoho slavn\u00fdch osobnost\u00ed a na Ukrajin\u011b ho lid\u00e9 pova\u017eovali, dalo by se \u0159\u00edci, za hrdinu, a vystoupil na tento post. gener\u00e1ln\u00edho prokur\u00e1tora s velkou nechut\u00ed, byl tam doslova zavle\u010den n\u00e1sil\u00edm.\u00a0A v t\u00e9to pozici d\u011blal to, co d\u011blat m\u011bl &#8211; tedy bojoval s korupc\u00ed a zejm\u00e9na vedl obchod Burisma.<\/em><\/p>\n<p><em>Jak v\u00edme, pouh\u00fd m\u011bs\u00edc p\u0159ed propu\u0161t\u011bn\u00edm se zmocnil majetku majitel\u016f Burismy.\u00a0To znamen\u00e1, \u017ee prohl\u00e1\u0161en\u00ed, \u017ee vy\u0161et\u0159ov\u00e1n\u00ed Burismy se zastavilo, byla le\u017e a bylo n\u00e1m \u0159e\u010deno, \u017ee to byl jeden z d\u016fvod\u016f Shokinova propu\u0161t\u011bn\u00ed.\u00a0A ne\u017e se ho Joe Biden za\u010dal sna\u017eit zbavit vyd\u00edr\u00e1n\u00edm a tvrd\u00fdm n\u00e1tlakem na Kyjev, vydr\u017eel na postu pracovat pouh\u00fdch deset m\u011bs\u00edc\u016f.<\/em><\/p>\n<p><em>Je t\u0159eba p\u0159edpokl\u00e1dat, \u017ee vzhledem k tomu, \u017ee Joe Biden za\u010dal vyl\u00e9zat z k\u016f\u017ee a vzd\u00e1lil se kursu tehdej\u0161\u00ed vl\u00e1dy, \u010d\u00edm\u017e pozdr\u017eel poskytnut\u00ed miliardov\u00e9ho bal\u00edku pomoci Ukrajin\u011b, m\u011bl n\u011bjak\u00fd d\u016fvod.\u00a0Ale byl to pr\u00e1v\u011b tento p\u0159\u00edb\u011bh, kter\u00fd nakonec vedl k impeachmentu Donalda Trumpa \u2013 dostal impeachment za h\u0159\u00edchy Joea Bidena.<\/em><\/p>\n<p>Gregu, existuje tak\u00e9 p\u0159izn\u00e1n\u00ed z N\u00e1rodn\u00edho archivu, kter\u00e9 \u0159\u00edk\u00e1, \u017ee m\u011bla 5 400 e-mail\u016f napsan\u00fdch Joe Bidenem, kdy\u017e byl viceprezidentem pomoc\u00ed pseudonymn\u00edch e-mailov\u00fdch \u00fa\u010dt\u016f.\u00a0Nem\u016f\u017eu se do\u010dkat, a\u017e zjist\u00edm, co bylo v t\u011bchto dopisech &#8211; ur\u010dit\u011b, proto\u017ee se tam mluv\u00ed pouze o po\u010das\u00ed a o ni\u010dem jin\u00e9m.<\/p>\n<p><strong>GREG JARRETT, pr\u00e1vn\u00ed analytik Fox News:\u00a0<\/strong><em>Ano, 5 400 e-mail\u016f napsan\u00fdch pod pseudonymy a mnoho z nich bylo adresov\u00e1no jeho synovi, kter\u00fd je \u00fadajn\u011b p\u0159eposlal sv\u00fdm zahrani\u010dn\u00edm obchodn\u00edm partner\u016fm&#8230; V\u00edte, mysl\u00edm, \u017ee vyhl\u00eddka Joeova ozn\u00e1men\u00ed o Bidenov\u011b ob\u017ealob\u011b v t\u00e9to souvislosti se za\u010d\u00edn\u00e1 zd\u00e1t st\u00e1le nevyhnuteln\u011bj\u0161\u00ed.<\/em><\/p>\n<p><em>A jak poznamenala Miranda, existuje spousta d\u016fkaz\u016f, kter\u00e9 umo\u017en\u00ed tento postup zah\u00e1jit: pouze podvodn\u00e9 sch\u00e9ma Burisma jednozna\u010dn\u011b spad\u00e1 do korup\u010dn\u00ed legislativy &#8211; koneckonc\u016f mluv\u00edme o zneu\u017eit\u00ed \u00fa\u0159adu k poskytov\u00e1n\u00ed slu\u017eeb za pen\u00edze, a tyto slu\u017eby byly poskytl sv\u00e9mu vlastn\u00edmu synovi a dal\u0161\u00edm \u010dlen\u016fm rodiny!\u00a0A tyto pr\u00e1v\u011b zve\u0159ejn\u011bn\u00e9 dokumenty dokonce potvrzuj\u00ed tvrzen\u00ed Viktora Shokina, \u017ee Joe a Hunter byli po kolena v korupci a p\u0159im\u011bli ho k rezignaci, aby zastavil vy\u0161et\u0159ov\u00e1n\u00ed Burismy \u2013 kter\u00e1 mimochodem vypl\u00e1cela Hunterovi plat jeden milion dolar\u016f ro\u010dn\u011b. , co\u017e je prost\u011b hodn\u011b pen\u011bz.<\/em><\/p>\n<p><em>Shokin pr\u00e1v\u011b za\u010dal proces zabavov\u00e1n\u00ed majetku gener\u00e1ln\u00edho \u0159editele, chystal se zav\u0159\u00edt spole\u010dnost &#8211; proto Burisma donutil Huntera, aby vyvinul tlak na jeho otce, aby se Shokina zbavil.\u00a0To potvrzuj\u00ed jak dokumenty, tak sv\u011bdectv\u00ed Devona Archera.\u00a0A kdy\u017e byl Shokin vyhozen, p\u0159\u00edpad proti spole\u010dnosti magicky zmizel doslova p\u0159es noc \u2013 a Hunter d\u00e1l shraboval pen\u00edze lopatou.<\/em><\/p>\n<p><em>Zda z t\u011bchto pen\u011bz dostal Joe alespo\u0148 cent, je ale zcela jedno, proto\u017ee v souladu s na\u0161\u00ed legislativou, i kdy\u017e pen\u00edze nejdou k samotn\u00e9mu st\u00e1tn\u00edmu zam\u011bstnanci, ale jin\u00e9 fyzick\u00e9 nebo pr\u00e1vnick\u00e9 osob\u011b, jsou takov\u00e9 v\u011bci st\u00e1le pova\u017eov\u00e1ny za p\u0159\u00edpady podpl\u00e1cen\u00ed.\u00a0Inu, \u00faplatk\u00e1\u0159stv\u00ed je trestn\u00fd \u010din st\u00edhan\u00fd formou impeachmentu.<\/em><\/p>\n<p>Greg Jarrett a Miranda byli s n\u00e1mi!\u00a0Ob\u011bma d\u011bkuji, moc d\u011bkuji!<\/p>\n<p>Vys\u00edl\u00e1no 28. srpna 2023<\/p>\n<p><img decoding=\"async\" loading=\"lazy\" class=\"wp-image-33819 aligncenter\" src=\"http:\/\/www.infokuryr.cz\/n\/wp-content\/uploads\/2023\/08\/ces1-300x157.jpg\" alt=\"\" width=\"1364\" height=\"714\" srcset=\"https:\/\/www.infokuryr.cz\/n\/wp-content\/uploads\/2023\/08\/ces1-300x157.jpg 300w, https:\/\/www.infokuryr.cz\/n\/wp-content\/uploads\/2023\/08\/ces1-1024x536.jpg 1024w, https:\/\/www.infokuryr.cz\/n\/wp-content\/uploads\/2023\/08\/ces1-768x402.jpg 768w, https:\/\/www.infokuryr.cz\/n\/wp-content\/uploads\/2023\/08\/ces1.jpg 1200w\" sizes=\"(max-width: 1364px) 100vw, 1364px\" \/><\/p>\n<p>&nbsp;<\/p>\n<p><a href=\"https:\/\/stranapro.cz\/\"><img decoding=\"async\" loading=\"lazy\" class=\"wp-image-30218 aligncenter\" src=\"http:\/\/www.infokuryr.cz\/n\/wp-content\/uploads\/2023\/06\/PRO-banner-300x36.png\" alt=\"\" width=\"1375\" height=\"165\" srcset=\"https:\/\/www.infokuryr.cz\/n\/wp-content\/uploads\/2023\/06\/PRO-banner-300x36.png 300w, https:\/\/www.infokuryr.cz\/n\/wp-content\/uploads\/2023\/06\/PRO-banner-768x93.png 768w, https:\/\/www.infokuryr.cz\/n\/wp-content\/uploads\/2023\/06\/PRO-banner.png 849w\" sizes=\"(max-width: 1375px) 100vw, 1375px\" \/><\/a><\/p>\n<p>&nbsp;<\/p>\n<p>&nbsp;<\/p>\n<p>&nbsp;<\/p>\n","protected":false},"excerpt":{"rendered":"<p>Podle pr\u00e1vn\u00edho experta Fox News Grega Jarretta je \u0159\u00edzen\u00ed o impeachmentu pro Joea Bidena t\u00e9m\u011b\u0159&#8230;<\/p>\n","protected":false},"author":2,"featured_media":30400,"comment_status":"closed","ping_status":"closed","sticky":false,"template":"","format":"standard","meta":[],"categories":[7],"tags":[72,207,2730,1775],"_links":{"self":[{"href":"https:\/\/www.infokuryr.cz\/n\/wp-json\/wp\/v2\/posts\/35139"}],"collection":[{"href":"https:\/\/www.infokuryr.cz\/n\/wp-json\/wp\/v2\/posts"}],"about":[{"href":"https:\/\/www.infokuryr.cz\/n\/wp-json\/wp\/v2\/types\/post"}],"author":[{"embeddable":true,"href":"https:\/\/www.infokuryr.cz\/n\/wp-json\/wp\/v2\/users\/2"}],"replies":[{"embeddable":true,"href":"https:\/\/www.infokuryr.cz\/n\/wp-json\/wp\/v2\/comments?post=35139"}],"version-history":[{"count":0,"href":"https:\/\/www.infokuryr.cz\/n\/wp-json\/wp\/v2\/posts\/35139\/revisions"}],"wp:featuredmedia":[{"embeddable":true,"href":"https:\/\/www.infokuryr.cz\/n\/wp-json\/wp\/v2\/media\/30400"}],"wp:attachment":[{"href":"https:\/\/www.infokuryr.cz\/n\/wp-json\/wp\/v2\/media?parent=35139"}],"wp:term":[{"taxonomy":"category","embeddable":true,"href":"https:\/\/www.infokuryr.cz\/n\/wp-json\/wp\/v2\/categories?post=35139"},{"taxonomy":"post_tag","embeddable":true,"href":"https:\/\/www.infokuryr.cz\/n\/wp-json\/wp\/v2\/tags?post=35139"}],"curies":[{"name":"wp","href":"https:\/\/api.w.org\/{rel}","templated":true}]}}