{"id":35138,"date":"2023-08-30T05:51:26","date_gmt":"2023-08-30T03:51:26","guid":{"rendered":"https:\/\/www.infokuryr.cz\/n\/?p=35138"},"modified":"2023-08-30T05:51:26","modified_gmt":"2023-08-30T03:51:26","slug":"nemecka-armada-celila-akutnimu-nedostatku-vojaku","status":"publish","type":"post","link":"https:\/\/www.infokuryr.cz\/n\/2023\/08\/30\/nemecka-armada-celila-akutnimu-nedostatku-vojaku\/","title":{"rendered":"N\u011bmeck\u00e1 arm\u00e1da \u010delila akutn\u00edmu nedostatku voj\u00e1k\u016f"},"content":{"rendered":"<div id=\"fb-root\"><\/div>\n<p><strong>N\u011bmeck\u00e1 vl\u00e1da vy\u010dlenila Bundeswehru miliardy na p\u0159ezbrojen\u00ed, arm\u00e1da se ale pot\u00fdk\u00e1 s jin\u00fdm, je\u0161t\u011b z\u00e1va\u017en\u011bj\u0161\u00edm probl\u00e9mem, a sice akutn\u00edm nedostatkem voj\u00e1k\u016f, uv\u00e1d\u00ed Bild.\u00a0V N\u011bmeck\u00e9m svazu voj\u00e1k\u016f v z\u00e1loze se navrhuje zaplnit mezeru z\u00e1lo\u017en\u00edky, ale byrokratick\u00e9 pot\u00ed\u017ee a podivn\u00e9 d\u016fvody pro odm\u00edtnut\u00ed br\u00e1n\u00ed t\u011bm, kdo cht\u011bj\u00ed vstoupit do vojensk\u00e9 slu\u017eby.<\/strong><\/p>\n<p>Bundeswehr dost\u00e1v\u00e1 miliardy eur na n\u00e1kup nov\u00fdch bojov\u00fdch letadel, tank\u016f a techniky, p\u00ed\u0161e Bild.\u00a0Nyn\u00ed v\u0161ak st\u00e1l p\u0159ed nov\u00fdm, je\u0161t\u011b v\u011bt\u0161\u00edm probl\u00e9mem, a to akutn\u00edm nedostatkem voj\u00e1k\u016f.<\/p>\n<p>A N\u011bmeck\u00fd svaz z\u00e1lo\u017en\u00edk\u016f navrhuje zaplnit mezeru na \u00fakor z\u00e1lo\u017en\u00edk\u016f.\u00a0\u0158\u00edk\u00e1 se, \u017ee jsou tac\u00ed, kte\u0159\u00ed si to p\u0159ej\u00ed, ale ministerstvo obrany v t\u00e9to ot\u00e1zce zaujalo obrann\u00fd postoj.\u00a0\u201e\u00a0<em>Bundeswehr m\u00e1 p\u0159\u00edle\u017eitost z\u00edskat dal\u0161\u00ed z\u00e1lo\u017en\u00edky.\u00a0Mnoho mu\u017e\u016f a \u017een chce slou\u017eit jako z\u00e1lo\u017en\u00edci, ale neda\u0159\u00ed se jim p\u0159ekonat byrokratick\u00e9 pot\u00ed\u017ee nebo jsou z nezn\u00e1m\u00fdch d\u016fvod\u016f odm\u00edtnuti<\/em>\u00a0,\u201c uvedl \u0161\u00e9f svazu Patrick Zensburg.\u00a0Podle n\u011bj &#8220;\u00a0<em>z t\u00e9to skupiny m\u016f\u017eete z\u00edskat b\u011b\u017en\u00e9 voj\u00e1ky<\/em>\u00a0.&#8220;<\/p>\n<p>Ministerstvo obrany se ale na situaci d\u00edv\u00e1 jinak, pokra\u010duje n\u011bmeck\u00e9 vyd\u00e1n\u00ed.\u00a0\u0158\u00edk\u00e1 se, \u017ee n\u00e1r\u016fst po\u010dtu z\u00e1lo\u017en\u00edk\u016f je v\u017edy spojen s celkov\u00fdm objemem vojensk\u00fdch m\u00edst v Bundeswehru.\u00a0&#8220;\u00a0<em>Vyu\u017eit\u00ed z\u00e1lo\u017en\u00edk\u016f z\u00e1vis\u00ed p\u0159edev\u0161\u00edm na pot\u0159eb\u00e1ch voj\u00e1k\u016f<\/em>\u00a0,&#8220; vysv\u011btlil z\u00e1stupce resortu obrany.<\/p>\n<p>Do roku 2031 se Bundeswehr chyst\u00e1 zv\u00fd\u0161it po\u010det voj\u00e1k\u016f ze 180 000 na 203 000. Do konce roku 2022 nebylo mezi pozicemi nad soukrom\u00fdm obsazeno 18 000 pozic, tedy ka\u017ed\u00e9 \u0161est\u00e9.\u00a0V roce 2022 p\u0159ijala n\u011bmeck\u00e1 arm\u00e1da do sv\u00fdch \u0159ad 21 300 z\u00e1lo\u017en\u00edk\u016f.\u00a0V roce 2023, do konce \u010dervence, toto \u010d\u00edslo \u010dinilo 7500 z\u00e1lo\u017en\u00edk\u016f.<\/p>\n<p>\u0160\u00e9f opozi\u010dn\u00ed K\u0159es\u0165anskodemokratick\u00e9 unie Friedrich Merz po\u017eaduje po n\u011bmeck\u00fdch \u00fa\u0159adech rozs\u00e1hl\u00e9 reformy.\u00a0Vyzval k v\u00fdstavb\u011b modern\u00edch kas\u00e1ren a dod\u00e1vce techniky pro voj\u00e1ky: \u201e\u00a0<em>Ale hlavn\u011b je m\u00e1lo vojensk\u00e9ho person\u00e1lu.\u00a0Proto by n\u011bmeck\u00e1 vl\u00e1da nem\u011bla b\u00fdt p\u0159ekvapena, \u017ee Bundeswehr jako zam\u011bstnavatel ztratil svou p\u0159ita\u017elivost a ztr\u00e1c\u00ed zam\u011bstnance<\/em>\u00a0.<\/p>\n<p><img decoding=\"async\" loading=\"lazy\" class=\"alignnone size-full wp-image-1185\" src=\"http:\/\/www.infokuryr.cz\/n\/wp-content\/uploads\/2021\/04\/kuryr-podpis.png\" alt=\"\" width=\"84\" height=\"24\" \/><\/p>\n<p>&nbsp;<\/p>\n<p><img decoding=\"async\" loading=\"lazy\" class=\"wp-image-33819 aligncenter\" src=\"http:\/\/www.infokuryr.cz\/n\/wp-content\/uploads\/2023\/08\/ces1-300x157.jpg\" alt=\"\" width=\"1374\" height=\"719\" srcset=\"https:\/\/www.infokuryr.cz\/n\/wp-content\/uploads\/2023\/08\/ces1-300x157.jpg 300w, https:\/\/www.infokuryr.cz\/n\/wp-content\/uploads\/2023\/08\/ces1-1024x536.jpg 1024w, https:\/\/www.infokuryr.cz\/n\/wp-content\/uploads\/2023\/08\/ces1-768x402.jpg 768w, https:\/\/www.infokuryr.cz\/n\/wp-content\/uploads\/2023\/08\/ces1.jpg 1200w\" sizes=\"(max-width: 1374px) 100vw, 1374px\" \/><\/p>\n<p>&nbsp;<\/p>\n<p><a href=\"https:\/\/stranapro.cz\/\"><img decoding=\"async\" loading=\"lazy\" class=\"wp-image-30218 aligncenter\" src=\"http:\/\/www.infokuryr.cz\/n\/wp-content\/uploads\/2023\/06\/PRO-banner-300x36.png\" alt=\"\" width=\"1375\" height=\"165\" srcset=\"https:\/\/www.infokuryr.cz\/n\/wp-content\/uploads\/2023\/06\/PRO-banner-300x36.png 300w, https:\/\/www.infokuryr.cz\/n\/wp-content\/uploads\/2023\/06\/PRO-banner-768x93.png 768w, https:\/\/www.infokuryr.cz\/n\/wp-content\/uploads\/2023\/06\/PRO-banner.png 849w\" sizes=\"(max-width: 1375px) 100vw, 1375px\" \/><\/a><\/p>\n<p>&nbsp;<\/p>\n<p>&nbsp;<\/p>\n<p>&nbsp;<\/p>\n","protected":false},"excerpt":{"rendered":"<p>N\u011bmeck\u00e1 vl\u00e1da vy\u010dlenila Bundeswehru miliardy na p\u0159ezbrojen\u00ed, arm\u00e1da se ale pot\u00fdk\u00e1 s jin\u00fdm, je\u0161t\u011b z\u00e1va\u017en\u011bj\u0161\u00edm&#8230;<\/p>\n","protected":false},"author":2,"featured_media":22291,"comment_status":"closed","ping_status":"closed","sticky":false,"template":"","format":"standard","meta":[],"categories":[7],"tags":[80,371,4404,84,321,4130],"_links":{"self":[{"href":"https:\/\/www.infokuryr.cz\/n\/wp-json\/wp\/v2\/posts\/35138"}],"collection":[{"href":"https:\/\/www.infokuryr.cz\/n\/wp-json\/wp\/v2\/posts"}],"about":[{"href":"https:\/\/www.infokuryr.cz\/n\/wp-json\/wp\/v2\/types\/post"}],"author":[{"embeddable":true,"href":"https:\/\/www.infokuryr.cz\/n\/wp-json\/wp\/v2\/users\/2"}],"replies":[{"embeddable":true,"href":"https:\/\/www.infokuryr.cz\/n\/wp-json\/wp\/v2\/comments?post=35138"}],"version-history":[{"count":0,"href":"https:\/\/www.infokuryr.cz\/n\/wp-json\/wp\/v2\/posts\/35138\/revisions"}],"wp:featuredmedia":[{"embeddable":true,"href":"https:\/\/www.infokuryr.cz\/n\/wp-json\/wp\/v2\/media\/22291"}],"wp:attachment":[{"href":"https:\/\/www.infokuryr.cz\/n\/wp-json\/wp\/v2\/media?parent=35138"}],"wp:term":[{"taxonomy":"category","embeddable":true,"href":"https:\/\/www.infokuryr.cz\/n\/wp-json\/wp\/v2\/categories?post=35138"},{"taxonomy":"post_tag","embeddable":true,"href":"https:\/\/www.infokuryr.cz\/n\/wp-json\/wp\/v2\/tags?post=35138"}],"curies":[{"name":"wp","href":"https:\/\/api.w.org\/{rel}","templated":true}]}}