{"id":35137,"date":"2023-08-30T05:24:13","date_gmt":"2023-08-30T03:24:13","guid":{"rendered":"https:\/\/www.infokuryr.cz\/n\/?p=35137"},"modified":"2023-08-30T05:24:13","modified_gmt":"2023-08-30T03:24:13","slug":"kim-cong-un-oznacil-korejsky-poloostrov-za-nejnebezpecnejsi-zonu-pro-jadernou-valku","status":"publish","type":"post","link":"https:\/\/www.infokuryr.cz\/n\/2023\/08\/30\/kim-cong-un-oznacil-korejsky-poloostrov-za-nejnebezpecnejsi-zonu-pro-jadernou-valku\/","title":{"rendered":"Kim \u010cong-un ozna\u010dil Korejsk\u00fd poloostrov za \u201enejnebezpe\u010dn\u011bj\u0161\u00ed z\u00f3nu pro jadernou v\u00e1lku\u201c"},"content":{"rendered":"<div id=\"fb-root\"><\/div>\n<p><strong>Severokorejsk\u00fd v\u016fdce Kim \u010cong-un kritizoval pos\u00edlen\u00ed vojensk\u00e9 spolupr\u00e1ce mezi Ji\u017en\u00ed Koreou, Spojen\u00fdmi st\u00e1ty a Japonskem b\u011bhem n\u00e1v\u0161t\u011bvy velitelstv\u00ed n\u00e1mo\u0159nictva.\u00a0<\/strong><span><strong>Nazval tak\u00e9 Korejsk\u00fd poloostrov \u201enejnebezpe\u010dn\u011bj\u0161\u00ed z\u00f3nou pro jadernou v\u00e1lku\u201c, p\u0159i\u010dem\u017e odsoudil rozm\u00edst\u011bn\u00ed strategicky d\u016fle\u017eit\u00fdch zbran\u00ed Washingtonem na \u00fazem\u00ed Ji\u017en\u00ed Koreje, uv\u00e1d\u00ed Arirang.<\/strong><span id=\"span-copy\"><\/p>\n<p><\/span><\/span><\/p>\n<p><iframe loading=\"lazy\" title=\"Kim Jong-un criticizes S. Korea, U.S., Japan military ties during visit to navy HQ\" width=\"640\" height=\"360\" src=\"https:\/\/www.youtube.com\/embed\/wkddz_TUq84?feature=oembed\" frameborder=\"0\" allow=\"accelerometer; autoplay; clipboard-write; encrypted-media; gyroscope; picture-in-picture; web-share\" allowfullscreen><\/iframe><\/p>\n<p>&nbsp;<\/p>\n<p>Severokorejsk\u00fd v\u016fdce Kim \u010cong-un se obr\u00e1til proti v\u016fdc\u016fm Ji\u017en\u00ed Koreje, Spojen\u00fdch st\u00e1t\u016f a Japonska a vyvolal kritiku ze strany vl\u00e1dy v Soulu.\u00a0Nezvykl\u00e9 tak\u00e9 je, \u017ee Kim ve sv\u00e9m projevu pou\u017eil cel\u00fd ofici\u00e1ln\u00ed n\u00e1zev Ji\u017en\u00ed Korea.\u00a0To je pova\u017eov\u00e1no za projev nep\u0159\u00e1telstv\u00ed.\u00a0N\u00e1\u0161 korespondent Lee Rae Hyun vysv\u011btl\u00ed podrobn\u011bji.<\/p>\n<p>Severokorejsk\u00fd v\u016fdce Kim \u010cong-un kritizoval v\u016fdce Ji\u017en\u00ed Koreje, Spojen\u00fdch st\u00e1t\u016f a Japonska za jejich pl\u00e1ny na uspo\u0159\u00e1d\u00e1n\u00ed t\u0159\u00edstrann\u00fdch spole\u010dn\u00fdch vojensk\u00fdch cvi\u010den\u00ed.\u00a0Podle severokorejsk\u00fdch vl\u00e1dn\u00edch m\u00e9di\u00ed si v \u00fater\u00fd Kim \u010cong-un a jeho dcera na po\u010dest Dne n\u00e1mo\u0159nictva prohl\u00e9dli velitelstv\u00ed n\u00e1mo\u0159nictva pobl\u00ed\u017e Pchjongjangu.<\/p>\n<p>A poprv\u00e9 od n\u00e1stupu Kim \u010cong-una k moci v roce 2012, na Den n\u00e1mo\u0159nictva, nav\u0161t\u00edv\u00ed velitelstv\u00ed n\u00e1mo\u0159nictva.\u00a0Ve sv\u00e9m zahajovac\u00edm projevu tam Kim zm\u00ednil tripartitn\u00ed summit v Camp Davidu, b\u011bhem kter\u00e9ho se Soul, Washington a Tokio zav\u00e1zaly k pravideln\u00fdm spole\u010dn\u00fdm vojensk\u00fdm cvi\u010den\u00edm.\u00a0Korejsk\u00fd poloostrov tak\u00e9 nazval\u00a0<em>\u201enejnebezpe\u010dn\u011bj\u0161\u00ed z\u00f3nou pro jadernou v\u00e1lku\u201c<\/em>\u00a0s odkazem na rozm\u00edst\u011bn\u00ed strategicky d\u016fle\u017eit\u00fdch zbran\u00ed Washingtonem v ji\u017en\u00ed \u010d\u00e1sti poloostrova.<\/p>\n<p>Kim b\u011bhem sv\u00e9ho projevu poprv\u00e9 pou\u017eil cel\u00fd ofici\u00e1ln\u00ed n\u00e1zev t\u00e9to zem\u011b, Korejsk\u00e1 republika, kdy\u017e se zm\u00ednil o Ji\u017en\u00ed Koreji.\u00a0Za\u010d\u00e1tkem minul\u00e9ho m\u011bs\u00edce toto cel\u00e9 jm\u00e9no pou\u017e\u00edvala tak\u00e9 Kim Yo Jong, sestra Kim \u010cong-una.\u00a0Podle experta to sv\u011bd\u010d\u00ed o tvrd\u0161\u00edm postaven\u00ed Pchjongjangu v\u016f\u010di Ji\u017en\u00ed Koreji.<\/p>\n<p><strong>GO MYON-HYUN, Senior Fellow, Asan Institute for Policy Studies:\u00a0<\/strong><em>To ukazuje, \u017ee severokorejsk\u00e9 \u00fa\u0159ady nyn\u00ed budou pohl\u00ed\u017eet na vztahy s Jihem jako s ciz\u00ed mocnost\u00ed, a ne jako v r\u00e1mci jednoho n\u00e1roda.\u00a0A na program vztah\u016f mezi Soulem a Pchjongjangem ji\u017e nebude uplat\u0148ov\u00e1na \u017e\u00e1dn\u00e1 flexibilita, co\u017e nazna\u010duje tvrdou linii v\u016f\u010di Soulu.<\/em><\/p>\n<p>\u00da\u0159edn\u00edk ministerstva pro sjednocen\u00ed v Ji\u017en\u00ed Koreji to vzal jako znamen\u00ed, \u017ee Pchjongjang poci\u0165uje krizi, proto\u017ee se posiluj\u00ed bezpe\u010dnostn\u00ed vazby mezi Soulem, Washingtonem a Tokiem.\u00a0\u00da\u0159edn\u00edk tak\u00e9 \u0159ekl, \u017ee Severn\u00ed Korea by m\u011bla pochopit, \u017ee to byly jej\u00ed provokace s odp\u00e1len\u00edm raket, kter\u00e9 zp\u016fsobily pos\u00edlen\u00ed t\u011bchto t\u0159\u00edstrann\u00fdch vazeb, a dodal, \u017ee Pchjongjang se m\u011bl l\u00e9pe zam\u011b\u0159it na ve\u0159ejn\u00e9 blaho sv\u00e9ho lidu, a ne na p\u0159\u00edpravu na v\u00e1lku.<\/p>\n<p>Ve skute\u010dnosti v \u00fater\u00fd v mezin\u00e1rodn\u00edch vod\u00e1ch ji\u017en\u011b od Korejsk\u00e9ho poloostrova pokra\u010dovalo trojstrann\u00e9 cvi\u010den\u00ed protiraketov\u00e9 obrany zahrnuj\u00edc\u00ed Ji\u017en\u00ed Koreu, Spojen\u00e9 st\u00e1ty a Japonsko.\u00a0Mluv\u010d\u00ed n\u00e1mo\u0159nictva uvedl, \u017ee cvi\u010den\u00ed se zam\u011b\u0159ilo na n\u00e1cvik postup\u016f rychl\u00e9 reakce, kter\u00e9 sest\u00e1vaj\u00ed z lokalizace a sledov\u00e1n\u00ed po\u010d\u00edta\u010dem simulovan\u00e9ho c\u00edle a v\u00fdm\u011bny relevantn\u00edch informac\u00ed.\u00a0Mezi t\u011bmito t\u0159emi zem\u011bmi byly tak\u00e9 testov\u00e1ny syst\u00e9my pro v\u00fdm\u011bnu dat t\u00fdkaj\u00edc\u00edch se varov\u00e1n\u00ed p\u0159ed odp\u00e1len\u00edm raket v re\u00e1ln\u00e9m \u010dase.<\/p>\n<p><em>Lee Rae Hyun, Arirang News.\u00a0<\/em><br \/>\n<em>Vys\u00edl\u00e1no 29. srpna 2023.<\/em><\/p>\n<p><img decoding=\"async\" loading=\"lazy\" class=\"wp-image-33819 aligncenter\" src=\"http:\/\/www.infokuryr.cz\/n\/wp-content\/uploads\/2023\/08\/ces1-300x157.jpg\" alt=\"\" width=\"1359\" height=\"711\" srcset=\"https:\/\/www.infokuryr.cz\/n\/wp-content\/uploads\/2023\/08\/ces1-300x157.jpg 300w, https:\/\/www.infokuryr.cz\/n\/wp-content\/uploads\/2023\/08\/ces1-1024x536.jpg 1024w, https:\/\/www.infokuryr.cz\/n\/wp-content\/uploads\/2023\/08\/ces1-768x402.jpg 768w, https:\/\/www.infokuryr.cz\/n\/wp-content\/uploads\/2023\/08\/ces1.jpg 1200w\" sizes=\"(max-width: 1359px) 100vw, 1359px\" \/><\/p>\n<p>&nbsp;<\/p>\n<p><a href=\"https:\/\/stranapro.cz\/\"><img decoding=\"async\" loading=\"lazy\" class=\"wp-image-30218 aligncenter\" src=\"http:\/\/www.infokuryr.cz\/n\/wp-content\/uploads\/2023\/06\/PRO-banner-300x36.png\" alt=\"\" width=\"1367\" height=\"164\" srcset=\"https:\/\/www.infokuryr.cz\/n\/wp-content\/uploads\/2023\/06\/PRO-banner-300x36.png 300w, https:\/\/www.infokuryr.cz\/n\/wp-content\/uploads\/2023\/06\/PRO-banner-768x93.png 768w, https:\/\/www.infokuryr.cz\/n\/wp-content\/uploads\/2023\/06\/PRO-banner.png 849w\" sizes=\"(max-width: 1367px) 100vw, 1367px\" \/><\/a><\/p>\n<p>&nbsp;<\/p>\n<p>&nbsp;<\/p>\n<p>&nbsp;<\/p>\n<p>&nbsp;<\/p>\n","protected":false},"excerpt":{"rendered":"<p>Severokorejsk\u00fd v\u016fdce Kim \u010cong-un kritizoval pos\u00edlen\u00ed vojensk\u00e9 spolupr\u00e1ce mezi Ji\u017en\u00ed Koreou, Spojen\u00fdmi st\u00e1ty a Japonskem&#8230;<\/p>\n","protected":false},"author":2,"featured_media":14861,"comment_status":"closed","ping_status":"closed","sticky":false,"template":"","format":"standard","meta":[],"categories":[7],"tags":[1652,1189,1644,502,889],"_links":{"self":[{"href":"https:\/\/www.infokuryr.cz\/n\/wp-json\/wp\/v2\/posts\/35137"}],"collection":[{"href":"https:\/\/www.infokuryr.cz\/n\/wp-json\/wp\/v2\/posts"}],"about":[{"href":"https:\/\/www.infokuryr.cz\/n\/wp-json\/wp\/v2\/types\/post"}],"author":[{"embeddable":true,"href":"https:\/\/www.infokuryr.cz\/n\/wp-json\/wp\/v2\/users\/2"}],"replies":[{"embeddable":true,"href":"https:\/\/www.infokuryr.cz\/n\/wp-json\/wp\/v2\/comments?post=35137"}],"version-history":[{"count":0,"href":"https:\/\/www.infokuryr.cz\/n\/wp-json\/wp\/v2\/posts\/35137\/revisions"}],"wp:featuredmedia":[{"embeddable":true,"href":"https:\/\/www.infokuryr.cz\/n\/wp-json\/wp\/v2\/media\/14861"}],"wp:attachment":[{"href":"https:\/\/www.infokuryr.cz\/n\/wp-json\/wp\/v2\/media?parent=35137"}],"wp:term":[{"taxonomy":"category","embeddable":true,"href":"https:\/\/www.infokuryr.cz\/n\/wp-json\/wp\/v2\/categories?post=35137"},{"taxonomy":"post_tag","embeddable":true,"href":"https:\/\/www.infokuryr.cz\/n\/wp-json\/wp\/v2\/tags?post=35137"}],"curies":[{"name":"wp","href":"https:\/\/api.w.org\/{rel}","templated":true}]}}