{"id":35129,"date":"2023-08-30T04:49:24","date_gmt":"2023-08-30T02:49:24","guid":{"rendered":"https:\/\/www.infokuryr.cz\/n\/?p=35129"},"modified":"2023-08-30T04:49:24","modified_gmt":"2023-08-30T02:49:24","slug":"ruske-ministerstvo-obrany-pozaduje-zniceni-ukrajinskych-vysadkovych-sil","status":"publish","type":"post","link":"https:\/\/www.infokuryr.cz\/n\/2023\/08\/30\/ruske-ministerstvo-obrany-pozaduje-zniceni-ukrajinskych-vysadkovych-sil\/","title":{"rendered":"Rusk\u00e9 ministerstvo obrany po\u017eaduje zni\u010den\u00ed ukrajinsk\u00fdch v\u00fdsadkov\u00fdch sil"},"content":{"rendered":"<div id=\"fb-root\"><\/div>\n<p><span style=\"font-size: 18pt;\"><strong>V \u010cern\u00e9m mo\u0159i byly potopeny \u010dluny s agenty speci\u00e1ln\u00edch jednotek<\/strong><\/span><\/p>\n<p><span>\u00dato\u010dn\u00fd proud rusk\u00e9ho n\u00e1mo\u0159nictva potopil \u010dty\u0159i \u010dluny p\u0159epravuj\u00edc\u00ed s\u00edly ukrajinsk\u00fdch komand, ozn\u00e1milo ve st\u0159edu brzy r\u00e1no moskevsk\u00e9 ministerstvo obrany.<\/span><\/p>\n<p><em><span>&#8222;Kolem p\u016flnoci 30. srpna zni\u010dilo n\u00e1mo\u0159n\u00ed letadlo \u010cernomo\u0159sk\u00e9 flotily ve vod\u00e1ch \u010cern\u00e9ho mo\u0159e \u010dty\u0159i vojensk\u00e9 motorov\u00e9 \u010dluny s v\u00fdsadkovou silou ukrajinsk\u00fdch speci\u00e1ln\u00edch agent\u016f v po\u010dtu a\u017e 50 mu\u017e\u016f,&#8220; uvedlo rusk\u00e9 ministerstvo obrany v prohl\u00e1\u0161en\u00ed<\/span><\/em><span>\u00a0. bez ud\u00e1n\u00ed p\u0159esn\u011bj\u0161\u00ed polohy.<\/span><\/p>\n<p><span>Za\u010d\u00e1tkem tohoto m\u011bs\u00edce Moskva\u00a0<\/span><a href=\"https:\/\/www.rt.com\/russia\/581650-ukrainian-speedboat-destroyed-russia\/\" target=\"_blank\" rel=\"noopener noreferrer\"><span>zve\u0159ejnila video<\/span><\/a><span>\u00a0, na kter\u00e9m rusk\u00e9 vojensk\u00e9 letadlo ni\u010d\u00ed ukrajinsk\u00fd motorov\u00fd \u010dlun u pob\u0159e\u017e\u00ed Had\u00edho ostrova nedaleko Od\u011bsy.<\/span><\/p>\n<p><span>Plavidlo bylo identifikov\u00e1no jako \u010dlun Willard Sea Force, prodan\u00fd do Kyjeva p\u0159ed deseti lety americk\u00fdm Willard Marine.\u00a0Ukrajina zakoupila n\u011bkolik verz\u00ed, z nich\u017e ka\u017ed\u00e1 mohla n\u00e9st \u0161est a\u017e 26 voj\u00e1k\u016f.<\/span><\/p>\n<p><span>Minul\u00fd t\u00fdden ukrajinsk\u00e1 vojensk\u00e1 rozv\u011bdka tvrdila, \u017ee vylodila skupinu komand na pob\u0159e\u017e\u00ed Krymu, aby vzty\u010dila vlajku na Den nez\u00e1vislosti zem\u011b.\u00a0Rusk\u00e9 ministerstvo obrany \u00fadajn\u00fd incident nekomentovalo, zat\u00edmco n\u011bkter\u00e1 rusk\u00e1 soci\u00e1ln\u00ed m\u00e9dia informovala o zni\u010den\u00ed ukrajinsk\u00e9 p\u0159epadov\u00e9 skupiny p\u0159i p\u0159est\u0159elce s m\u00edstn\u00edmi bezpe\u010dnostn\u00edmi silami.<\/span><\/p>\n<p><span>Ukrajina si nad\u00e1le n\u00e1rokuje Krym, i kdy\u017e jej\u00ed obyvatel\u00e9 v roce 2014 po pu\u010di v Kyjev\u011b podporovan\u00e9m USA drtivou v\u011bt\u0161inou hlasovali pro n\u00e1vrat do Ruska.<\/span><\/p>\n<p><img decoding=\"async\" loading=\"lazy\" class=\"alignnone size-full wp-image-1185\" src=\"http:\/\/www.infokuryr.cz\/n\/wp-content\/uploads\/2021\/04\/kuryr-podpis.png\" alt=\"\" width=\"84\" height=\"24\" \/><\/p>\n<p>&nbsp;<\/p>\n<p><img decoding=\"async\" loading=\"lazy\" class=\"wp-image-33819 aligncenter\" src=\"http:\/\/www.infokuryr.cz\/n\/wp-content\/uploads\/2023\/08\/ces1-300x157.jpg\" alt=\"\" width=\"1368\" height=\"716\" srcset=\"https:\/\/www.infokuryr.cz\/n\/wp-content\/uploads\/2023\/08\/ces1-300x157.jpg 300w, https:\/\/www.infokuryr.cz\/n\/wp-content\/uploads\/2023\/08\/ces1-1024x536.jpg 1024w, https:\/\/www.infokuryr.cz\/n\/wp-content\/uploads\/2023\/08\/ces1-768x402.jpg 768w, https:\/\/www.infokuryr.cz\/n\/wp-content\/uploads\/2023\/08\/ces1.jpg 1200w\" sizes=\"(max-width: 1368px) 100vw, 1368px\" \/><\/p>\n<p>&nbsp;<\/p>\n<p><a href=\"https:\/\/stranapro.cz\/\"><img decoding=\"async\" loading=\"lazy\" class=\"wp-image-30218 aligncenter\" src=\"http:\/\/www.infokuryr.cz\/n\/wp-content\/uploads\/2023\/06\/PRO-banner-300x36.png\" alt=\"\" width=\"1367\" height=\"164\" srcset=\"https:\/\/www.infokuryr.cz\/n\/wp-content\/uploads\/2023\/06\/PRO-banner-300x36.png 300w, https:\/\/www.infokuryr.cz\/n\/wp-content\/uploads\/2023\/06\/PRO-banner-768x93.png 768w, https:\/\/www.infokuryr.cz\/n\/wp-content\/uploads\/2023\/06\/PRO-banner.png 849w\" sizes=\"(max-width: 1367px) 100vw, 1367px\" \/><\/a><\/p>\n<p>&nbsp;<\/p>\n<p>&nbsp;<\/p>\n<p>&nbsp;<\/p>\n","protected":false},"excerpt":{"rendered":"<p>V \u010cern\u00e9m mo\u0159i byly potopeny \u010dluny s agenty speci\u00e1ln\u00edch jednotek \u00dato\u010dn\u00fd proud rusk\u00e9ho n\u00e1mo\u0159nictva potopil&#8230;<\/p>\n","protected":false},"author":2,"featured_media":35130,"comment_status":"closed","ping_status":"closed","sticky":false,"template":"","format":"standard","meta":[],"categories":[7],"tags":[628,2161,22,26,661],"_links":{"self":[{"href":"https:\/\/www.infokuryr.cz\/n\/wp-json\/wp\/v2\/posts\/35129"}],"collection":[{"href":"https:\/\/www.infokuryr.cz\/n\/wp-json\/wp\/v2\/posts"}],"about":[{"href":"https:\/\/www.infokuryr.cz\/n\/wp-json\/wp\/v2\/types\/post"}],"author":[{"embeddable":true,"href":"https:\/\/www.infokuryr.cz\/n\/wp-json\/wp\/v2\/users\/2"}],"replies":[{"embeddable":true,"href":"https:\/\/www.infokuryr.cz\/n\/wp-json\/wp\/v2\/comments?post=35129"}],"version-history":[{"count":0,"href":"https:\/\/www.infokuryr.cz\/n\/wp-json\/wp\/v2\/posts\/35129\/revisions"}],"wp:featuredmedia":[{"embeddable":true,"href":"https:\/\/www.infokuryr.cz\/n\/wp-json\/wp\/v2\/media\/35130"}],"wp:attachment":[{"href":"https:\/\/www.infokuryr.cz\/n\/wp-json\/wp\/v2\/media?parent=35129"}],"wp:term":[{"taxonomy":"category","embeddable":true,"href":"https:\/\/www.infokuryr.cz\/n\/wp-json\/wp\/v2\/categories?post=35129"},{"taxonomy":"post_tag","embeddable":true,"href":"https:\/\/www.infokuryr.cz\/n\/wp-json\/wp\/v2\/tags?post=35129"}],"curies":[{"name":"wp","href":"https:\/\/api.w.org\/{rel}","templated":true}]}}