{"id":35127,"date":"2023-08-30T04:45:02","date_gmt":"2023-08-30T02:45:02","guid":{"rendered":"https:\/\/www.infokuryr.cz\/n\/?p=35127"},"modified":"2023-08-30T04:45:02","modified_gmt":"2023-08-30T02:45:02","slug":"usa-vedely-o-saudske-perzekuci-africkych-migrantu-ale-mlcely","status":"publish","type":"post","link":"https:\/\/www.infokuryr.cz\/n\/2023\/08\/30\/usa-vedely-o-saudske-perzekuci-africkych-migrantu-ale-mlcely\/","title":{"rendered":"USA v\u011bd\u011bly o sa\u00fadsk\u00e9 perzekuci africk\u00fdch migrant\u016f, ale ml\u010dely"},"content":{"rendered":"<div id=\"fb-root\"><\/div>\n<p><span style=\"font-size: 18pt;\"><strong>Washington se tak\u00e9 rozhodl nezve\u0159ej\u0148ovat zpr\u00e1vy o rozs\u00e1hl\u00e9m zneu\u017e\u00edv\u00e1n\u00ed a nevyb\u00edrav\u00e9m zab\u00edjen\u00ed<\/strong><\/span><\/p>\n<p><span>Americk\u00e1 vl\u00e1da si byla dlouho v\u011bdoma \u00fadajn\u00e9ho \u0161patn\u00e9ho zach\u00e1zen\u00ed s africk\u00fdmi migranty na hranici mezi Jemenem a Sa\u00fadskou Ar\u00e1bi\u00ed, ale dr\u017eela tento probl\u00e9m mimo ve\u0159ejnou ar\u00e9nu, uvedl New York Times.<\/span><\/p>\n<p><span>O \u00fadajn\u00e9m rozs\u00e1hl\u00e9m zneu\u017e\u00edv\u00e1n\u00ed migrant\u016f, poch\u00e1zej\u00edc\u00edch p\u0159edev\u0161\u00edm z Etiopie p\u0159es takzvanou \u201aV\u00fdchodn\u00ed cestu\u2018, kter\u00e1 vede nap\u0159\u00ed\u010d v\u00e1lkou zpusto\u0161en\u00fdm Jemenem, se ameri\u010dt\u00ed diplomat\u00e9 dozv\u011bd\u011bli p\u0159inejmen\u0161\u00edm ji\u017e loni v prosinci, uvedly v sobotu noviny.\u00a0Washington se v\u0161ak rozhodl o t\u00e9to z\u00e1le\u017eitosti ml\u010det, ve zjevn\u00e9 snaze d\u00e1le nenap\u00ednat sv\u00e9 vazby s Rij\u00e1dem.<\/span><\/p>\n<p><span>Americk\u00e9 ministerstvo zahrani\u010d\u00ed kontaktovalo noviny, nab\u00eddlo sv\u016fj pohled na situaci a pon\u011bkud potvrdilo tvrzen\u00ed, \u017ee rozhodnut\u00ed ponechat z\u00e1le\u017eitost v soukrom\u00ed bylo skute\u010dn\u011b p\u0159ijato.<\/span><\/p>\n<p><em><span>&#8222;Spojen\u00e9 st\u00e1ty rychle zapojily vysok\u00e9 sa\u00fadsk\u00e9 \u00fa\u0159edn\u00edky, aby vyj\u00e1d\u0159ili na\u0161e znepokojen\u00ed,&#8220;<\/span><\/em><span>\u00a0\u0159eklo ministerstvo NYT a dodalo, \u017ee ameri\u010dt\u00ed p\u0159edstavitel\u00e9\u00a0<\/span><em><span>&#8222;pokra\u010dovali v pravideln\u00e9m upozor\u0148ov\u00e1n\u00ed na na\u0161e obavy se sa\u00fadsk\u00fdmi kontakty.&#8220;\u00a0<\/span><\/em><span>Nebylo bezprost\u0159edn\u011b jasn\u00e9, zda uveden\u00e9 kontakty m\u011bly n\u011bjak\u00fd vliv nebo n\u011bjak\u00fdm zp\u016fsobem ovlivnily situaci migrant\u016f na sa\u00fadsko-jemensk\u00e9 hranici, poznamenal list.<\/span><\/p>\n<div class=\"read-more read-more__right\" data-has-alias=\"\"><img decoding=\"async\" loading=\"lazy\" class=\"wp-image-33819 aligncenter\" src=\"http:\/\/www.infokuryr.cz\/n\/wp-content\/uploads\/2023\/08\/ces1-300x157.jpg\" alt=\"\" width=\"1364\" height=\"714\" srcset=\"https:\/\/www.infokuryr.cz\/n\/wp-content\/uploads\/2023\/08\/ces1-300x157.jpg 300w, https:\/\/www.infokuryr.cz\/n\/wp-content\/uploads\/2023\/08\/ces1-1024x536.jpg 1024w, https:\/\/www.infokuryr.cz\/n\/wp-content\/uploads\/2023\/08\/ces1-768x402.jpg 768w, https:\/\/www.infokuryr.cz\/n\/wp-content\/uploads\/2023\/08\/ces1.jpg 1200w\" sizes=\"(max-width: 1364px) 100vw, 1364px\" \/><\/div>\n<p><span>Obvin\u011bn\u00ed Washingtonu z ne\u010dinnosti p\u0159ich\u00e1z\u00ed po nov\u00e9\u00a0<\/span><a href=\"https:\/\/www.hrw.org\/report\/2023\/08\/21\/they-fired-us-rain\/saudi-arabian-mass-killings-ethiopian-migrants-yemen-saudi\" target=\"_blank\" rel=\"noopener noreferrer\"><span>zpr\u00e1v\u011b<\/span><\/a><span>\u00a0Human Rights Watch (HRW), zve\u0159ejn\u011bn\u00e9 21. srpna. V\u00fdzkum s odvol\u00e1n\u00edm na p\u0159e\u017eiv\u0161\u00ed sv\u011bdky tvrd\u00ed, \u017ee sa\u00fad\u0161t\u00ed pohrani\u010dn\u00edci zabili \u201e\u00a0<\/span><em><span>nejm\u00e9n\u011b stovky\u201c<\/span><\/em><span>\u00a0etiopsk\u00fdch migrant\u016f a \u017eadatel\u00e9 o azyl, kte\u0159\u00ed se sna\u017e\u00ed p\u0159ekro\u010dit hranici z Jemenu v obdob\u00ed od b\u0159ezna 2022 do \u010dervna 2023.<\/span><\/p>\n<p><span>Zab\u00edjen\u00ed na hranic\u00edch z\u0159ejm\u011b pokra\u010dovalo i pozd\u011bji, v dob\u011b, kdy se zpr\u00e1va p\u0159ipravovala, poznamenala HRW.\u00a0<\/span><em><span>&#8222;Sa\u00fad\u0161t\u00ed pohrani\u010dn\u00edci pou\u017e\u00edvali v\u00fdbu\u0161n\u00e9 zbran\u011b a st\u0159\u00edleli lidi zbl\u00edzka, v\u010detn\u011b \u017een a d\u011bt\u00ed, zp\u016fsobem, kter\u00fd je roz\u0161\u00ed\u0159en\u00fd a systematick\u00fd,&#8220;<\/span><\/em><span>\u00a0p\u00ed\u0161e se ve zpr\u00e1v\u011b.\u00a0V n\u011bkter\u00fdch p\u0159\u00edpadech pohrani\u010dn\u00ed str\u00e1\u017e sv\u00e9 ob\u011bti mu\u010dila a ptala se zadr\u017een\u00fdch migrant\u016f,\u00a0<\/span><em><span>\u201edo jak\u00e9 \u010d\u00e1sti t\u011bla je rad\u011bji st\u0159\u00edleli\u201c,<\/span><\/em><span>\u00a0a tak\u00e9 st\u0159\u00edlela z d\u011bl na migranty, kte\u0159\u00ed se pokou\u0161eli uprchnout zp\u011bt do Jemenu.<\/span><\/p>\n<p><span>I kdy\u017e nebylo bezprost\u0159edn\u011b jasn\u00e9, zda zab\u00edjen\u00ed provedla pohrani\u010dn\u00ed str\u00e1\u017e na vlastn\u00ed p\u011bst nebo zda je povolil jejich nad\u0159\u00edzen\u00fd, jedn\u00e1 se o \u201ezlo\u010diny proti\u00a0<\/span><em><span>lidskosti\u201c<\/span><\/em><span>\u00a0, pokud je skute\u010dn\u011b sou\u010d\u00e1st\u00ed sa\u00fadskoarabsk\u00e9 st\u00e1tem sankcionovan\u00e9 politiky. poznamenala humanit\u00e1rn\u00ed skupina.<\/span><\/p>\n<p><img decoding=\"async\" loading=\"lazy\" class=\"alignnone size-full wp-image-1185\" src=\"http:\/\/www.infokuryr.cz\/n\/wp-content\/uploads\/2021\/04\/kuryr-podpis.png\" alt=\"\" width=\"84\" height=\"24\" \/><\/p>\n<p>&nbsp;<\/p>\n<p><a href=\"https:\/\/stranapro.cz\/\"><img decoding=\"async\" loading=\"lazy\" class=\"wp-image-30218 aligncenter\" src=\"http:\/\/www.infokuryr.cz\/n\/wp-content\/uploads\/2023\/06\/PRO-banner-300x36.png\" alt=\"\" width=\"1375\" height=\"165\" srcset=\"https:\/\/www.infokuryr.cz\/n\/wp-content\/uploads\/2023\/06\/PRO-banner-300x36.png 300w, https:\/\/www.infokuryr.cz\/n\/wp-content\/uploads\/2023\/06\/PRO-banner-768x93.png 768w, https:\/\/www.infokuryr.cz\/n\/wp-content\/uploads\/2023\/06\/PRO-banner.png 849w\" sizes=\"(max-width: 1375px) 100vw, 1375px\" \/><\/a><\/p>\n<p>&nbsp;<\/p>\n<p>&nbsp;<\/p>\n<p>&nbsp;<\/p>\n","protected":false},"excerpt":{"rendered":"<p>Washington se tak\u00e9 rozhodl nezve\u0159ej\u0148ovat zpr\u00e1vy o rozs\u00e1hl\u00e9m zneu\u017e\u00edv\u00e1n\u00ed a nevyb\u00edrav\u00e9m zab\u00edjen\u00ed Americk\u00e1 vl\u00e1da si&#8230;<\/p>\n","protected":false},"author":2,"featured_media":35128,"comment_status":"closed","ping_status":"closed","sticky":false,"template":"","format":"standard","meta":[],"categories":[7],"tags":[1012,148,37,556],"_links":{"self":[{"href":"https:\/\/www.infokuryr.cz\/n\/wp-json\/wp\/v2\/posts\/35127"}],"collection":[{"href":"https:\/\/www.infokuryr.cz\/n\/wp-json\/wp\/v2\/posts"}],"about":[{"href":"https:\/\/www.infokuryr.cz\/n\/wp-json\/wp\/v2\/types\/post"}],"author":[{"embeddable":true,"href":"https:\/\/www.infokuryr.cz\/n\/wp-json\/wp\/v2\/users\/2"}],"replies":[{"embeddable":true,"href":"https:\/\/www.infokuryr.cz\/n\/wp-json\/wp\/v2\/comments?post=35127"}],"version-history":[{"count":0,"href":"https:\/\/www.infokuryr.cz\/n\/wp-json\/wp\/v2\/posts\/35127\/revisions"}],"wp:featuredmedia":[{"embeddable":true,"href":"https:\/\/www.infokuryr.cz\/n\/wp-json\/wp\/v2\/media\/35128"}],"wp:attachment":[{"href":"https:\/\/www.infokuryr.cz\/n\/wp-json\/wp\/v2\/media?parent=35127"}],"wp:term":[{"taxonomy":"category","embeddable":true,"href":"https:\/\/www.infokuryr.cz\/n\/wp-json\/wp\/v2\/categories?post=35127"},{"taxonomy":"post_tag","embeddable":true,"href":"https:\/\/www.infokuryr.cz\/n\/wp-json\/wp\/v2\/tags?post=35127"}],"curies":[{"name":"wp","href":"https:\/\/api.w.org\/{rel}","templated":true}]}}