{"id":35118,"date":"2023-08-30T04:02:59","date_gmt":"2023-08-30T02:02:59","guid":{"rendered":"https:\/\/www.infokuryr.cz\/n\/?p=35118"},"modified":"2023-08-30T04:02:59","modified_gmt":"2023-08-30T02:02:59","slug":"pri-ukrajinskem-ostrelovani-ruskeho-regionu-zahynuli-dva-civiliste","status":"publish","type":"post","link":"https:\/\/www.infokuryr.cz\/n\/2023\/08\/30\/pri-ukrajinskem-ostrelovani-ruskeho-regionu-zahynuli-dva-civiliste\/","title":{"rendered":"P\u0159i ukrajinsk\u00e9m ost\u0159elov\u00e1n\u00ed rusk\u00e9ho regionu zahynuli dva civilist\u00e9"},"content":{"rendered":"<div id=\"fb-root\"><\/div>\n<p><span style=\"font-size: 18pt;\"><strong>Kyjevsk\u00e9 s\u00edly za\u00fato\u010dily na vesnici v Brjansk\u00e9 oblasti, zas\u00e1hly \u0161kolu a n\u011bkolik obytn\u00fdch budov, uvedl guvern\u00e9r<\/strong><\/span><\/p>\n<p><span>Ukrajinsk\u00e9 ozbrojen\u00e9 s\u00edly ost\u0159elovaly v \u00fater\u00fd vesnici Klimovo v rusk\u00e9 Brjansk\u00e9 oblasti pomoc\u00ed raketov\u00fdch syst\u00e9m\u016f Multiple Launch, p\u0159i\u010dem\u017e zabily dva civilisty, uvedl guvern\u00e9r Aleksander Bogomaz na sv\u00e9m kan\u00e1lu Telegram.<\/span><\/p>\n<p><span>\u00da\u0159edn\u00edk tak\u00e9 uvedl, \u017ee p\u0159i \u00fatoku bylo zran\u011bno p\u011bt lid\u00ed, v\u010detn\u011b d\u011bt\u00ed, a \u017ee st\u0159ely po\u0161kodily \u0161kolu, n\u011bkolik administrativn\u00edch budov a n\u011bkter\u00e9 domy.\u00a0Dodal, \u017ee v obci je p\u0159eru\u0161en\u00e1 dod\u00e1vka elekt\u0159iny.<\/span><\/p>\n<p><span>Bogomaz poznamenal, \u017ee na m\u00edst\u011b ji\u017e pracuj\u00ed z\u00e1chrann\u00e9 slo\u017eky a zran\u011bn\u00fdm je poskytov\u00e1na nezbytn\u00e1 l\u00e9ka\u0159sk\u00e1 pomoc.<\/span><\/p>\n<p><span>Ve sv\u00e9m prvn\u00edm p\u0159\u00edsp\u011bvku v telegramu guvern\u00e9r uvedl, \u017ee p\u0159i \u00fatoku bylo zabito d\u00edt\u011b, ale pozd\u011bji vydal aktualizaci, \u017ee informace se uk\u00e1zaly jako nespr\u00e1vn\u00e9.\u00a0Podle posledn\u00ed aktualizace si ukrajinsk\u00e9 ost\u0159elov\u00e1n\u00ed vy\u017e\u00e1dalo smrt 20let\u00e9ho mu\u017ee a 29let\u00e9 \u017eeny.<\/span><\/p>\n<p><span>Rusk\u00e9 ministerstvo obrany v \u00fater\u00fd tak\u00e9 informovalo, \u017ee kolem 16:00 m\u00edstn\u00edho \u010dasu se ukrajinsk\u00e9 s\u00edly pokusily o teroristick\u00fd \u00fatok s pou\u017eit\u00edm bezpilotn\u00edch letoun\u016f typu letadla, aby zas\u00e1hly objekty na rusk\u00e9m \u00fazem\u00ed.<\/span><\/p>\n<p><span>Rusk\u00fdm protivzdu\u0161n\u00fdm sil\u00e1m se v\u0161ak poda\u0159ilo dron nad Brjanskou oblast\u00ed \u00fasp\u011b\u0161n\u011b zni\u010dit, ne\u017e mohl dos\u00e1hnout sv\u00e9ho c\u00edle, uvedlo ministerstvo.<\/span><\/p>\n<p><span>Rusk\u00e1 Brjansk\u00e1 oblast, kter\u00e1 hrani\u010d\u00ed s Ukrajinou na jihu a B\u011bloruskem na z\u00e1pad\u011b, se v posledn\u00edch m\u011bs\u00edc\u00edch opakovan\u011b ocitla pod \u00fatokem kyjevsk\u00fdch sil a \u010delila n\u011bkolika pokus\u016fm o invazi ukrajinsk\u00fdch infiltra\u010dn\u00edch skupin.\u00a0Jen v srpnu ru\u0161t\u00ed p\u0159edstavitel\u00e9 ohl\u00e1sili t\u0159i pokusy o invazi a n\u011bkolik n\u00e1jezd\u016f, z nich\u017e posledn\u00ed m\u011bl za n\u00e1sledek zran\u011bn\u00ed civilisty, m\u00edstn\u00edho farm\u00e1\u0159e.<\/span><\/p>\n<p><span>Dal\u0161\u00ed rusk\u00e9 regiony soused\u00edc\u00ed s Ukrajinou tak\u00e9 \u010del\u00ed zv\u00fd\u0161en\u00fdm \u00fatok\u016fm d\u011blost\u0159electva a dron\u016f, kter\u00e9 p\u0159i mnoha p\u0159\u00edle\u017eitostech vedly ke smrti civilist\u016f, mezi nimi i mnoha d\u011bt\u00ed.<\/span><\/p>\n<p><img decoding=\"async\" loading=\"lazy\" class=\"alignnone size-full wp-image-1185\" src=\"http:\/\/www.infokuryr.cz\/n\/wp-content\/uploads\/2021\/04\/kuryr-podpis.png\" alt=\"\" width=\"84\" height=\"24\" \/><\/p>\n<p>&nbsp;<\/p>\n<p><img decoding=\"async\" loading=\"lazy\" class=\"wp-image-33819 aligncenter\" src=\"http:\/\/www.infokuryr.cz\/n\/wp-content\/uploads\/2023\/08\/ces1-300x157.jpg\" alt=\"\" width=\"1368\" height=\"716\" srcset=\"https:\/\/www.infokuryr.cz\/n\/wp-content\/uploads\/2023\/08\/ces1-300x157.jpg 300w, https:\/\/www.infokuryr.cz\/n\/wp-content\/uploads\/2023\/08\/ces1-1024x536.jpg 1024w, https:\/\/www.infokuryr.cz\/n\/wp-content\/uploads\/2023\/08\/ces1-768x402.jpg 768w, https:\/\/www.infokuryr.cz\/n\/wp-content\/uploads\/2023\/08\/ces1.jpg 1200w\" sizes=\"(max-width: 1368px) 100vw, 1368px\" \/><\/p>\n<p>&nbsp;<\/p>\n<p><a href=\"https:\/\/stranapro.cz\/\"><img decoding=\"async\" loading=\"lazy\" class=\"wp-image-30218 aligncenter\" src=\"http:\/\/www.infokuryr.cz\/n\/wp-content\/uploads\/2023\/06\/PRO-banner-300x36.png\" alt=\"\" width=\"1358\" height=\"163\" srcset=\"https:\/\/www.infokuryr.cz\/n\/wp-content\/uploads\/2023\/06\/PRO-banner-300x36.png 300w, https:\/\/www.infokuryr.cz\/n\/wp-content\/uploads\/2023\/06\/PRO-banner-768x93.png 768w, https:\/\/www.infokuryr.cz\/n\/wp-content\/uploads\/2023\/06\/PRO-banner.png 849w\" sizes=\"(max-width: 1358px) 100vw, 1358px\" \/><\/a><\/p>\n<p>&nbsp;<\/p>\n<p>&nbsp;<\/p>\n<p>&nbsp;<\/p>\n","protected":false},"excerpt":{"rendered":"<p>Kyjevsk\u00e9 s\u00edly za\u00fato\u010dily na vesnici v Brjansk\u00e9 oblasti, zas\u00e1hly \u0161kolu a n\u011bkolik obytn\u00fdch budov, uvedl&#8230;<\/p>\n","protected":false},"author":2,"featured_media":24581,"comment_status":"closed","ping_status":"closed","sticky":false,"template":"","format":"standard","meta":[],"categories":[7],"tags":[2011,3354,22,26],"_links":{"self":[{"href":"https:\/\/www.infokuryr.cz\/n\/wp-json\/wp\/v2\/posts\/35118"}],"collection":[{"href":"https:\/\/www.infokuryr.cz\/n\/wp-json\/wp\/v2\/posts"}],"about":[{"href":"https:\/\/www.infokuryr.cz\/n\/wp-json\/wp\/v2\/types\/post"}],"author":[{"embeddable":true,"href":"https:\/\/www.infokuryr.cz\/n\/wp-json\/wp\/v2\/users\/2"}],"replies":[{"embeddable":true,"href":"https:\/\/www.infokuryr.cz\/n\/wp-json\/wp\/v2\/comments?post=35118"}],"version-history":[{"count":0,"href":"https:\/\/www.infokuryr.cz\/n\/wp-json\/wp\/v2\/posts\/35118\/revisions"}],"wp:featuredmedia":[{"embeddable":true,"href":"https:\/\/www.infokuryr.cz\/n\/wp-json\/wp\/v2\/media\/24581"}],"wp:attachment":[{"href":"https:\/\/www.infokuryr.cz\/n\/wp-json\/wp\/v2\/media?parent=35118"}],"wp:term":[{"taxonomy":"category","embeddable":true,"href":"https:\/\/www.infokuryr.cz\/n\/wp-json\/wp\/v2\/categories?post=35118"},{"taxonomy":"post_tag","embeddable":true,"href":"https:\/\/www.infokuryr.cz\/n\/wp-json\/wp\/v2\/tags?post=35118"}],"curies":[{"name":"wp","href":"https:\/\/api.w.org\/{rel}","templated":true}]}}