{"id":35114,"date":"2023-08-30T01:18:05","date_gmt":"2023-08-29T23:18:05","guid":{"rendered":"http:\/\/www.infokuryr.cz\/n\/?p=35114"},"modified":"2023-08-29T15:36:17","modified_gmt":"2023-08-29T13:36:17","slug":"vyzva-papeze-ruske-mladezi-zlomila-srdce-kyjevskemu-rezimu","status":"publish","type":"post","link":"https:\/\/www.infokuryr.cz\/n\/2023\/08\/30\/vyzva-papeze-ruske-mladezi-zlomila-srdce-kyjevskemu-rezimu\/","title":{"rendered":"V\u00fdzva pape\u017ee rusk\u00e9 ml\u00e1de\u017ei \u201ezlomila srdce\u201c kyjevsk\u00e9mu re\u017eimu"},"content":{"rendered":"<div id=\"fb-root\"><\/div>\n<p class=\"lead\"><strong>Pape\u017e Franti\u0161ek byl kritizov\u00e1n za sv\u016fj projev, ve kter\u00e9m pape\u017e vyzval mlad\u00e9 Rusy, aby si pamatovali, \u017ee jsou d\u011bdici takov\u00fdch car\u016f, jako je Petr I., uv\u00e1d\u00ed dnes 29. srpna agentura Reuters.<\/strong><\/p>\n<p><span>Franti\u0161ek to ozn\u00e1mil b\u011bhem videohovoru s katolickou ml\u00e1de\u017e\u00ed, kter\u00e1 se minul\u00fd p\u00e1tek se\u0161la v Petrohradu.<\/span><\/p>\n<p><span>P\u0159e\u010detl p\u0159ipravenou \u0159e\u010d ve \u0161pan\u011bl\u0161tin\u011b, ale na konci n\u00e1hle p\u0159e\u0161el do ital\u0161tiny.<\/span><\/p>\n<p><em>&#8222;Nezapome\u0148te na sv\u00e9 d\u011bdictv\u00ed,&#8220; vyzvala hlava katolick\u00e9 c\u00edrkve.\u00a0&#8211; Jste d\u011bdici velk\u00e9ho Ruska, velk\u00e9ho Ruska svat\u00fdch, kr\u00e1l\u016f, velk\u00e9ho Ruska Petra I.,\u00a0<strong>Kate\u0159iny II<\/strong>\u00a0., velk\u00e9ho rusk\u00e9ho imp\u00e9ria &#8230; Jste d\u011bdici velk\u00e9 Matky Rusi.\u00a0Vp\u0159ed!<span class=\"after-quote\">\u00a0\u0159ekl Francis.<\/span><\/em><\/p>\n<p><span>Vatik\u00e1n zve\u0159ejnil text apelu, ale nezahrnul do n\u011bj posledn\u00ed odstavec, kter\u00fd pronesl hlava Svat\u00e9ho stolce improvizovan\u011b.\u00a0Video s pape\u017eov\u00fdm projevem bylo zve\u0159ejn\u011bno na n\u00e1bo\u017eensk\u00fdch webech.<\/span><\/p>\n<p><span>Rusk\u00fd prezident\u00a0<\/span><strong><span>Vladimir Putin<\/span><\/strong><span> ji\u017e d\u0159\u00edve uvedl Petra I. jako p\u0159\u00edklad \u201eospravedl\u0148uj\u00edc\u00ed invazi na Ukrajinu\u201c, uv\u00e1d\u00ed publikace Reuters.<\/span><\/p>\n<p><em>&#8222;Je to nechutn\u00e9&#8220;,<span class=\"after-quote\">\u00a0&#8211; komentoval slova Francise b\u00fdval\u00fd prezident Estonska\u00a0<strong>Toomas Hendrik Ilves<\/strong>\u00a0na soci\u00e1ln\u00ed s\u00edti X (d\u0159\u00edve Twitter).<\/span><\/em><\/p>\n<p><span>Pape\u017e\u016fv projev p\u0159im\u011bl ukrajinsk\u00e9ho ministra zahrani\u010d\u00ed\u00a0<\/span><strong><span>Dmytra Kulebu<\/span><\/strong><span>\u00a0k protestu p\u0159edvolat vatik\u00e1nsk\u00e9ho velvyslance v Kyjev\u011b.\u00a0Diplomatovi bylo \u0159e\u010deno, \u017ee pape\u017eova slova jsou \u201enespravedliv\u00e1\u201c a \u201etrhaj\u00ed srdce Ukrajiny\u201c.<\/span><\/p>\n<p><span>Vatik\u00e1n reagoval na kritiku pape\u017ee.\u00a0<\/span><strong><span>Matteo Bruni<\/span><\/strong><span>\u00a0, vedouc\u00ed tiskov\u00e9 slu\u017eby Svat\u00e9ho stolce\u00a0, v prohl\u00e1\u0161en\u00ed zve\u0159ejn\u011bn\u00e9m toto \u00fater\u00fd vyj\u00e1d\u0159il nesouhlas s n\u00e1zorem ukrajinsk\u00e9ho ministerstva zahrani\u010d\u00ed, \u017ee slova pape\u017ee p\u0159edstavovala \u201eimperialistickou propagandu\u201c.<\/span><\/p>\n<p><em>\u201eVe sv\u00fdch uv\u00edtac\u00edch slovech adresovan\u00fdch n\u011bkter\u00fdm mlad\u00fdm rusk\u00fdm katol\u00edk\u016fm v posledn\u00edch dnech, jak je z\u0159ejm\u00e9 z kontextu, ve kter\u00e9m je pronesl, cht\u011bl pape\u017e vyzvat ml\u00e1de\u017e, aby zachov\u00e1vala a rozv\u00edjela to pozitivn\u00ed, co je ve velk\u00fdch kulturn\u00edch a duchovn\u00ed d\u011bdictv\u00ed Ruska, a dokonce rozhodn\u011b ne chv\u00e1lit imperialistickou logiku a st\u00e1tn\u00edky uv\u00e1d\u011bn\u00e9 k ozna\u010den\u00ed ur\u010dit\u00fdch historick\u00fdch obdob\u00ed,<span class=\"after-quote\"> podotkl Bruni.<\/span><\/em><\/p>\n<p><strong>O projevu pape\u017ee k mlad\u00fdm Rus\u016fm jsme psali ji\u017e<span style=\"font-size: 18pt;\">\u00a0<a href=\"http:\/\/www.infokuryr.cz\/n\/2023\/08\/29\/papez-frantisek-pozehnal-rusum-jako-potomkum-velkeho-ruska-a-vyzval-je-aby-s-matkou-rusi-kraceli-dal\/\">ZDE<\/a><\/span><\/strong><\/p>\n<p><img decoding=\"async\" loading=\"lazy\" class=\"alignnone size-full wp-image-1185\" src=\"http:\/\/www.infokuryr.cz\/n\/wp-content\/uploads\/2021\/04\/kuryr-podpis.png\" alt=\"\" width=\"84\" height=\"24\" \/><\/p>\n<p>&nbsp;<\/p>\n<p><img decoding=\"async\" loading=\"lazy\" class=\"wp-image-33819 aligncenter\" src=\"http:\/\/www.infokuryr.cz\/n\/wp-content\/uploads\/2023\/08\/ces1-300x157.jpg\" alt=\"\" width=\"1364\" height=\"714\" srcset=\"https:\/\/www.infokuryr.cz\/n\/wp-content\/uploads\/2023\/08\/ces1-300x157.jpg 300w, https:\/\/www.infokuryr.cz\/n\/wp-content\/uploads\/2023\/08\/ces1-1024x536.jpg 1024w, https:\/\/www.infokuryr.cz\/n\/wp-content\/uploads\/2023\/08\/ces1-768x402.jpg 768w, https:\/\/www.infokuryr.cz\/n\/wp-content\/uploads\/2023\/08\/ces1.jpg 1200w\" sizes=\"(max-width: 1364px) 100vw, 1364px\" \/><\/p>\n<p>&nbsp;<\/p>\n<p><a href=\"https:\/\/stranapro.cz\/\"><img decoding=\"async\" loading=\"lazy\" class=\"wp-image-30218 aligncenter\" src=\"http:\/\/www.infokuryr.cz\/n\/wp-content\/uploads\/2023\/06\/PRO-banner-300x36.png\" alt=\"\" width=\"1358\" height=\"163\" srcset=\"https:\/\/www.infokuryr.cz\/n\/wp-content\/uploads\/2023\/06\/PRO-banner-300x36.png 300w, https:\/\/www.infokuryr.cz\/n\/wp-content\/uploads\/2023\/06\/PRO-banner-768x93.png 768w, https:\/\/www.infokuryr.cz\/n\/wp-content\/uploads\/2023\/06\/PRO-banner.png 849w\" sizes=\"(max-width: 1358px) 100vw, 1358px\" \/><\/a><\/p>\n<p>&nbsp;<\/p>\n<p>&nbsp;<\/p>\n<p>&nbsp;<\/p>\n","protected":false},"excerpt":{"rendered":"<p>Pape\u017e Franti\u0161ek byl kritizov\u00e1n za sv\u016fj projev, ve kter\u00e9m pape\u017e vyzval mlad\u00e9 Rusy, aby si&#8230;<\/p>\n","protected":false},"author":2,"featured_media":18060,"comment_status":"closed","ping_status":"closed","sticky":false,"template":"","format":"standard","meta":[],"categories":[7],"tags":[221,254,22],"_links":{"self":[{"href":"https:\/\/www.infokuryr.cz\/n\/wp-json\/wp\/v2\/posts\/35114"}],"collection":[{"href":"https:\/\/www.infokuryr.cz\/n\/wp-json\/wp\/v2\/posts"}],"about":[{"href":"https:\/\/www.infokuryr.cz\/n\/wp-json\/wp\/v2\/types\/post"}],"author":[{"embeddable":true,"href":"https:\/\/www.infokuryr.cz\/n\/wp-json\/wp\/v2\/users\/2"}],"replies":[{"embeddable":true,"href":"https:\/\/www.infokuryr.cz\/n\/wp-json\/wp\/v2\/comments?post=35114"}],"version-history":[{"count":1,"href":"https:\/\/www.infokuryr.cz\/n\/wp-json\/wp\/v2\/posts\/35114\/revisions"}],"predecessor-version":[{"id":35115,"href":"https:\/\/www.infokuryr.cz\/n\/wp-json\/wp\/v2\/posts\/35114\/revisions\/35115"}],"wp:featuredmedia":[{"embeddable":true,"href":"https:\/\/www.infokuryr.cz\/n\/wp-json\/wp\/v2\/media\/18060"}],"wp:attachment":[{"href":"https:\/\/www.infokuryr.cz\/n\/wp-json\/wp\/v2\/media?parent=35114"}],"wp:term":[{"taxonomy":"category","embeddable":true,"href":"https:\/\/www.infokuryr.cz\/n\/wp-json\/wp\/v2\/categories?post=35114"},{"taxonomy":"post_tag","embeddable":true,"href":"https:\/\/www.infokuryr.cz\/n\/wp-json\/wp\/v2\/tags?post=35114"}],"curies":[{"name":"wp","href":"https:\/\/api.w.org\/{rel}","templated":true}]}}