{"id":35110,"date":"2023-08-30T01:16:25","date_gmt":"2023-08-29T23:16:25","guid":{"rendered":"http:\/\/www.infokuryr.cz\/n\/?p=35110"},"modified":"2023-08-29T15:22:54","modified_gmt":"2023-08-29T13:22:54","slug":"rusky-uder-znicil-ukrajinsky-vojensky-vlak","status":"publish","type":"post","link":"https:\/\/www.infokuryr.cz\/n\/2023\/08\/30\/rusky-uder-znicil-ukrajinsky-vojensky-vlak\/","title":{"rendered":"Rusk\u00fd \u00fader zni\u010dil ukrajinsk\u00fd vojensk\u00fd vlak"},"content":{"rendered":"<div id=\"fb-root\"><\/div>\n<p><span style=\"font-size: 18pt;\"><strong>P\u0159i \u00fatoku bylo zlikvidov\u00e1no munice a a\u017e deset hardwarov\u00fdch jednotek, uvedlo ministerstvo obrany<\/strong><\/span><\/p>\n<p>Rusk\u00e9 ministerstvo obrany zve\u0159ejnilo video, kter\u00e9 popsalo jako \u00fasp\u011b\u0161n\u00fd \u00fader na ukrajinsk\u00fd vojensk\u00fd vlak s d\u011blost\u0159eleckou munic\u00ed a zbran\u011bmi.<\/p>\n<p>Klip, zve\u0159ejn\u011bn\u00fd v \u00fater\u00fd, sest\u00e1v\u00e1 z leteck\u00fdch z\u00e1b\u011br\u016f n\u00e1kladn\u00edho vlaku a n\u011bkolika sest\u0159ih\u016f exploz\u00ed a val\u00edc\u00edho se kou\u0159e \u2013 pova\u017eov\u00e1ny za po\u010d\u00e1te\u010dn\u00ed \u00fader a n\u00e1sledn\u00e9 detonace n\u00e1kladu.<\/p>\n<p>Zpr\u00e1va tvrdila, \u017ee rusk\u00e1 pr\u016fzkumn\u00e1 jednotka zaznamenala p\u0159\u00edjezd vojensk\u00e9ho transportu do jeho kone\u010dn\u00e9ho c\u00edle, n\u011bkde pod\u00e9l frontov\u00e9 linie v Don\u011bcku.\u00a0K jej\u00edmu zac\u00edlen\u00ed pak byla pou\u017eita st\u0159ela zem\u011b-zem\u011b, ne\u017e ji mohli vylo\u017eit ukrajin\u0161t\u00ed voj\u00e1ci.<\/p>\n<p>Moskva tvrdila, \u017ee spolu s d\u011blost\u0159eleck\u00fdmi gran\u00e1ty p\u0159ivezen\u00fdmi na stanici bylo zlikvidov\u00e1no asi 30 ukrajinsk\u00fdch voj\u00e1k\u016f a tak\u00e9 deset vojensk\u00fdch vozidel.<\/p>\n<p>&nbsp;<\/p>\n<div class='videoWrapper'>\r\n\t            <iframe src='https:\/\/rumble.com\/embed\/pj.v3ab948\/' frameborder='0' allowfullscreen><\/iframe>\r\n\t        <\/div>\n<p>&nbsp;<\/p>\n<p>Rusk\u00e9 ministerstvo obrany pravideln\u011b hl\u00e1s\u00ed z\u00e1sahy do vlak\u016f pou\u017e\u00edvan\u00fdch ukrajinskou arm\u00e1dou k z\u00e1sobov\u00e1n\u00ed sv\u00fdch sil.<\/p>\n<p>Minul\u00fd t\u00fdden uvedla, \u017ee raketov\u00fd \u00fatok Iskander v Dn\u011bpropetrovsk\u00e9 oblasti zabil v\u00edce ne\u017e 200 ukrajinsk\u00fdch voj\u00e1k\u016f a zni\u010dil deset vojensk\u00fdch vozidel, kdy\u017e byla transportov\u00e1na na frontovou linii.<\/p>\n<p>Za\u010d\u00e1tkem srpna zve\u0159ejnila videoz\u00e1znam \u00fatoku, kter\u00fd \u00fadajn\u011b zni\u010dil vojensk\u00fd vlak p\u0159ev\u00e1\u017eej\u00edc\u00ed munici na jin\u00e9m m\u00edst\u011b ve stejn\u00e9m ukrajinsk\u00e9m regionu.<\/p>\n<p><img decoding=\"async\" loading=\"lazy\" class=\"alignnone size-full wp-image-1185\" src=\"http:\/\/www.infokuryr.cz\/n\/wp-content\/uploads\/2021\/04\/kuryr-podpis.png\" alt=\"\" width=\"84\" height=\"24\" \/><\/p>\n<p>&nbsp;<\/p>\n<p><img decoding=\"async\" loading=\"lazy\" class=\"wp-image-33819 aligncenter\" src=\"http:\/\/www.infokuryr.cz\/n\/wp-content\/uploads\/2023\/08\/ces1-300x157.jpg\" alt=\"\" width=\"1361\" height=\"712\" srcset=\"https:\/\/www.infokuryr.cz\/n\/wp-content\/uploads\/2023\/08\/ces1-300x157.jpg 300w, https:\/\/www.infokuryr.cz\/n\/wp-content\/uploads\/2023\/08\/ces1-1024x536.jpg 1024w, https:\/\/www.infokuryr.cz\/n\/wp-content\/uploads\/2023\/08\/ces1-768x402.jpg 768w, https:\/\/www.infokuryr.cz\/n\/wp-content\/uploads\/2023\/08\/ces1.jpg 1200w\" sizes=\"(max-width: 1361px) 100vw, 1361px\" \/><\/p>\n<p>&nbsp;<\/p>\n<p><a href=\"https:\/\/stranapro.cz\/\"><img decoding=\"async\" loading=\"lazy\" class=\"wp-image-30218 aligncenter\" src=\"http:\/\/www.infokuryr.cz\/n\/wp-content\/uploads\/2023\/06\/PRO-banner-300x36.png\" alt=\"\" width=\"1367\" height=\"164\" srcset=\"https:\/\/www.infokuryr.cz\/n\/wp-content\/uploads\/2023\/06\/PRO-banner-300x36.png 300w, https:\/\/www.infokuryr.cz\/n\/wp-content\/uploads\/2023\/06\/PRO-banner-768x93.png 768w, https:\/\/www.infokuryr.cz\/n\/wp-content\/uploads\/2023\/06\/PRO-banner.png 849w\" sizes=\"(max-width: 1367px) 100vw, 1367px\" \/><\/a><\/p>\n<p>&nbsp;<\/p>\n<p>&nbsp;<\/p>\n<p>&nbsp;<\/p>\n","protected":false},"excerpt":{"rendered":"<p>P\u0159i \u00fatoku bylo zlikvidov\u00e1no munice a a\u017e deset hardwarov\u00fdch jednotek, uvedlo ministerstvo obrany Rusk\u00e9 ministerstvo&#8230;<\/p>\n","protected":false},"author":2,"featured_media":35111,"comment_status":"closed","ping_status":"closed","sticky":false,"template":"","format":"standard","meta":[],"categories":[7],"tags":[2122,22,328],"_links":{"self":[{"href":"https:\/\/www.infokuryr.cz\/n\/wp-json\/wp\/v2\/posts\/35110"}],"collection":[{"href":"https:\/\/www.infokuryr.cz\/n\/wp-json\/wp\/v2\/posts"}],"about":[{"href":"https:\/\/www.infokuryr.cz\/n\/wp-json\/wp\/v2\/types\/post"}],"author":[{"embeddable":true,"href":"https:\/\/www.infokuryr.cz\/n\/wp-json\/wp\/v2\/users\/2"}],"replies":[{"embeddable":true,"href":"https:\/\/www.infokuryr.cz\/n\/wp-json\/wp\/v2\/comments?post=35110"}],"version-history":[{"count":1,"href":"https:\/\/www.infokuryr.cz\/n\/wp-json\/wp\/v2\/posts\/35110\/revisions"}],"predecessor-version":[{"id":35112,"href":"https:\/\/www.infokuryr.cz\/n\/wp-json\/wp\/v2\/posts\/35110\/revisions\/35112"}],"wp:featuredmedia":[{"embeddable":true,"href":"https:\/\/www.infokuryr.cz\/n\/wp-json\/wp\/v2\/media\/35111"}],"wp:attachment":[{"href":"https:\/\/www.infokuryr.cz\/n\/wp-json\/wp\/v2\/media?parent=35110"}],"wp:term":[{"taxonomy":"category","embeddable":true,"href":"https:\/\/www.infokuryr.cz\/n\/wp-json\/wp\/v2\/categories?post=35110"},{"taxonomy":"post_tag","embeddable":true,"href":"https:\/\/www.infokuryr.cz\/n\/wp-json\/wp\/v2\/tags?post=35110"}],"curies":[{"name":"wp","href":"https:\/\/api.w.org\/{rel}","templated":true}]}}