{"id":35108,"date":"2023-08-30T01:15:55","date_gmt":"2023-08-29T23:15:55","guid":{"rendered":"http:\/\/www.infokuryr.cz\/n\/?p=35108"},"modified":"2023-08-29T15:17:21","modified_gmt":"2023-08-29T13:17:21","slug":"pri-utoku-na-konzsky-kostel-zahynulo-vice-nez-deset-lidi","status":"publish","type":"post","link":"https:\/\/www.infokuryr.cz\/n\/2023\/08\/30\/pri-utoku-na-konzsky-kostel-zahynulo-vice-nez-deset-lidi\/","title":{"rendered":"P\u0159i \u00fatoku na kon\u017esk\u00fd kostel zahynulo v\u00edce ne\u017e deset lid\u00ed"},"content":{"rendered":"<div id=\"fb-root\"><\/div>\n<p><span style=\"font-size: 18pt;\"><strong>Podle zpr\u00e1v milicion\u00e1\u0159i za\u00fato\u010dili na v\u011b\u0159\u00edc\u00ed ve vesnici v provincii Ituri<\/strong><\/span><\/p>\n<p>Nejm\u00e9n\u011b 14 lid\u00ed bylo zabito p\u0159i ned\u011bln\u00edm \u00fatoku ozbrojenc\u016f na kostel v severov\u00fdchodn\u00ed provincii Ituri v Kon\u017esk\u00e9 demokratick\u00e9 republice, podle zpr\u00e1v s odkazem na m\u00edstn\u00ed zdroje a arm\u00e1du.<\/p>\n<p>Kooperativa pro rozvoj Konga (CODECO), milice p\u016fsob\u00edc\u00ed na v\u00fdchod\u011b zem\u011b su\u017eovan\u00e9 n\u00e1sil\u00edm, provedla \u00fatok na ryb\u00e1\u0159sk\u00fd t\u00e1bor v Gobu, \u0159ekla agentu\u0159e AFP Charite Banza, prezidentka organizace ob\u010dansk\u00e9 spole\u010dnosti Ituri.<\/p>\n<p>P\u0159i \u00fatoku zem\u0159elo dev\u011bt civilist\u016f, voj\u00e1k a \u010dty\u0159i milicion\u00e1\u0159i CODECO, uvedl Pilo Mulindo, \u0161\u00e9f n\u00e1\u010delnictv\u00ed Bahema-Nord, kde k incidentu do\u0161lo.<\/p>\n<p>Arm\u00e1dn\u00ed mluv\u010d\u00ed Jules Ngongo Tshikudi potvrdil, \u017ee CODECO provedlo \u00fatok na \u201e\u00a0<em>civilisty, kte\u0159\u00ed se v ned\u011bli modlili v jejich kostele v Gobu<\/em>\u00a0\u201c.<\/p>\n<p>&#8220;\u00a0<em>Na\u0161e s\u00edly oplatily tento \u00fatok a milicion\u00e1\u0159i jsou pron\u00e1sledov\u00e1ni<\/em>\u00a0,&#8220; citovala Tshikudiho agentura AFP.<\/p>\n<p>Milice CODECO, poch\u00e1zej\u00edc\u00ed p\u0159edev\u0161\u00edm z etnick\u00e9 skupiny zem\u011bd\u011blc\u016f Lendu, m\u00e1 dlouhou historii spor\u016f s pastevci Hema.<\/p>\n<p>V \u010dervnu kon\u017esk\u00e9 \u00fa\u0159ady\u00a0<a href=\"https:\/\/www.rt.com\/africa\/577910-dr-congo-militia-camp-attack\/\">obvinily<\/a>\u00a0skupinu ze zabit\u00ed 46 lid\u00ed p\u0159i \u00fatoku na t\u00e1bor pro vys\u00eddlen\u00e9 osoby v provincii Ituri.<\/p>\n<p><img decoding=\"async\" loading=\"lazy\" class=\"alignnone size-full wp-image-1185\" src=\"http:\/\/www.infokuryr.cz\/n\/wp-content\/uploads\/2021\/04\/kuryr-podpis.png\" alt=\"\" width=\"84\" height=\"24\" \/><\/p>\n<p>&nbsp;<\/p>\n<p><img decoding=\"async\" loading=\"lazy\" class=\"wp-image-33819 aligncenter\" src=\"http:\/\/www.infokuryr.cz\/n\/wp-content\/uploads\/2023\/08\/ces1-300x157.jpg\" alt=\"\" width=\"1353\" height=\"708\" srcset=\"https:\/\/www.infokuryr.cz\/n\/wp-content\/uploads\/2023\/08\/ces1-300x157.jpg 300w, https:\/\/www.infokuryr.cz\/n\/wp-content\/uploads\/2023\/08\/ces1-1024x536.jpg 1024w, https:\/\/www.infokuryr.cz\/n\/wp-content\/uploads\/2023\/08\/ces1-768x402.jpg 768w, https:\/\/www.infokuryr.cz\/n\/wp-content\/uploads\/2023\/08\/ces1.jpg 1200w\" sizes=\"(max-width: 1353px) 100vw, 1353px\" \/><\/p>\n<p>&nbsp;<\/p>\n<p><a href=\"https:\/\/stranapro.cz\/\"><img decoding=\"async\" loading=\"lazy\" class=\"wp-image-30218 aligncenter\" src=\"http:\/\/www.infokuryr.cz\/n\/wp-content\/uploads\/2023\/06\/PRO-banner-300x36.png\" alt=\"\" width=\"1375\" height=\"165\" srcset=\"https:\/\/www.infokuryr.cz\/n\/wp-content\/uploads\/2023\/06\/PRO-banner-300x36.png 300w, https:\/\/www.infokuryr.cz\/n\/wp-content\/uploads\/2023\/06\/PRO-banner-768x93.png 768w, https:\/\/www.infokuryr.cz\/n\/wp-content\/uploads\/2023\/06\/PRO-banner.png 849w\" sizes=\"(max-width: 1375px) 100vw, 1375px\" \/><\/a><\/p>\n<p>&nbsp;<\/p>\n<p>&nbsp;<\/p>\n<p>&nbsp;<\/p>\n","protected":false},"excerpt":{"rendered":"<p>Podle zpr\u00e1v milicion\u00e1\u0159i za\u00fato\u010dili na v\u011b\u0159\u00edc\u00ed ve vesnici v provincii Ituri Nejm\u00e9n\u011b 14 lid\u00ed bylo&#8230;<\/p>\n","protected":false},"author":2,"featured_media":35109,"comment_status":"closed","ping_status":"closed","sticky":false,"template":"","format":"standard","meta":[],"categories":[7],"tags":[5780,798,167,184],"_links":{"self":[{"href":"https:\/\/www.infokuryr.cz\/n\/wp-json\/wp\/v2\/posts\/35108"}],"collection":[{"href":"https:\/\/www.infokuryr.cz\/n\/wp-json\/wp\/v2\/posts"}],"about":[{"href":"https:\/\/www.infokuryr.cz\/n\/wp-json\/wp\/v2\/types\/post"}],"author":[{"embeddable":true,"href":"https:\/\/www.infokuryr.cz\/n\/wp-json\/wp\/v2\/users\/2"}],"replies":[{"embeddable":true,"href":"https:\/\/www.infokuryr.cz\/n\/wp-json\/wp\/v2\/comments?post=35108"}],"version-history":[{"count":0,"href":"https:\/\/www.infokuryr.cz\/n\/wp-json\/wp\/v2\/posts\/35108\/revisions"}],"wp:featuredmedia":[{"embeddable":true,"href":"https:\/\/www.infokuryr.cz\/n\/wp-json\/wp\/v2\/media\/35109"}],"wp:attachment":[{"href":"https:\/\/www.infokuryr.cz\/n\/wp-json\/wp\/v2\/media?parent=35108"}],"wp:term":[{"taxonomy":"category","embeddable":true,"href":"https:\/\/www.infokuryr.cz\/n\/wp-json\/wp\/v2\/categories?post=35108"},{"taxonomy":"post_tag","embeddable":true,"href":"https:\/\/www.infokuryr.cz\/n\/wp-json\/wp\/v2\/tags?post=35108"}],"curies":[{"name":"wp","href":"https:\/\/api.w.org\/{rel}","templated":true}]}}