{"id":35089,"date":"2023-08-30T01:07:40","date_gmt":"2023-08-29T23:07:40","guid":{"rendered":"http:\/\/www.infokuryr.cz\/n\/?p=35089"},"modified":"2023-08-29T14:17:34","modified_gmt":"2023-08-29T12:17:34","slug":"zprava-600-americkych-pilotu-osobnich-letadel-pravdepodobne-neni-zpusobilych-letat","status":"publish","type":"post","link":"https:\/\/www.infokuryr.cz\/n\/2023\/08\/30\/zprava-600-americkych-pilotu-osobnich-letadel-pravdepodobne-neni-zpusobilych-letat\/","title":{"rendered":"Zpr\u00e1va: 600 americk\u00fdch pilot\u016f osobn\u00edch letadel pravd\u011bpodobn\u011b nen\u00ed zp\u016fsobil\u00fdch l\u00e9tat"},"content":{"rendered":"<div id=\"fb-root\"><\/div>\n<p><strong><span>Americk\u00fd Feder\u00e1ln\u00ed \u00fa\u0159ad pro letectv\u00ed vy\u0161et\u0159uje kolem 4800 pilot\u016f, kte\u0159\u00ed mohli poskytnout nespr\u00e1vn\u00e9 nebo nespr\u00e1vn\u00e9 informace o sv\u00e9m zdravotn\u00edm stavu.\u00a0P\u0159ibli\u017en\u011b 600 z nich m\u016f\u017ee l\u00e9tat na civiln\u00edch dopravn\u00edch letadlech a jsou pova\u017eov\u00e1ni za \u201epravd\u011bpodobn\u011b nezp\u016fsobil\u00e9 l\u00e9tat\u201c.\u00a0Ale co vy\u0161et\u0159ov\u00e1n\u00ed po\u0161kozen\u00ed vakc\u00ednou?<\/span><\/strong><\/p>\n<p><span>V posledn\u00edch m\u011bs\u00edc\u00edch se mno\u017e\u00ed zpr\u00e1vy, \u017ee piloti a kopiloti m\u011bli b\u011bhem letu infarkty a podobn\u011b a n\u011bkte\u0159\u00ed na n\u00e1sledky dokonce zem\u0159eli.\u00a0Report24 o tom informoval mimo jin\u00e9\u00a0<\/span><a href=\"https:\/\/report24.news\/schockierende-todesserie-unter-piloten-fuenf-ploetzliche-todesfaelle-in-nur-zehn-tagen\/\"><span>zde<\/span><\/a><span>\u00a0,\u00a0<\/span><a href=\"https:\/\/report24.news\/auswertung-von-nachrufen-starker-anstieg-von-todesfaellen-unter-juengeren-piloten-in-2021\/\"><span>zde<\/span><\/a><span>\u00a0a\u00a0<\/span><a href=\"https:\/\/report24.news\/abnormal-sieben-kollabierende-piloten-in-nur-einem-monat\/\"><span>zde<\/span><\/a><span>\u00a0.\u00a0Pomoc\u00ed funkce vyhled\u00e1v\u00e1n\u00ed v\u0161ak m\u016f\u017eete naj\u00edt mnohem v\u00edce zpr\u00e1v.\u00a0Jedna v\u011bc je zar\u00e1\u017eej\u00edc\u00ed: Od zaveden\u00ed experiment\u00e1ln\u00edch vakc\u00edn proti Covidu se zd\u00e1, \u017ee takov\u00e9 p\u0159\u00edpady explodovaly.<\/span><\/p>\n<p><a href=\"https:\/\/www.washingtonpost.com\/politics\/2023\/08\/27\/faa-pilots-health-conditions-va-benefits\/\" target=\"_blank\" rel=\"noreferrer noopener\"><span>Americk\u00e1 m\u00e9dia<\/span><\/a><span>\u00a0nyn\u00ed informuj\u00ed\u00a0, \u017ee americk\u00fd Feder\u00e1ln\u00ed \u00fa\u0159ad pro letectv\u00ed (FAA) se zam\u011b\u0159il a\u017e na 4800 americk\u00fdch pilot\u016f \u2013 v\u0161ichni veter\u00e1ni americk\u00e9 arm\u00e1dy.\u00a0Proto\u017ee dost\u00e1vaj\u00ed od Pentagonu d\u00e1vky pro invalidy, kter\u00e9 by ve skute\u010dnosti prohl\u00e1sili za nezp\u016fsobil\u00e9 k l\u00e9t\u00e1n\u00ed.\u00a0Ot\u00e1zkou je, zda z\u00fa\u010dastn\u011bn\u00ed piloti zradili bu\u010f Spr\u00e1vu veter\u00e1n\u016f (pro maxim\u00e1ln\u00ed granty), nebo Radu \u0159\u00edzen\u00ed letov\u00e9ho provozu (pro certifikaci civiln\u00edho pilota).\u00a0Tak\u017ee jste ve skute\u010dnosti p\u0159eh\u00e1n\u011bli Pentagon a podce\u0148ovali FAA o zdravotn\u00edch poruch\u00e1ch.\u00a0<\/span><strong><span>Podle zpr\u00e1v je zde tak\u00e9 600 pilot\u016f, kte\u0159\u00ed mohou pilotovat civiln\u00ed dopravn\u00ed letadla.<\/span><\/strong><span>V\u011bt\u0161ina ostatn\u00edch m\u00e1 licence k naj\u00edm\u00e1n\u00ed na jednotliv\u00e9 pr\u00e1ce \u2013 nap\u0159\u00edklad n\u00e1kladn\u00ed lety, spole\u010dnosti nebo cestovn\u00ed kancel\u00e1\u0159e.<\/span><\/p>\n<p><span>I kdy\u017e je tento krok z hlediska bezpe\u010dnosti letu d\u016fle\u017eit\u00fd, nab\u00edz\u00ed se dal\u0161\u00ed ot\u00e1zka: Kde je komplexn\u00ed zdravotn\u00ed vy\u0161et\u0159en\u00ed (zejm\u00e9na s ohledem na mo\u017en\u00e9 po\u0161kozen\u00ed srdce) u v\u0161ech pilot\u016f kv\u016fli zn\u00e1m\u00fdm vedlej\u0161\u00edm \u00fa\u010dink\u016fm experiment\u00e1ln\u00edch genov\u00fdch injekc\u00ed proti Covid-19 a ti zm\u00edn\u011bn\u00ed na za\u010d\u00e1tku zvy\u0161uj\u00edc\u00ed se po\u010det pilot\u016f, kte\u0159\u00ed se \u201en\u00e1hle a ne\u010dekan\u011b\u201c stanou neschopn\u00fdmi nebo dokonce zem\u0159ou b\u011bhem letu?<\/span><\/p>\n<p><span>Zejm\u00e9na na piloty jsou kladeny zvl\u00e1\u0161\u0165 vysok\u00e9 n\u00e1roky na fyzickou a psychickou zdatnost.\u00a0<\/span><strong><span>Nejsou zodpov\u011bdn\u00ed jen za \u010dasto stovky cestuj\u00edc\u00edch a velmi drah\u00e1 letadla, ale tak\u00e9 za lidi na zemi.\u00a0<\/span><\/strong><span>P\u00e1d do obytn\u00e9 oblasti m\u016f\u017ee b\u00fdt obzvl\u00e1\u0161t\u011b zni\u010duj\u00edc\u00ed.<\/span><\/p>\n<p><img decoding=\"async\" loading=\"lazy\" class=\"alignnone size-full wp-image-1185\" src=\"http:\/\/www.infokuryr.cz\/n\/wp-content\/uploads\/2021\/04\/kuryr-podpis.png\" alt=\"\" width=\"84\" height=\"24\" \/><\/p>\n<p>&nbsp;<\/p>\n<p><img decoding=\"async\" loading=\"lazy\" class=\"wp-image-33819 aligncenter\" src=\"http:\/\/www.infokuryr.cz\/n\/wp-content\/uploads\/2023\/08\/ces1-300x157.jpg\" alt=\"\" width=\"1374\" height=\"719\" srcset=\"https:\/\/www.infokuryr.cz\/n\/wp-content\/uploads\/2023\/08\/ces1-300x157.jpg 300w, https:\/\/www.infokuryr.cz\/n\/wp-content\/uploads\/2023\/08\/ces1-1024x536.jpg 1024w, https:\/\/www.infokuryr.cz\/n\/wp-content\/uploads\/2023\/08\/ces1-768x402.jpg 768w, https:\/\/www.infokuryr.cz\/n\/wp-content\/uploads\/2023\/08\/ces1.jpg 1200w\" sizes=\"(max-width: 1374px) 100vw, 1374px\" \/><\/p>\n<p>&nbsp;<\/p>\n<p><a href=\"https:\/\/stranapro.cz\/\"><img decoding=\"async\" loading=\"lazy\" class=\"wp-image-30218 aligncenter\" src=\"http:\/\/www.infokuryr.cz\/n\/wp-content\/uploads\/2023\/06\/PRO-banner-300x36.png\" alt=\"\" width=\"1375\" height=\"165\" srcset=\"https:\/\/www.infokuryr.cz\/n\/wp-content\/uploads\/2023\/06\/PRO-banner-300x36.png 300w, https:\/\/www.infokuryr.cz\/n\/wp-content\/uploads\/2023\/06\/PRO-banner-768x93.png 768w, https:\/\/www.infokuryr.cz\/n\/wp-content\/uploads\/2023\/06\/PRO-banner.png 849w\" sizes=\"(max-width: 1375px) 100vw, 1375px\" \/><\/a><\/p>\n<p>&nbsp;<\/p>\n<p>&nbsp;<\/p>\n<p>&nbsp;<\/p>\n","protected":false},"excerpt":{"rendered":"<p>Americk\u00fd Feder\u00e1ln\u00ed \u00fa\u0159ad pro letectv\u00ed vy\u0161et\u0159uje kolem 4800 pilot\u016f, kte\u0159\u00ed mohli poskytnout nespr\u00e1vn\u00e9 nebo nespr\u00e1vn\u00e9&#8230;<\/p>\n","protected":false},"author":2,"featured_media":35090,"comment_status":"closed","ping_status":"closed","sticky":false,"template":"","format":"standard","meta":[],"categories":[7],"tags":[3166,736,37,21,724],"_links":{"self":[{"href":"https:\/\/www.infokuryr.cz\/n\/wp-json\/wp\/v2\/posts\/35089"}],"collection":[{"href":"https:\/\/www.infokuryr.cz\/n\/wp-json\/wp\/v2\/posts"}],"about":[{"href":"https:\/\/www.infokuryr.cz\/n\/wp-json\/wp\/v2\/types\/post"}],"author":[{"embeddable":true,"href":"https:\/\/www.infokuryr.cz\/n\/wp-json\/wp\/v2\/users\/2"}],"replies":[{"embeddable":true,"href":"https:\/\/www.infokuryr.cz\/n\/wp-json\/wp\/v2\/comments?post=35089"}],"version-history":[{"count":1,"href":"https:\/\/www.infokuryr.cz\/n\/wp-json\/wp\/v2\/posts\/35089\/revisions"}],"predecessor-version":[{"id":35091,"href":"https:\/\/www.infokuryr.cz\/n\/wp-json\/wp\/v2\/posts\/35089\/revisions\/35091"}],"wp:featuredmedia":[{"embeddable":true,"href":"https:\/\/www.infokuryr.cz\/n\/wp-json\/wp\/v2\/media\/35090"}],"wp:attachment":[{"href":"https:\/\/www.infokuryr.cz\/n\/wp-json\/wp\/v2\/media?parent=35089"}],"wp:term":[{"taxonomy":"category","embeddable":true,"href":"https:\/\/www.infokuryr.cz\/n\/wp-json\/wp\/v2\/categories?post=35089"},{"taxonomy":"post_tag","embeddable":true,"href":"https:\/\/www.infokuryr.cz\/n\/wp-json\/wp\/v2\/tags?post=35089"}],"curies":[{"name":"wp","href":"https:\/\/api.w.org\/{rel}","templated":true}]}}