{"id":35088,"date":"2023-08-30T01:06:58","date_gmt":"2023-08-29T23:06:58","guid":{"rendered":"http:\/\/www.infokuryr.cz\/n\/?p=35088"},"modified":"2023-08-29T14:07:03","modified_gmt":"2023-08-29T12:07:03","slug":"diktator-zelenskyj-neusporada-volby-pokud-zapad-nezaplati-ucet","status":"publish","type":"post","link":"https:\/\/www.infokuryr.cz\/n\/2023\/08\/30\/diktator-zelenskyj-neusporada-volby-pokud-zapad-nezaplati-ucet\/","title":{"rendered":"\u201eDikt\u00e1tor\u201c Zelenskyj neuspo\u0159\u00e1d\u00e1 volby, pokud Z\u00e1pad nezaplat\u00ed \u00fa\u010det"},"content":{"rendered":"<div id=\"fb-root\"><\/div>\n<div class=\"elementor-element elementor-element-1fb4c2c elementor-widget elementor-widget-theme-post-content\" data-id=\"1fb4c2c\" data-element_type=\"widget\" data-widget_type=\"theme-post-content.default\">\n<div class=\"elementor-widget-container\">\n<p><span>Ukrajinsk\u00fd prezident Zelenskij po\u017eaduje od americk\u00fdch a evropsk\u00fdch da\u0148ov\u00fdch poplatn\u00edk\u016f v\u00edce pen\u011bz, pokud Z\u00e1pad pl\u00e1nuje uspo\u0159\u00e1dat p\u0159\u00ed\u0161t\u00ed rok na Ukrajin\u011b volby.<\/span><\/p>\n<p><span>V\u00a0<\/span><a href=\"https:\/\/www.president.gov.ua\/en\/news\/ssha-ta-yes-mayut-rozdiliti-riziki-mozhlivogo-provedennya-vi-85225\" target=\"_blank\" rel=\"noreferrer noopener\" data-type=\"link\" data-id=\"https:\/\/www.president.gov.ua\/en\/news\/ssha-ta-yes-mayut-rozdiliti-riziki-mozhlivogo-provedennya-vi-85225\"><span>rozhovoru<\/span><\/a><span>\u00a0, kter\u00fd v ned\u011bli ve\u010der zve\u0159ejnila Zelensk\u00e9ho kancel\u00e1\u0159 na internetu, prezident \u0159ekl, \u017ee je p\u0159ipraven uspo\u0159\u00e1dat volby, i kdy\u017e v zemi plat\u00ed stann\u00e9 pr\u00e1vo, pokud USA a Evropsk\u00e1 unie zaplat\u00ed \u00fa\u010det.<\/span><\/p>\n<p><span>Ukrajinsk\u00fd prezident uvedl, \u017ee m\u00edrov\u00e9 volby budou st\u00e1t asi p\u011bt miliard h\u0159iven (125 milion\u016f eur).\u00a0Mezit\u00edm budou n\u00e1klady pravd\u011bpodobn\u011b mnohon\u00e1sobn\u011b vy\u0161\u0161\u00ed.<\/span><\/p>\n<p><span>Zelenskyi \u0159ekl, \u017ee hovo\u0159il s americk\u00fdm sen\u00e1torem Lindsey Grahamem o financov\u00e1n\u00ed voleb v roce 2024.<\/span><\/p>\n<p><span>V roce 2019 z\u00edskal v\u00edce ne\u017e 73 procent hlas\u016f pot\u00e9, co sl\u00edbil bojovat proti korupci a normalizovat vztahy s Ruskem.<\/span><\/p>\n<p><span>Volby jsou v zemi zak\u00e1z\u00e1ny kv\u016fli stann\u00e9mu pr\u00e1vu.\u00a0Ta vypr\u0161\u00ed nejd\u0159\u00edve 15. listopadu, to znamen\u00e1, \u017ee parlamentn\u00ed volby v \u0159\u00edjnu se konat nemohou.<\/span><\/p>\n<p><span>Prezidentsk\u00e9 volby se m\u011bly konat v b\u0159eznu p\u0159\u00ed\u0161t\u00edho roku.\u00a0Minul\u00fd rok Zelenskyj zak\u00e1zal n\u011bkolik opozi\u010dn\u00edch stran s od\u016fvodn\u011bn\u00edm, \u017ee jsou \u201eprorusk\u00e9\u201c.<\/span><\/p>\n<p><span>Politick\u00fd koment\u00e1tor \u201eGunther Eaglemen\u201c \u00fato\u010d\u00ed na ukrajinsk\u00e9ho prezidenta\u00a0<\/span><a href=\"https:\/\/twitter.com\/GuntherEagleman\/status\/1696163771390017995?s=20\" target=\"_blank\" rel=\"noreferrer noopener\" data-type=\"link\" data-id=\"https:\/\/twitter.com\/GuntherEagleman\/status\/1696163771390017995?s=20\"><span>na<\/span><\/a><span>\u00a0X.\u00a0Kdyby z\u00e1le\u017eelo na n\u011bm, na \u201edikt\u00e1tora\u201c Zelensk\u00e9ho by nezbyl ani cent.<\/span><\/p>\n<\/div>\n<\/div>\n<div class=\"elementor-element elementor-element-8c57238 quelle dc-has-condition dc-condition-empty elementor-widget elementor-widget-heading\" data-id=\"8c57238\" data-element_type=\"widget\" data-widget_type=\"heading.default\">\n<div class=\"elementor-widget-container\">\n<h3 class=\"elementor-heading-title elementor-size-default\"><span style=\"font-size: 8pt;\"><a href=\"https:\/\/www.breitbart.com\/europe\/2023\/08\/28\/zelensky-says-he-wont-hold-elections-unless-u-s-and-eu-pay-for-them\/\" target=\"_blank\" rel=\"nofollow noopener\">ZDROJ<\/a><\/span><\/h3>\n<\/div>\n<\/div>\n<p>&nbsp;<\/p>\n<p><img decoding=\"async\" loading=\"lazy\" class=\"wp-image-33819 aligncenter\" src=\"http:\/\/www.infokuryr.cz\/n\/wp-content\/uploads\/2023\/08\/ces1-300x157.jpg\" alt=\"\" width=\"1364\" height=\"714\" srcset=\"https:\/\/www.infokuryr.cz\/n\/wp-content\/uploads\/2023\/08\/ces1-300x157.jpg 300w, https:\/\/www.infokuryr.cz\/n\/wp-content\/uploads\/2023\/08\/ces1-1024x536.jpg 1024w, https:\/\/www.infokuryr.cz\/n\/wp-content\/uploads\/2023\/08\/ces1-768x402.jpg 768w, https:\/\/www.infokuryr.cz\/n\/wp-content\/uploads\/2023\/08\/ces1.jpg 1200w\" sizes=\"(max-width: 1364px) 100vw, 1364px\" \/><\/p>\n<p>&nbsp;<\/p>\n<p><a href=\"https:\/\/stranapro.cz\/\"><img decoding=\"async\" loading=\"lazy\" class=\"wp-image-30218 aligncenter\" src=\"http:\/\/www.infokuryr.cz\/n\/wp-content\/uploads\/2023\/06\/PRO-banner-300x36.png\" alt=\"\" width=\"1367\" height=\"164\" srcset=\"https:\/\/www.infokuryr.cz\/n\/wp-content\/uploads\/2023\/06\/PRO-banner-300x36.png 300w, https:\/\/www.infokuryr.cz\/n\/wp-content\/uploads\/2023\/06\/PRO-banner-768x93.png 768w, https:\/\/www.infokuryr.cz\/n\/wp-content\/uploads\/2023\/06\/PRO-banner.png 849w\" sizes=\"(max-width: 1367px) 100vw, 1367px\" \/><\/a><\/p>\n<p>&nbsp;<\/p>\n<p>&nbsp;<\/p>\n<p>&nbsp;<\/p>\n","protected":false},"excerpt":{"rendered":"<p>Ukrajinsk\u00fd prezident Zelenskij po\u017eaduje od americk\u00fdch a evropsk\u00fdch da\u0148ov\u00fdch poplatn\u00edk\u016f v\u00edce pen\u011bz, pokud Z\u00e1pad pl\u00e1nuje&#8230;<\/p>\n","protected":false},"author":2,"featured_media":26636,"comment_status":"closed","ping_status":"closed","sticky":false,"template":"","format":"standard","meta":[],"categories":[7],"tags":[90,26,27,365,1000],"_links":{"self":[{"href":"https:\/\/www.infokuryr.cz\/n\/wp-json\/wp\/v2\/posts\/35088"}],"collection":[{"href":"https:\/\/www.infokuryr.cz\/n\/wp-json\/wp\/v2\/posts"}],"about":[{"href":"https:\/\/www.infokuryr.cz\/n\/wp-json\/wp\/v2\/types\/post"}],"author":[{"embeddable":true,"href":"https:\/\/www.infokuryr.cz\/n\/wp-json\/wp\/v2\/users\/2"}],"replies":[{"embeddable":true,"href":"https:\/\/www.infokuryr.cz\/n\/wp-json\/wp\/v2\/comments?post=35088"}],"version-history":[{"count":0,"href":"https:\/\/www.infokuryr.cz\/n\/wp-json\/wp\/v2\/posts\/35088\/revisions"}],"wp:featuredmedia":[{"embeddable":true,"href":"https:\/\/www.infokuryr.cz\/n\/wp-json\/wp\/v2\/media\/26636"}],"wp:attachment":[{"href":"https:\/\/www.infokuryr.cz\/n\/wp-json\/wp\/v2\/media?parent=35088"}],"wp:term":[{"taxonomy":"category","embeddable":true,"href":"https:\/\/www.infokuryr.cz\/n\/wp-json\/wp\/v2\/categories?post=35088"},{"taxonomy":"post_tag","embeddable":true,"href":"https:\/\/www.infokuryr.cz\/n\/wp-json\/wp\/v2\/tags?post=35088"}],"curies":[{"name":"wp","href":"https:\/\/api.w.org\/{rel}","templated":true}]}}