{"id":34969,"date":"2023-08-29T01:03:51","date_gmt":"2023-08-28T23:03:51","guid":{"rendered":"http:\/\/www.infokuryr.cz\/n\/?p=34969"},"modified":"2023-08-29T05:52:43","modified_gmt":"2023-08-29T03:52:43","slug":"petr-hannig-stupnovani-nenavisti-je-cestou-do-zahuby","status":"publish","type":"post","link":"https:\/\/www.infokuryr.cz\/n\/2023\/08\/29\/petr-hannig-stupnovani-nenavisti-je-cestou-do-zahuby\/","title":{"rendered":"Petr Hannig: Stup\u0148ov\u00e1n\u00ed nen\u00e1visti je cestou do z\u00e1huby"},"content":{"rendered":"<div id=\"fb-root\"><\/div>\n<p><strong>Jsem velk\u00fdm odp\u016frcem toho, kdy\u017e diskuzn\u00ed p\u0159\u00edsp\u011bvky h\u00fd\u0159\u00ed lacin\u00fdmi nad\u00e1vkami, kdy\u017e se \u0159\u00edk\u00e1, \u017ee o tom \u010di o t\u00e9, se nem\u016f\u017ee doty\u010dn\u00fd diskut\u00e9r vyjad\u0159ovat jinak ne\u017e vulg\u00e1rn\u011b. Takov\u00e9 veden\u00ed diskuz\u00ed, \u010di dokonce \u010dl\u00e1nk\u016f, kter\u00e9 m\u016f\u017eeme \u010d\u00edst nap\u0159\u00edklad v\u00a0provl\u00e1dn\u00edm a propetropavlovsk\u00e9m F\u00f3ru24, mi n\u011bkdy p\u0159ipom\u00ednaj\u00ed sv\u00fdmi zl\u00fdmi karikaturami b\u00fdval\u00e9ho prezidenta Zemana nacistick\u00fd V\u00f6lkischer Beobachter, kter\u00fd takto karikoval \u017eidy.<\/strong><\/p>\n<p>Ale takov\u00fd druh pr\u00e1zdn\u00e9 nen\u00e1visti, bez hlub\u0161\u00edho obsahu, se st\u00e1le hrub\u0161\u00edmi slovy, se vyskytuje i na na\u0161\u00ed stran\u011b barik\u00e1dy.<\/p>\n<p>J\u00e1 tam, kde m\u00e1m mo\u017enost moderovat diskuze, to jest\u00a0<a title=\"v\u00a0m\u00e9 soukrom\u00e9 facebookov\u00e9 skupin\u011b Petr Hannig \u2013 FANKLUB \" href=\"https:\/\/www.facebook.com\/groups\/165881240863689\">v\u00a0m\u00e9 soukrom\u00e9 facebookov\u00e9 skupin\u011b Petr Hannig \u2013 FANKLUB<\/a>, kde je v\u00edce ne\u017e 8100 \u010dlen\u016f, zakazuji nen\u00e1vistn\u00e9 projevy jak z\u00a0jedn\u00e9, tak z\u00a0druh\u00e9 strany. A samoz\u0159ejm\u011b tak\u00e9 vulgarismy.<\/p>\n<p>Vulgarismy a siln\u00e1 slova se toti\u017e objevuj\u00ed tam, kde je absence my\u0161lenek. Vyvol\u00e1vaj\u00ed siln\u00e9 emoce, kter\u00e9 mohou vy\u00fastit i v\u00a0n\u00e1sil\u00ed. P\u0159\u00edkladem takov\u00e9ho n\u00e1sil\u00ed je atak na ukrajinsk\u00e9 \u017eeny v\u00a0Plas\u00edch. A\u0165 u\u017e byl d\u016fvod jak\u00fdkoliv (pr\u00fd \u017eeny byly opil\u00e9 a necht\u011bly opustit p\u0159\u00edv\u011bsn\u00fd voz\u00edk, na kter\u00e9m pr\u00fd sed\u011bly, co\u017e \u0159\u00edk\u00e1 jedna strana sporu, \u010di sed\u011bly na obrub\u011b chodn\u00edku a byly atakov\u00e1ny jenom proto, \u017ee to byly Ukrajinky, co\u017e vypov\u00eddaj\u00ed ony napaden\u00e9 \u017eeny), \u017eenu prost\u011b mu\u017e b\u00edt nesm\u00ed, a\u0165 u\u017e je to Ukrajinka, \u010ce\u0161ka, Ruska\u2026<\/p>\n<p>Napsal jsem ve sv\u00e9m koment\u00e1\u0159i k tomuto \u010dinu, \u017ee tlak vzbuzuje protitlak. Mysl\u00edm si, \u017ee za v\u0161echno, co se d\u011bje v podz\u00e1m\u010d\u00ed, nese zodpov\u011bdnost z\u00e1mek. Ministerstvo vnitra absolutn\u011b nezvl\u00e1d\u00e1 jak registrace uprchl\u00edk\u016f, tak s\u00edto, komu z nich vypl\u00e1cet p\u0159\u00edsp\u011bvky a kdo je nepot\u0159ebuje. Varoval jsem kdysi v jednom ze sv\u00fdch \u010dl\u00e1nk\u016f, \u017ee se vcelku pozitivn\u00ed n\u00e1hled na\u0161ich ob\u010dan\u016f sm\u011brem k Ukrajin\u011b a jej\u00edm ob\u010dan\u016fm m\u016f\u017ee n\u011bkter\u00fdmi kroky vl\u00e1dy (ukrajinsk\u00e9 vlajky, kter\u00e9 na rozd\u00edl od jin\u00fdch zem\u00ed jsou u n\u00e1s na ve\u0159ejn\u00fdch budov\u00e1ch v\u0161ude mo\u017en\u011b, pen\u011b\u017en\u00ed p\u0159\u00edsp\u011bvky t\u011bm, kter\u00fdm to vzhledem k jejich majetku \u2013 drah\u00e1 auta mlad\u00fdch mu\u017e\u016f \u2013 v\u016fbec nep\u0159\u00edslu\u0161\u00ed) zm\u011bnit v prav\u00fd opak.<\/p>\n<p><img decoding=\"async\" loading=\"lazy\" class=\"wp-image-33819 aligncenter\" src=\"http:\/\/www.infokuryr.cz\/n\/wp-content\/uploads\/2023\/08\/ces1-300x157.jpg\" alt=\"\" width=\"1361\" height=\"712\" srcset=\"https:\/\/www.infokuryr.cz\/n\/wp-content\/uploads\/2023\/08\/ces1-300x157.jpg 300w, https:\/\/www.infokuryr.cz\/n\/wp-content\/uploads\/2023\/08\/ces1-1024x536.jpg 1024w, https:\/\/www.infokuryr.cz\/n\/wp-content\/uploads\/2023\/08\/ces1-768x402.jpg 768w, https:\/\/www.infokuryr.cz\/n\/wp-content\/uploads\/2023\/08\/ces1.jpg 1200w\" sizes=\"(max-width: 1361px) 100vw, 1361px\" \/><\/p>\n<p>A to se te\u010f v\u00a0dob\u011b, kdy lid\u00e9 maj\u00ed st\u00e1le hloub\u011bji do kapsy, projevuje zv\u00fd\u0161enou m\u011brou. A ministr vnitra op\u011bt reaguje naprosto opa\u010dn\u011b, ne\u017e by reagovat m\u011bl. Chce v\u00edce kontrolovat internet. A to je pr\u00e1v\u011b ta jedna z\u00a0chyb, kterou vl\u00e1da d\u011bl\u00e1. M\u00e1 u\u017e kone\u010dn\u011b ud\u011blat registraci toho, kdo uprchlickou podporu pot\u0159ebuje a kdo nikoliv.<\/p>\n<p>Ony odjezdy na dovolenou do tzv. \u00bbv\u00e1le\u010dn\u00e9 z\u00f3ny\u00ab, jsou tak\u00e9 kapkou, kter\u00e1 napl\u0148uje poh\u00e1r zloby. Z\u0159ejm\u011b je toti\u017e tam, kam jedou na dovolenou, bezpe\u010dno, a to pak nen\u00ed nutn\u00e9, aby u\u017e\u00edvali podpor pro uprchl\u00edky po n\u00e1vratu. Samoz\u0159ejm\u011b nem\u00e1m v\u016fbec nic pro cesty na dovolenou t\u011bch, kte\u0159\u00ed zde pracuj\u00ed a nevyu\u017e\u00edvaj\u00ed d\u00e1vek pro uprchl\u00edky. Ale ti, co zde ony benefity pob\u00edraj\u00ed, u\u017e by je po n\u00e1vratu pob\u00edrat nem\u011bli a v\u00a0podstat\u011b, pokud si zde nese\u017eenou pr\u00e1ci, tak by jim \u010cR nem\u011bla umo\u017e\u0148ovat ani pobyt. Zab\u00edr\u00e1 to m\u00edsto ve \u0161kol\u00e1ch, zat\u011b\u017euje to i zdravotnictv\u00ed. V\u00a0takov\u00e9m p\u0159\u00edpad\u011b se toti\u017e nejedn\u00e1 o nic jin\u00e9ho ne\u017e o ekonomickou imigraci.<\/p>\n<p>Kdy\u017e \u010cR podporuje v\u00e1le\u010dn\u00e9 \u00fasil\u00ed Ukrajiny, tak by ty mlad\u00e9 mu\u017ee, kte\u0159\u00ed zde nepracuj\u00ed, m\u011bla ve spolupr\u00e1ci s\u00a0ukrajinsk\u00fdmi \u00fa\u0159ady pos\u00edlat zp\u011bt, aby pos\u00edlili v\u00fdpadky na front\u011b. Nav\u00edc jsme si v\u00a0relevantn\u00edch m\u00e9di\u00edch p\u0159e\u010detli, \u017ee se v\u00a0mnoh\u00fdch p\u0159\u00edpadech projevovalo upl\u00e1cen\u00ed v\u00a0odvodov\u00fdch komis\u00edch na Ukrajin\u011b a n\u011bkte\u0159\u00ed z\u00a0p\u0159\u00edslu\u0161n\u00fdch odvodov\u00fdch komisa\u0159\u016f u\u017e jsou za m\u0159\u00ed\u017eemi.<\/p>\n<p>Ukrajinsk\u00e9 mu\u017ee a \u017eeny pot\u0159ebujeme ve stavebnictv\u00ed, slu\u017eb\u00e1ch zdravotnictv\u00ed, zem\u011bd\u011blstv\u00ed. Mysl\u00edm, ty, kte\u0159\u00ed zde pracuj\u00ed. Ti nevyu\u017e\u00edvaj\u00ed \u017e\u00e1dnou podporu. Zloba, jak jsme byli sv\u011bdky v\u00a0Plas\u00edch, se v\u0161ak m\u016f\u017ee obracet ke komukoliv. Lid\u00e9 n\u00e1chyln\u00ed k\u00a0n\u00e1sil\u00ed a nav\u00edc s\u00a0men\u0161\u00edm inteligen\u010dn\u00edm kvocientem nedok\u00e1\u017e\u00ed rozli\u0161it, zda se jedn\u00e1 o p\u0159\u00edjemce d\u00e1vek, \u010di o n\u011bkoho, koho zde pot\u0159ebujeme.<\/p>\n<p>M\u00e1 se t\u00e9\u017e u\u017e\u00edvat z\u00e1sada padni, komu padni. A soudy mus\u00ed soudit spravedliv\u011b. Ale te\u010f za zabit\u00ed propu\u0161t\u011bn\u00ed z\u00a0vazby, za fyzick\u00e9 napaden\u00ed vazba? Nen\u00ed to nepom\u011br? Nen\u00ed to zase p\u0159\u00edsp\u011bvek k\u00a0n\u00e1r\u016fstu zloby?<\/p>\n<p>Dalo by se ps\u00e1t d\u00e1l a d\u00e1l. Ale hlavn\u011b, zanechme nen\u00e1vistn\u00fdch pocit\u016f. Proto\u017ee nen\u00e1vist plod\u00ed nen\u00e1vist a zlo plod\u00ed dal\u0161\u00ed zlo.<\/p>\n<p><strong>Petr Hannig, p\u0159edseda Rozumn\u00fdch<\/strong><\/p>\n<p>&nbsp;<\/p>\n<p><a href=\"https:\/\/stranapro.cz\/\"><img decoding=\"async\" loading=\"lazy\" class=\"wp-image-30218 aligncenter\" src=\"http:\/\/www.infokuryr.cz\/n\/wp-content\/uploads\/2023\/06\/PRO-banner-300x36.png\" alt=\"\" width=\"1367\" height=\"164\" srcset=\"https:\/\/www.infokuryr.cz\/n\/wp-content\/uploads\/2023\/06\/PRO-banner-300x36.png 300w, https:\/\/www.infokuryr.cz\/n\/wp-content\/uploads\/2023\/06\/PRO-banner-768x93.png 768w, https:\/\/www.infokuryr.cz\/n\/wp-content\/uploads\/2023\/06\/PRO-banner.png 849w\" sizes=\"(max-width: 1367px) 100vw, 1367px\" \/><\/a><\/p>\n<p>&nbsp;<\/p>\n<p>&nbsp;<\/p>\n<p>&nbsp;<\/p>\n","protected":false},"excerpt":{"rendered":"<p>Jsem velk\u00fdm odp\u016frcem toho, kdy\u017e diskuzn\u00ed p\u0159\u00edsp\u011bvky h\u00fd\u0159\u00ed lacin\u00fdmi nad\u00e1vkami, kdy\u017e se \u0159\u00edk\u00e1, \u017ee o&#8230;<\/p>\n","protected":false},"author":2,"featured_media":33742,"comment_status":"closed","ping_status":"closed","sticky":false,"template":"","format":"standard","meta":[],"categories":[6],"tags":[178,29,896,122],"_links":{"self":[{"href":"https:\/\/www.infokuryr.cz\/n\/wp-json\/wp\/v2\/posts\/34969"}],"collection":[{"href":"https:\/\/www.infokuryr.cz\/n\/wp-json\/wp\/v2\/posts"}],"about":[{"href":"https:\/\/www.infokuryr.cz\/n\/wp-json\/wp\/v2\/types\/post"}],"author":[{"embeddable":true,"href":"https:\/\/www.infokuryr.cz\/n\/wp-json\/wp\/v2\/users\/2"}],"replies":[{"embeddable":true,"href":"https:\/\/www.infokuryr.cz\/n\/wp-json\/wp\/v2\/comments?post=34969"}],"version-history":[{"count":0,"href":"https:\/\/www.infokuryr.cz\/n\/wp-json\/wp\/v2\/posts\/34969\/revisions"}],"wp:featuredmedia":[{"embeddable":true,"href":"https:\/\/www.infokuryr.cz\/n\/wp-json\/wp\/v2\/media\/33742"}],"wp:attachment":[{"href":"https:\/\/www.infokuryr.cz\/n\/wp-json\/wp\/v2\/media?parent=34969"}],"wp:term":[{"taxonomy":"category","embeddable":true,"href":"https:\/\/www.infokuryr.cz\/n\/wp-json\/wp\/v2\/categories?post=34969"},{"taxonomy":"post_tag","embeddable":true,"href":"https:\/\/www.infokuryr.cz\/n\/wp-json\/wp\/v2\/tags?post=34969"}],"curies":[{"name":"wp","href":"https:\/\/api.w.org\/{rel}","templated":true}]}}