{"id":34960,"date":"2023-08-28T06:32:45","date_gmt":"2023-08-28T04:32:45","guid":{"rendered":"http:\/\/www.infokuryr.cz\/n\/?p=34960"},"modified":"2023-08-28T06:39:08","modified_gmt":"2023-08-28T04:39:08","slug":"michael-svatos-putin-jmenoval-noveho-vrchniho-kuchare","status":"publish","type":"post","link":"https:\/\/www.infokuryr.cz\/n\/2023\/08\/28\/michael-svatos-putin-jmenoval-noveho-vrchniho-kuchare\/","title":{"rendered":"Michael Svato\u0161: Putin jmenoval nov\u00e9ho \u201cVrchn\u00edho Kucha\u0159e!\u201d"},"content":{"rendered":"<div id=\"fb-root\"><\/div>\n<p><span style=\"font-size: 14pt;\"><strong>Putin jmenoval nov\u00e9ho \u201cVrchn\u00edho Kucha\u0159e!\u201d Desetitis\u00edce \u017eoldn\u00e9\u0159\u016f, tis\u00edce vozidel a stovky bojov\u00fdch letadel jen v Africe! S\u00edla v\u011bt\u0161\u00ed ne\u017e arm\u00e1dy \u010cR a SR dohromady! Prigo\u017einovo d\u011bdictv\u00ed je obrovsk\u00e9 \u2013 od zlat\u00fdch dol\u016f po ropn\u00e1 pole!<\/strong><\/span><\/p>\n<p>Michaele Kretschmer, (CDU), \u0161\u00e9f vl\u00e1dy sousedn\u00edho Saska,\u00a0<a href=\"https:\/\/www.wiwo.de\/politik\/deutschland\/ukraine-krieg-es-ist-doch-das-normalste-der-welt-dass-man-die-pipeline-repariert\/29354616.html\">vydal v\u010dera dv\u011b d\u016fle\u017eit\u00e1 vyhl\u00e1\u0161en\u00ed<\/a>: (1)\u00a0<em>Je t\u0159eba okam\u017eit\u011b za\u010d\u00edt opravovat zni\u010den\u00e1 potrub\u00ed Nord Stream, proto\u017ee bez nich nen\u00ed mo\u017en\u00e1 energetick\u00e1 a soci\u00e1ln\u011b udr\u017eiteln\u00e1 stabilita N\u011bmecka v p\u0159\u00ed\u0161t\u00edch 10-ti letech. Potrub\u00ed byla zni\u010dena sabot\u00e1\u017e\u00ed, proto je norm\u00e1ln\u00ed je rychle opravit. (2) N\u011bmecko by nem\u011blo na Ukrajinu dod\u00e1vat ani tanky, ani letadla, a ani rakety. N\u011bmecko by m\u011blo m\u00edsto toho rad\u011bji vzhledem ke sv\u00e9 poloze uprost\u0159ed Evropy usilovat o zastaven\u00ed um\u00edr\u00e1n\u00ed. Mus\u00edme se nau\u010dit \u017e\u00edt s Ruskem, proto\u017ee ho nem\u016f\u017eeme porazit, ani nem\u016f\u017eeme Rusy vykopat za Ural. Na\u0161e \u0161patn\u00e1 politika u\u017e zp\u016fsobila, \u017ee se m\u00edrov\u00e9 rozvory konaj\u00ed v Saudsk\u00e9 Ar\u00e1bii, m\u00edsto toho aby se konaly v N\u011bmecku, a my na jejich v\u00fdsledek m\u011bli v\u011bt\u0161\u00ed vliv.\u00a0<\/em>P\u0159edseda vl\u00e1dy Saska, tak poskytl dal\u0161\u00ed d\u016fkaz, o rychle se m\u011bn\u00edc\u00edm postoji Evropan\u016f k v\u00e1lce na Ukrajin\u011b, a ke vztah\u016fm k Rusku. V\u011bt\u0161ina u\u017e za\u010d\u00edn\u00e1 ch\u00e1pat, \u017ee bez v\u00fdhodn\u00fdch obchod\u016f s Ruskem, nastane rychl\u00fd konec evropsk\u00e9 ekonomiky, a drastick\u00fd p\u00e1d \u017eivotn\u00ed \u00farovn\u011b spodn\u00edch 80% obyvatel.<\/p>\n<p>Putinova ekonomika \u0161lape strojov\u00fdm tempem a letos dokon\u010d\u00ed jen v Don\u011bck\u00e9 republice stavbu 300 km nov\u00fdch cest \u2013\u00a0<a href=\"https:\/\/t.me\/swodki\/296671\">video<\/a>. Na v\u010derej\u0161\u00ed slavnostn\u00ed vojensk\u00e9 p\u0159\u00edsaze v nov\u011b vybudovan\u00e9m v\u00e1le\u010dn\u00e9m u\u010dili\u0161ti v Mariupolu, (<a href=\"https:\/\/t.me\/swodki\/296632\">video<\/a>), jsem napo\u010d\u00edtal 100 nov\u00fdch vojensk\u00fdch student\u016f, kte\u0159\u00ed se upsali Putinovi. Don\u011bck m\u00e1 jen necel\u00e9 2 miliony obyvatel a velk\u00e1 \u010d\u00e1st jeho mu\u017e\u016f je na front\u011b. Srovnateln\u011b by \u010cernochov\u00e9 A\u010cR musela letos nabrat 525 nov\u00fdch vojensk\u00fdch akademik\u016f jen podle po\u010dtu obyvatel. Loni se j\u00ed ale poda\u0159ilo do \u0161kol na d\u016fstojn\u00edky rekrutovat jen 382 du\u0161\u00ed,<a href=\"https:\/\/www.novinky.cz\/clanek\/domaci-armada-chysta-velky-nabor-slibuje-prispevek-az-ctvrt-milionu-40433702\">\u00a0a v\u00e1le\u010dn\u00ed pl\u00e1nova\u010di byli s prac\u00ed \u010cernochov\u00e9 hrub\u011b nespokojeni<\/a>, proto\u017ee nakupovan\u00e9 nov\u00e9 zbran\u011b nebude m\u00edt kdo ani le\u0161tit, ani opra\u0161ovat! A ozna\u010dili v\u00fdsledek n\u00e1boru za huben\u00fd, a\u010d se \u010cernochov\u00e9 vrchn\u00ed podn\u00e1\u010deln\u00edk \u0158ehka chv\u00e1stal ve fialov\u00fdch m\u00e9di\u00edch\u00a0<a href=\"https:\/\/www.irozhlas.cz\/zpravy-domov\/ceska-armada-karel-rehka-nabory-rekrutace-armada-cr-ukrajina-vojsko-ministerstvo_2210251102_pat\"><em>\u017ee z\u00e1jem o slu\u017ebu v arm\u00e1d\u011b d\u00edky Putinov\u011b v\u00e1lce vrostl<\/em><\/a>.\u00a0 Letos tak \u010cernochov\u00e1 za\u010dala u\u017e z\u00e1jemc\u016fm o slu\u017ebu ve vojsku<a href=\"https:\/\/www.novinky.cz\/clanek\/domaci-armada-chysta-velky-nabor-slibuje-prispevek-az-ctvrt-milionu-40433702\">\u00a0nab\u00edzet 250 tis\u00edc korun za \u00fapis<\/a>, jen aby n\u011bjak\u00e9 ty du\u0161e ulovila.<\/p>\n<p><em>Don\u011bck byl, je, a bude rusk\u00fdm<\/em>, je \u010dast\u00e9 r\u010den\u00ed jeho obyvatel i politik\u016f. Za druh\u00e9 sv\u011btov\u00e9 v\u00e1lky padlo, a nebo bylo nacisty post\u0159\u00edleno 89% dosp\u011bl\u00fdch don\u011bck\u00fdch mu\u017e\u016f, v\u011bt\u0161inou horn\u00edk\u016f. SSSR pot\u0159eboval don\u011bck\u00e9 uhl\u00ed. A tak do dol\u016f m\u00edsto padl\u00fdch mu\u017e\u016f, nastoupily jejich matky, \u017eeny, dcery a vnu\u010dky! \u017d\u00e1dn\u00e1 \u017eena nesm\u011bla v dole pracovat p\u0159ed 22. \u010dervnem 1941, takov\u00fd byl zvyk i z\u00e1kon. Podle v\u00fdpo\u010dt\u016f historik\u016f nastoupilo do dol\u016f okam\u017eit\u011b po osvobozen\u00ed v roce 1943 140 tis\u00edc \u017een, a ty tvo\u0159ily 90% v\u0161ech horn\u00edk\u016f. Pracovaly pod zem\u00ed a\u017e do roku 1966, kdy dorostli nov\u00ed mu\u017ei, a z\u00e1konem byla pr\u00e1ce \u017een pod zem\u00ed zak\u00e1z\u00e1na. Tyto \u017eeny hornice dok\u00e1zaly podle ukrajinsk\u00e9 histori\u010dky Larisy Mazitov\u00e9 vy\u010distit 882 zaplaven\u00fdch dol\u016f, 2,5 tis\u00edce km d\u016fln\u00edch d\u011bl, opravit 92 % zni\u010den\u00fdch\u00a0 nadzemn\u00edch pr\u016fmyslov\u00fdch budov a staveb, opravit 98 % t\u0159\u00eddic\u00edch a zvedac\u00edch stroj\u016f, 95 % kotelen a uheln\u00fdch bunkr\u016f, proto\u017ee to v\u0161echno bylo nacistick\u00fdm b\u011bsn\u011bn\u00edm zcela nebo \u010d\u00e1ste\u010dn\u011b zni\u010deno a vy\u0159azeno z provozu! Americk\u00fd list The New York Times po osvobozen\u00ed Donbasu napsal: \u201cDonbass je ztracen\u2026 Jeho obnova bude trvat desetilet\u00ed\u201d! A m\u00fdlil se, \u017eeny hornice dokonce bez sb\u00edje\u010dek a dal\u0161\u00ed mechanizace, kter\u00e1 byla zni\u010dena, a nebo evakuov\u00e1na do sibi\u0159sk\u00fdch dol\u016f, dok\u00e1zaly nemo\u017en\u00e9, a u\u017e v roce 1950 p\u0159ekonaly o 2 miliony tun nejlep\u0161\u00ed celoro\u010dn\u00ed t\u011b\u017eebn\u00ed rekord z roku 1940. Tyto \u017eeny z Ruska, B\u011bloruska i Ukrajiny pracovaly pod zem\u00ed 12 hodin, aby pro sv\u00e9 d\u011bti vyd\u011blaly 1200 gram\u016f chleba denn\u011b, v dob\u011b kdy norm\u00e1ln\u00ed p\u0159\u00edd\u011bl byl 400 gram\u016f! Uzn\u00e1n\u00ed za svou pr\u00e1ci \u2013 pomn\u00edku a pam\u00e1tn\u00edku se do\u010dkaly a\u017e po konci komunismu, p\u0159ed t\u00edm byly sice vyznamenan\u00e9 hrdinky, ale SSSR se styd\u011bl, \u017ee nezbylo, ne\u017e aby statis\u00edce \u017een pracovaly 23 let pod zem\u00ed v jedn\u011bch z geologick\u00fdch p\u0159\u00ed\u010din nejnebezpe\u010dn\u011bj\u0161\u00edch dol\u016f na sv\u011bt\u011b, aby nahradily nacisty povra\u017ed\u011bn\u00e9 mu\u017ee, u\u017eivily sv\u00e9 d\u011bti, a pomohly z SSSR vybudovat velmoc, kterou si u\u017e nikdo nedovol\u00ed vojensky napadnout. (<em><a href=\"https:\/\/infodon.org.ua\/pedia\/460\">Cel\u00fd historick\u00fd \u010dl\u00e1nek, i s fotografiemi, kter\u00fd jsem enormn\u011b zredukoval, najdete zde<\/a>, a mus\u00edm se p\u0159iznat, \u017ee po jeho p\u0159e\u010dten\u00ed jsem u\u017easl, on\u011bm\u011bl, a v duchu se hluboce uklonil tomuto nezm\u011brn\u00e9mu \u017eensk\u00e9mu sebeob\u011btov\u00e1n\u00ed pro lep\u0161\u00ed \u017eivot jejich potomk\u016f<\/em>!)<\/p>\n<p><a href=\"https:\/\/stranapro.cz\/\"><img decoding=\"async\" loading=\"lazy\" class=\"wp-image-30218 aligncenter\" src=\"http:\/\/www.infokuryr.cz\/n\/wp-content\/uploads\/2023\/06\/PRO-banner-300x36.png\" alt=\"\" width=\"1375\" height=\"165\" srcset=\"https:\/\/www.infokuryr.cz\/n\/wp-content\/uploads\/2023\/06\/PRO-banner-300x36.png 300w, https:\/\/www.infokuryr.cz\/n\/wp-content\/uploads\/2023\/06\/PRO-banner-768x93.png 768w, https:\/\/www.infokuryr.cz\/n\/wp-content\/uploads\/2023\/06\/PRO-banner.png 849w\" sizes=\"(max-width: 1375px) 100vw, 1375px\" \/><\/a><\/p>\n<p>\u010cesk\u00e1 m\u00e9dia i soudn\u00ed org\u00e1ny pova\u017euj\u00ed boj don\u011bck\u00fdch a luhansk\u00fdch rebel\u016f za terorismus, a\u010dkoli z materi\u00e1lu o \u017een\u00e1ch-hornic\u00edch pom\u011brn\u011b jasn\u011b vypl\u00fdv\u00e1, \u017ee potomci t\u011bchto hrdinek a hrdin\u016f, kte\u0159\u00ed padli na front\u011b, a nebo byli nacisty p\u0159\u00edmo povra\u017ed\u011bni, nemohou oslavovat ukrajinsk\u00e9 st\u00e1tn\u00ed hrdiny, z\u00e1padoukrajinsk\u00e9 banderovce, hrdlo\u0159ezy z UPA, kte\u0159\u00ed masov\u011b ub\u00edjeli ve slu\u017eb\u00e1ch nacist\u016f ne-ukrajinsk\u00e9 mu\u017ee sekerami, \u017eeny upalovali, vy\u0159ez\u00e1vali z nich nenarozen\u00e9 d\u011bti za \u017eiva, a narozen\u00e9 v\u011b\u0161eli ostnat\u00fdm dr\u00e1tem na v\u011btve strom\u016f pod\u00e9l cest, aby oslavili sv\u00e9 etnick\u00e9 \u010distky a genocidu, \u010di dokonce kmenov\u00e9 p\u0159\u00edslu\u0161n\u00edky ukrajinsk\u00fdch vyhlazovac\u00edch brig\u00e1d SS, a p\u0159\u00edslu\u0161n\u00edky jedin\u00e9, doslova historicky v\u00fdjime\u010dn\u00e9, nacistick\u00e9 14. SS divize Galizien, kter\u00e9 byla slo\u017eena, krom nejvy\u0161\u0161\u00edch velitel\u016f, v\u00fdlu\u010dn\u011b z jin\u00e9ho n\u00e1roda ne\u017e N\u011bmc\u016f \u2013 z\u00e1padn\u00edch Ukrajinc\u016f! Sou\u010dasn\u00e1 kyjevsk\u00e1 vl\u00e1da ve\u0159ejn\u011b oslavuje zlo\u010dince, kte\u0159\u00ed p\u00e1chali genocidu, a stav\u00ed jim pam\u00e1tn\u00edky a pojmenov\u00e1v\u00e1 po nich ulice! Tito v\u00fdchodn\u00ed Ukrajinci, potomci hrdin\u016f boje proti nacismu, p\u0159eci nemohou nikdy dobrovoln\u011b p\u0159ijmout re\u017eim, zalo\u017een\u00fd na adoraci nacist\u016f, a jejich besti\u00e1ln\u00edch poh\u016fnk\u016f, jak si p\u0159edstavuje Kyjev! Jedna spole\u010dn\u00e1 m\u0161e Zelensky + Duda ve m\u011bst\u011b Luck na usm\u00ed\u0159en\u00ed za masakry je medi\u00e1ln\u00ed komedi\u00ed, pokud se j\u00ed ne\u00fa\u010dastn\u00ed ru\u0161t\u00ed z\u00e1stupci, a hlavn\u011b pokud po n\u00ed nen\u00e1sleduje okam\u017eit\u00e1 demont\u00e1\u017e v\u0161ech pomn\u00edk\u016f, a\u00a0<a href=\"https:\/\/www.michalapetr.com\/map-1731-pamatnik-reinharda-heydricha-v-lidicich-desivy-dusledek-soucasne-politiky-vlady-cr\/\">p\u0159ejmenov\u00e1n\u00ed v\u0161ech ulic a \u0161kol, zasv\u011bcen\u00fdm takov\u00fdm nacistick\u00fdm zr\u016fd\u00e1m jako jsou velitel UPA Klym Savur<\/a>\u00a0a dal\u0161\u00ed.\u00a0<a href=\"https:\/\/bykvu.com\/ua\/bukvy\/v-kiievi-vlashtuvali-marsh-na-chest-richnici-stvorennja-ss-galichina-foto-video\/\">Vrcholem v\u0161eho jsou pak ka\u017edoro\u010dn\u00ed pochody na oslavu vzniku 14. divize SS<\/a>, proti kter\u00fdm protestuje jen n\u011bmeck\u00e1 velvyslankyn\u011b v Kyjev\u011b, \u00a0a st\u00e1tn\u00ed\u00a0<a href=\"https:\/\/uk.wikipedia.org\/wiki\/%D0%9F%D0%B0%D0%BC%27%D1%8F%D1%82%D0%BD%D0%B8%D0%BA-%D0%BE%D0%B1%D0%B5%D0%BB%D1%96%D1%81%D0%BA_%D1%83%D0%BA%D1%80%D0%B0%D1%97%D0%BD%D1%81%D1%8C%D0%BA%D0%B8%D0%BC_%D0%B2%D0%BE%D1%8F%D0%BA%D0%B0%D0%BC_%D0%B4%D0%B8%D0%B2%D1%96%D0%B7%D1%96%D1%97_%C2%AB%D0%93%D0%B0%D0%BB%D0%B8%D1%87%D0%B8%D0%BD%D0%B0%C2%BB_(%D0%AF%D1%81%D0%B5%D0%BD%D1%96%D0%B2)\">pam\u00e1tn\u00edk<\/a>\u00a0na oslavu boj\u016f 14. nacistick\u00e9 divize!<\/p>\n<p><a href=\"https:\/\/www.politico.eu\/article\/latvia-krisjanis-karins-eu-latin-americapm-let-eu-countries-with-no-colonial-past-lead-diplomacy-with-brics\/\">Asi nejl\u00e9pe podstatu t\u011bchto n\u00e1rodnostn\u00edch nesn\u00e1\u0161enlivost\u00ed vysv\u011btlil<\/a>\u00a025. srpna loty\u0161sk\u00fd prezident Kri\u0161j\u0101nis Kari\u0146\u0161. Ten varoval evropsk\u00e9 a americk\u00e9 politiky, aby do Afriky a Ji\u017en\u00ed Ameriky nepos\u00edlali jako vyjednava\u010de p\u0159\u00edslu\u0161n\u00edky koloni\u00e1ln\u00edch n\u00e1rod\u016f, proto\u017ee to vyvol\u00e1v\u00e1 stejn\u00fd efekt, jako kdy\u017e Loty\u0161\u016fm p\u0159ijede radit Rus. Historick\u00e9 n\u00e1rodnostn\u00ed animosity se podle loty\u0161sk\u00e9ho prezidenta p\u0159ekon\u00e1vaj\u00ed t\u011b\u017ece, a n\u00e1rody, kter\u00fdm bylo kolonialisty ubl\u00ed\u017eeno, na n\u011b koukaj\u00ed cel\u00e1 stalet\u00ed stejn\u011b jako obyvatel\u00e9 Pobalt\u00ed na Rusy. Karin\u0161 u\u017e d\u0159\u00edve argumentoval, \u017ee nap\u011bt\u00ed mezi Rusy a Loty\u0161i, kte\u0159\u00ed jsou spole\u010dn\u00fdmi obyvateli Loty\u0161ska se sni\u017euje pomalu,\u00a0<a href=\"https:\/\/ru.wikipedia.org\/wiki\/%D0%9A%D0%B0%D1%80%D0%B8%D0%BD%D1%8C%D1%88,_%D0%9A%D1%80%D0%B8%D1%88%D1%8C%D1%8F%D0%BD%D0%B8%D1%81#cite_note-:2-3\">ale je st\u00e1le mnohem men\u0161\u00ed ne\u017e nap\u011bt\u00ed mezi Afroameri\u010dany a Anglosasy v USA<\/a>. Karin\u0161 \u017eil v USA, a tak asi v\u00ed, o \u010dem mluv\u00ed. Karin\u0161 tak\u00e9 p\u0159iznal,\u00a0<a href=\"https:\/\/web.archive.org\/web\/20200607022247\/http:\/\/laikraksts.com\/raksti\/raksts.php?KursRaksts=1854\">\u017ee jeho d\u011bti se stejn\u011b jako \u0159ada jejich vrstevn\u00edk\u016f Loty\u0161\u016f dobrovoln\u011b u\u010d\u00ed rusky<\/a>!<\/p>\n<p>O p\u0159irozen\u00e9 tuposti bruselsk\u00fdch z\u00e1padn\u00edch diplomat\u016f nejl\u00e9pe hovo\u0159\u00ed ned\u00e1vn\u00fd skand\u00e1l \u0161\u00e9fa diplomacie EU. Joseph Borrell Fonttales, \u0160pan\u011bl, tedy koloniz\u00e1tor,\u00a0<a href=\"https:\/\/www.politico.eu\/article\/josep-borrell-gaffes-diplomat-european-union-5-lessons\/\">p\u0159irovnal na akademick\u00e9 p\u0159edn\u00e1\u0161ce Afri\u010dany a Jihoameri\u010dany k zaostal\u00fdm \u201cprales\u00e1k\u016fm\u201d<\/a>, kte\u0159\u00ed ohro\u017euj\u00ed Evropu, kdy\u017e \u0159ekl:\u00a0<em>Ano, Evropa je zahrada, my jsme tu zahradu vybudovali. V\u0161echno tu funguje.\u00a0<\/em><em>V\u011bt\u0161ina zbytku sv\u011bta je ov\u0161em d\u017eungle, a obyvatel\u00e9 t\u00e9 d\u017eungle by mohly na\u0161i zahradu napadnout<\/em>! Borrell je ve sv\u011bt\u011b pova\u017eov\u00e1n za tuplovan\u00e9ho idiota, a\u00a0<a href=\"https:\/\/www.politico.eu\/article\/borrell-stands-by-as-lavrov-calls-eu-unreliable-partner\/\">inteligentn\u00ed Lavrov si ho \u010dasto na jedn\u00e1n\u00edch vychutn\u00e1v\u00e1<\/a>! P\u0159ed p\u00e1r dny p\u0159ilet\u011bl do JAR na summit BRICS, a na uv\u00edtac\u00edm ceremoni\u00e1lu, p\u0159i kter\u00e9m ho skupina Afri\u010dan\u016f v\u00edtala domorod\u00fdm tancem v kost\u00fdmech se k nim p\u0159idal, a tan\u010dil s nimi!\u00a0<a class=\"mfp-iframe lightbox-added\" href=\"https:\/\/www.youtube.com\/watch?v=ON3_me1j300\">Videa z ceremoni\u00e1lu<\/a>, na kter\u00e9m postavou velk\u00fd Lavrov, nemotorn\u011b ale s \u00fasm\u011bvem tan\u010d\u00ed s Afri\u010dany se stala hitem soci\u00e1ln\u00edch s\u00edt\u00ed, a doslova zast\u00ednila cel\u00e9 jedn\u00e1n\u00ed BRICS. Lavrov tak op\u011bt dok\u00e1zal, \u017ee je velmistrem sv\u00e9ho \u0159emesla, na rozd\u00edl od v\u011bt\u0161iny evropsk\u00fdch diplomatick\u00fdch tajtrdl\u00edk\u016f.<\/p>\n<p>22. srpna tan\u010dil Lavrov s Afri\u010dany. 21. srpna Prigo\u017ein sl\u00edbil z Africk\u00e9 pou\u0161t\u011b obyvatel\u016fm kontinentu svobodu a blahobyt. 22. srpna prasklo, \u017ee Putin\u016fv chr\u00e1n\u011bnec gener\u00e1l Bek-Jevkurov v Libyi jednal o tamn\u00edm ukon\u010den\u00ed \u010dinnosti \u010cVK Wagner. 23. srpna spadlo Prigo\u017einovo letadlo. A v\u010dera 27. srpna rusk\u00e9 \u00fa\u0159ady ofici\u00e1ln\u011b na z\u00e1klad\u011b test\u016f ozn\u00e1mily, \u017ee je Prigo\u017ein mrtev!<\/p>\n<p>Rusov\u00e9 si tak n\u00e1ramn\u011b posp\u00ed\u0161ili, aby smrt Prigo\u017eina ozn\u00e1mili d\u0159\u00edve, ne\u017e se gener\u00e1l Bek-Jevkurov vr\u00e1t\u00ed z cest po Africe a St\u0159edn\u00edm V\u00fdchodu do Ruska. Jak jsme podrobn\u011b analyzovali v MAP 1764 gener\u00e1l Bek-Jevkurov je jako n\u00e1m\u011bstek ministra \u0160ojgu zodpov\u011bdn\u00fd za bezpe\u010dnost rusk\u00e9ho leteck\u00e9ho provozu, a za vy\u0161et\u0159ov\u00e1n\u00ed v\u0161ech pro rusk\u00fdch leteck\u00fdch nehod zvl\u00e1\u0161tn\u00edho z\u0159etele. A jak prasklo v\u010dera,\u00a0<a href=\"https:\/\/t.me\/knyaz_cherkasky\/1744\">gener\u00e1l Bek-Jevkurov u\u017e cel\u00fdch 14 dn\u00ed l\u00e9t\u00e1 z Putinova osobn\u00edho pov\u011b\u0159en\u00ed od jednoho re\u017eimu k druh\u00e9mu<\/a>, a p\u0159esv\u011bd\u010duje m\u00edstn\u00ed prorusk\u00e9 vl\u00e1dce, \u017ee je t\u0159eba rychle zlikvidovat a odzbrojit \u010cVK Wagner, a jej\u00ed aktivity i zbran\u011b a \u017eoldn\u00e9\u0159e p\u0159ev\u00e9st na nov\u00e9 subjekty! Abychom to cel\u00e9 pochopili mus\u00edme se vr\u00e1tit do noci 24. \u010dervna a k na\u0161\u00ed fotografii z toho dne. (<a href=\"https:\/\/www.michalapetr.com\/map-1764-kdo-a-proc-zabil-kuchare-prigozina-a-wagnera-utkina-analyza-jak-prigozin-do-pismene-zopakoval-zivotni-osud-albrechta-z-waldstejna\/\">Kdo nezn\u00e1 MAP 1764, nebude ch\u00e1pat nov\u00e9 souvislosti<\/a>.)<\/p>\n<p><img decoding=\"async\" loading=\"lazy\" class=\"size-full wp-image-5715 alignleft\" src=\"https:\/\/www.michalapetr.com\/wp-content\/uploads\/2023\/08\/jS-rx0EvitqxsN-tZSsng.png\" sizes=\"(max-width: 650px) 100vw, 650px\" srcset=\"https:\/\/www.michalapetr.com\/wp-content\/uploads\/2023\/08\/jS-rx0EvitqxsN-tZSsng.png 650w, https:\/\/www.michalapetr.com\/wp-content\/uploads\/2023\/08\/jS-rx0EvitqxsN-tZSsng-300x165.png 300w, https:\/\/www.michalapetr.com\/wp-content\/uploads\/2023\/08\/jS-rx0EvitqxsN-tZSsng-450x247.png 450w\" alt=\"\" width=\"650\" height=\"357\" \/><\/p>\n<p>Na fotce zleva: gener\u00e1l Bek-Jevkurov, Prigo\u017ein a gener\u00e1l\u00a0<span class=\"mw-page-title-main\">Vladimir Alekseyev! A to je velk\u00e9 kv\u00edtko, kter\u00e9 hraje v na\u0161em p\u0159\u00edb\u011bhu mimo\u0159\u00e1dnou roli! Gener\u00e1l Bek-Jevkurov, kter\u00fd nyn\u00ed cestuje po Africe, na\u0159izuje v\u0161em africk\u00fdm, arabsk\u00fdm a asijsk\u00fdm vl\u00e1d\u00e1m, aby okam\u017eit\u011b p\u0159eru\u0161ily z\u00e1sobov\u00e1n\u00ed a logistick\u00e9 \u0159et\u011bzce \u010cVK Wagner, a p\u0159estaly jim vypl\u00e1cet pod\u00edly z t\u011b\u017eby ropy, zlata, diamant\u016f, bauxitu atd, a \u010dlen\u016fm \u010cVK W\u00e1gner, aby okam\u017eit\u011b p\u0159edali sv\u00e9 zbran\u011b nov\u00e9 \u010cVK Redut, a podepsali s n\u00ed smlouvu! Jde p\u0159itom o stovky bojov\u00fdch letadel, tis\u00edce vozidel a desetitis\u00edce \u017eoldn\u00e9\u0159\u016f jen v Africe! A des\u00edtky milion\u016f dolar\u016f m\u011bs\u00ed\u010dn\u011b, za pod\u00edly na dolech a ropn\u00fdch vrtech. A kdo je \u0161\u00e9fem nov\u00e9 \u010cVK Redut \u2013 \u00a0Anatolij Karazij \u2013\u00a0<a href=\"https:\/\/archive.ph\/YTOcJ\">p\u0159\u00edm\u00fd p\u0159\u00edbuzn\u00fd gener\u00e1la Vladimir Alekseyeva<\/a>, Gerasimova z\u00e1stupce!<\/span><\/p>\n<p>Veled\u016fle\u017eit\u00e1 videa z ve\u010dera 23. \u010dervna, den p\u0159ed fotkou z 24. \u010dervna,\u00a0<a href=\"https:\/\/meduza.io\/news\/2023\/06\/24\/poka-ne-pozdno-nuzhno-ostanovit-kolonny-i-podchinitsya-vole-prezidenta-general-surovikin-prizval-boytsov-chvk-vagnera-reshit-voprosy-mirnym-putem\">s vysokou m\u011brou pravd\u011bpodobnosti dokazuj\u00ed<\/a>, \u017ee gener\u00e1l Surovikin i gener\u00e1l Alekseyev, kte\u0159\u00ed vyzvali odd\u011blen\u011b, ale z jedn\u00e9 m\u00edstnosti, k okam\u017eit\u00e9mu ukon\u010den\u00ed pr\u00e1v\u011b za\u010d\u00ednaj\u00edc\u00ed Prigo\u017einovy vzpoury se nach\u00e1zeli v hlavn\u00edm stanu veden\u00ed v\u00e1lky v Rostov\u011b na Donu, kam pr\u00e1v\u011b m\u00ed\u0159il Prigo\u017ein i jeho kolony! Shodn\u00fd n\u00e1bytek, povrch st\u011bn, i faktick\u00e1 \u010dasov\u00e1 nemo\u017enost, aby se tam dopravili, p\u0159ed p\u0159\u00edjezdem Prigo\u017eina z jin\u00e9ho velitelstv\u00ed. Roli Bek-Jevkurova jsme rozebrali v MAP 1764, dnes se soust\u0159ed\u00edme na roli gener\u00e1la Alekseyva.<\/p>\n<p>Gener\u00e1l Alekseyv je rozen\u00fd Ukrajinec! Je to stejn\u011b jako Bek-Jevkurov rozv\u011bd\u010d\u00edk, a ne voj\u00e1k! V lednu 2022 t\u011bsn\u011b p\u0159ed invaz\u00ed k n\u011bmu do kancel\u00e1\u0159e napochodoval sebev\u011bdom\u00fd a horkokrevn\u00fd Prigo\u017ein a varoval ho, jestli jeho p\u0159\u00edbuzn\u00fd Karazij, \u0161\u00e9f \u010cVK Redut, nep\u0159estane verbovat a p\u0159epl\u00e1cet nejlep\u0161\u00ed specialisty \u010cVK Wagner, tak ho nech\u00e1 zast\u0159elit. Alekseyv vyzval Prigo\u017eina, aby s n\u00edm \u0161el do vedlej\u0161\u00ed kancel\u00e1\u0159e, a tam \u010dekaj\u00edc\u00ed Karazij s pistol\u00ed su\u0161e Prigo\u017einovi ozn\u00e1mil, \u017ee to s n\u00edm na m\u00edst\u011b vy\u0159e\u0161\u00ed, kdy\u017e si ned\u00e1 pokoj. Prigo\u017ein zalapal po dechu, a dal si pokoj s \u00fatoky na \u010cVK Redut. Ta nabrala tis\u00edce specialist\u016f pro diverzn\u00ed boj a terorismus a ti v \u00fanoru zam\u00ed\u0159ili pod ochranou 1. tankov\u00e9 arm\u00e1dy sm\u011brem na Kyjev. Ukrajinci \u010dleny \u010cVK Redut obvi\u0148uj\u00ed z v\u00e1le\u010dn\u00fdch zlo\u010din\u016f a z p\u0159\u00edpravy vra\u017edy Zelensk\u00e9ho, kter\u00e1 m\u011bla b\u00fdt vykon\u00e1na po t\u00e9, co se 1. tankov\u00e1 arm\u00e1da probije p\u0159ed p\u0159edm\u011bst\u00ed Brovary do Kyjeva. K tomu nedo\u0161lo, a jak 1.TA, tak tis\u00edce diverzant\u016f Redut p\u0159i\u0161li p\u0159i \u00fastupu od Kyjeva o \u017eivot. V tom okam\u017eiku nastal triumf Prigo\u017eina. Za\u010dal obvi\u0148ovat Gerasimova, autora pl\u00e1nu \u00fatoku na Kyjev, \u0160ojgu, i faktick\u00e9ho \u0161\u00e9fa rozv\u011bdky Alekseyeva z neschopnosti. Putin, mu dal volnou ruku, proto\u017ee Prigo\u017ein je b\u00fdval\u00fd trestanec a zlo\u010dinec, a m\u011bl mezi rusk\u00fdmi krimin\u00e1ln\u00edky a v\u011bzni v\u00fdbornou pov\u011bst. P\u0159edpokl\u00e1d\u00e1 se, \u017ee Prigo\u017ein rychle naverboval a\u017e 70 tis\u00edc v\u011bz\u0148\u016f, a dal\u0161\u00ed desetitis\u00edce se mu hl\u00e1sili z civilu. \u010cVK Wagner narostla do rozm\u011br\u016f 100 tis\u00edc mu\u017e\u016f jenom v Rusku. K tomu m\u011bla siln\u00e9 kontingenty v S\u00fdrii, Libyi a St\u0159edoafrick\u00e9 republice a v dal\u0161\u00edch zem\u00edch po cel\u00e9m sv\u011bt\u011b. Prigo\u017einova hv\u011bzda stoupala, do t\u00e9 doby, ne\u017e Surovikin stabilizoval frontu, a Putin mobilizac\u00ed p\u0159ihr\u00e1l \u0160ojgu 300 tis\u00edc voj\u00e1k\u016f. Od t\u00e9 doby za\u010dal Prigo\u017ein prohr\u00e1vat. M\u011bl zak\u00e1z\u00e1no verbovat, a p\u0159estal dost\u00e1vat munici!<\/p>\n<p><img decoding=\"async\" loading=\"lazy\" class=\"wp-image-33819 aligncenter\" src=\"http:\/\/www.infokuryr.cz\/n\/wp-content\/uploads\/2023\/08\/ces1-300x157.jpg\" alt=\"\" width=\"1374\" height=\"719\" srcset=\"https:\/\/www.infokuryr.cz\/n\/wp-content\/uploads\/2023\/08\/ces1-300x157.jpg 300w, https:\/\/www.infokuryr.cz\/n\/wp-content\/uploads\/2023\/08\/ces1-1024x536.jpg 1024w, https:\/\/www.infokuryr.cz\/n\/wp-content\/uploads\/2023\/08\/ces1-768x402.jpg 768w, https:\/\/www.infokuryr.cz\/n\/wp-content\/uploads\/2023\/08\/ces1.jpg 1200w\" sizes=\"(max-width: 1374px) 100vw, 1374px\" \/><\/p>\n<p>Naopak \u010cVK Redut se op\u011bt rozr\u016fstala. Aby byl Prigo\u017ein dora\u017een, gener\u00e1l Bek-Jevkurov osobn\u011b intervenoval v S\u00fdrii, nejprve, aby zak\u00e1zala Prigo\u017einov\u00fdm letadl\u016fm vyu\u017e\u00edvat sv\u00e1 leti\u0161t\u011b, a potom, kdy\u017e Prigo\u017einovy jednotky v S\u00fdrii za\u010daly z\u00e1sobovat letadla St\u0159edoafrick\u00e9 republiky \u2013 (d\u00e1le SAR), aby zak\u00e1zala letadl\u016fm SAR p\u0159ist\u00e1vat v S\u00fdrii. Bek-Jevkurov narazil v \u0159ad\u011b zem\u00ed, kde byl Prigo\u017ein aktivn\u00ed na tuh\u00fd odpor, a t\u0159eba Libye mar\u0161\u00e1la Haft\u00e1ra po\u017e\u00e1dala t\u011bsn\u011b p\u0159ed Prigo\u017einovou smrt\u00ed o n\u011bkolika m\u011bs\u00ed\u010dn\u00ed odklad nov\u00fdch rusk\u00fdch opat\u0159en\u00ed! SAR se dokonce otev\u0159en\u011b postavila na Prigo\u017einovu stranu v\u010detn\u011b toho, \u017ee Prigo\u017eina ve\u0159ejn\u011b podporovala tamn\u00ed expozitura\u00a0<a href=\"https:\/\/cs.wikipedia.org\/wiki\/Slu%C5%BEba_vn%C4%9Bj%C5%A1%C3%AD_rozv%C4%9Bdky\">rusk\u00e9 rozv\u011bdky SVR<\/a>. GRU i SVR jsou pod\u0159\u00edzeny p\u0159\u00edmo Putinovi. Zd\u00e1 se tak, \u017ee v nejvy\u0161\u0161\u00edm rusk\u00e9m veden\u00ed vypukl neb\u00fdval\u00fd konflikt o Prigo\u017einovo d\u011bdictv\u00ed mezi SVR a GRU. Putin um\u011bl v\u017edy dob\u0159e rozd\u011blovat moc i zisky, aby ho nikdo nep\u0159erostl. Nyn\u00ed si bude muset d\u00e1vat pozor, aby mu nevyrostla konkurence. Nen\u00ed asi n\u00e1hodou, \u017ee Alekseyv je Ukrajince a Bek-Jevkurov je Ingu\u0161. Stejn\u011b postupoval Stalin, kter\u00fd dbal, aby na nejvy\u0161\u0161\u00edch postech moci nebyl nikdy popul\u00e1rn\u00ed a geni\u00e1ln\u00ed Rus. A kdy\u017e se objevil, rychle zmizel. V S\u00fdrii dokonce Bek-Jevkurov narazil p\u0159i ru\u0161en\u00ed \u010cVK Wagner na odpor Ir\u00e1nu a jeho mocn\u00fdch milic\u00ed. Ty se ob\u00e1vaj\u00ed, \u017ee USA, kter\u00e9 do severn\u00edho Ir\u00e1ku a v\u00fdchodn\u00ed S\u00fdrie nyn\u00ed p\u0159esouvaj\u00ed dodate\u010dn\u00e9 s\u00edly, pod rou\u0161kou \u00fadajn\u00e9 rotace jednotek, se ve skute\u010dnosti p\u0159ipravuj\u00ed vyu\u017e\u00edt situace, \u017ee \u010cVK Wagner ztrat\u00ed schopnost chr\u00e1nit ropnou oblast, kterou dobyla, a ze kter\u00e9 inkasuje 10% t\u011b\u017eby, a finan\u010dn\u00ed vyrovn\u00e1n\u00ed za st\u0159e\u017een\u00ed ropn\u00e9 oblasti p\u0159ed Kurdy, jednotkami ISIL i arm\u00e1dou USA, a kl\u00ed\u010dovou oblast obsad\u00ed, a v\u011bnuj\u00ed Kurd\u016fm. Ir\u00e1n pr\u00fd po\u017eaduje po Putinovi, aby s ru\u0161en\u00edm \u010cVK Wagner po\u010dkal, dokud ir\u00e1nsk\u00e9 milice nebudou schopny oblast zajistit. Nep\u0159edpokl\u00e1d\u00e1 se, \u017ee by Pentagon na\u0159\u00eddil \u00fatok na Ir\u00e1nce, proto\u017ee se v\u0161eobecn\u011b v\u00ed, \u017ee\u00a0 rychl\u00fd \u00fat\u011bk z Afganist\u00e1nu byl vyvol\u00e1n obavami, \u017ee Putin vyu\u017eije rozm\u00edst\u011bn\u00ed americk\u00fdch jednotek na \u017ehav\u00e9 afg\u00e1nsk\u00e9 p\u016fd\u011b k podpo\u0159e Talib\u016f, stejn\u011b jako USA nyn\u00ed podporuj\u00ed Ukrajinu. Washington se dnes sna\u017e\u00ed udr\u017eet sv\u00e9 jednotky mimo v\u00e1le\u010dnou v\u0159avu, a m\u00edt v\u00fdhodu, \u017ee m\u016f\u017ee podporovat v\u00e1lku Ukrajinc\u016f proti Rus\u016fm, ale Putin nem\u00e1 \u017e\u00e1dn\u00e9 boji\u0161t\u011b, na kter\u00e9m by mohl podporovat v\u00e1lku proti USA. Z\u00e1rove\u0148 to dokazuje, \u017ee CIA v\u011bd\u011bla, \u017ee Putin chystal invazi na Ukrajinu u\u017e na podzim 2021, ale nev\u011bd\u011bla v\u010das, \u017ee ji kv\u016fli \u010d\u00ednsk\u00fdm olympijsk\u00fdm hr\u00e1m p\u0159esunul na pozd\u011bj\u0161\u00ed term\u00edn. Proto ten sp\u011bch p\u0159i \u00faprku z Afganist\u00e1nu!<\/p>\n<p><a href=\"https:\/\/www.michalapetr.com\/map-1768-putin-jmenoval-noveho-vrchniho-kuchare-desetitisice-zoldneru-tisice-vozidel-a-stovky-bojovych-letadel-jen-v-africe-sila-vetsi-nez-armady-cr-a-sr-dohromady-prigozinovo-dedictvi-je-obro\/\">Michael Svato\u0161<\/a><\/p>\n<p><img decoding=\"async\" loading=\"lazy\" class=\"alignnone size-full wp-image-27204\" src=\"http:\/\/www.infokuryr.cz\/n\/wp-content\/uploads\/2023\/05\/Michael_Svatos.png\" alt=\"\" width=\"180\" height=\"180\" srcset=\"https:\/\/www.infokuryr.cz\/n\/wp-content\/uploads\/2023\/05\/Michael_Svatos.png 180w, https:\/\/www.infokuryr.cz\/n\/wp-content\/uploads\/2023\/05\/Michael_Svatos-150x150.png 150w\" sizes=\"(max-width: 180px) 100vw, 180px\" \/><\/p>\n<p>&nbsp;<\/p>\n<p><a href=\"https:\/\/stranapro.cz\/\"><img decoding=\"async\" loading=\"lazy\" class=\"wp-image-30218 aligncenter\" src=\"http:\/\/www.infokuryr.cz\/n\/wp-content\/uploads\/2023\/06\/PRO-banner-300x36.png\" alt=\"\" width=\"1375\" height=\"165\" srcset=\"https:\/\/www.infokuryr.cz\/n\/wp-content\/uploads\/2023\/06\/PRO-banner-300x36.png 300w, https:\/\/www.infokuryr.cz\/n\/wp-content\/uploads\/2023\/06\/PRO-banner-768x93.png 768w, https:\/\/www.infokuryr.cz\/n\/wp-content\/uploads\/2023\/06\/PRO-banner.png 849w\" sizes=\"(max-width: 1375px) 100vw, 1375px\" \/><\/a><\/p>\n<p>&nbsp;<\/p>\n<p>&nbsp;<\/p>\n<p>&nbsp;<\/p>\n","protected":false},"excerpt":{"rendered":"<p>Putin jmenoval nov\u00e9ho \u201cVrchn\u00edho Kucha\u0159e!\u201d Desetitis\u00edce \u017eoldn\u00e9\u0159\u016f, tis\u00edce vozidel a stovky bojov\u00fdch letadel jen v&#8230;<\/p>\n","protected":false},"author":2,"featured_media":18128,"comment_status":"closed","ping_status":"closed","sticky":false,"template":"","format":"standard","meta":[],"categories":[6],"tags":[1042,4594,102,5312],"_links":{"self":[{"href":"https:\/\/www.infokuryr.cz\/n\/wp-json\/wp\/v2\/posts\/34960"}],"collection":[{"href":"https:\/\/www.infokuryr.cz\/n\/wp-json\/wp\/v2\/posts"}],"about":[{"href":"https:\/\/www.infokuryr.cz\/n\/wp-json\/wp\/v2\/types\/post"}],"author":[{"embeddable":true,"href":"https:\/\/www.infokuryr.cz\/n\/wp-json\/wp\/v2\/users\/2"}],"replies":[{"embeddable":true,"href":"https:\/\/www.infokuryr.cz\/n\/wp-json\/wp\/v2\/comments?post=34960"}],"version-history":[{"count":0,"href":"https:\/\/www.infokuryr.cz\/n\/wp-json\/wp\/v2\/posts\/34960\/revisions"}],"wp:featuredmedia":[{"embeddable":true,"href":"https:\/\/www.infokuryr.cz\/n\/wp-json\/wp\/v2\/media\/18128"}],"wp:attachment":[{"href":"https:\/\/www.infokuryr.cz\/n\/wp-json\/wp\/v2\/media?parent=34960"}],"wp:term":[{"taxonomy":"category","embeddable":true,"href":"https:\/\/www.infokuryr.cz\/n\/wp-json\/wp\/v2\/categories?post=34960"},{"taxonomy":"post_tag","embeddable":true,"href":"https:\/\/www.infokuryr.cz\/n\/wp-json\/wp\/v2\/tags?post=34960"}],"curies":[{"name":"wp","href":"https:\/\/api.w.org\/{rel}","templated":true}]}}