{"id":34957,"date":"2023-08-28T06:21:23","date_gmt":"2023-08-28T04:21:23","guid":{"rendered":"http:\/\/www.infokuryr.cz\/n\/?p=34957"},"modified":"2023-08-28T06:21:23","modified_gmt":"2023-08-28T04:21:23","slug":"predseda-saske-vlady-vyzval-k-oprave-nord-streams","status":"publish","type":"post","link":"https:\/\/www.infokuryr.cz\/n\/2023\/08\/28\/predseda-saske-vlady-vyzval-k-oprave-nord-streams\/","title":{"rendered":"P\u0159edseda sask\u00e9 vl\u00e1dy vyzval k oprav\u011b \u201eNord Streams\u201c"},"content":{"rendered":"<div id=\"fb-root\"><\/div>\n<div class=\"news-text-body\">\n<p class=\"lead\"><strong>Potrub\u00ed Nord Stream a Nord Stream 2 (SP) po\u0161kozen\u00e9 v\u00fdbuchy je pot\u0159eba co nejd\u0159\u00edve opravit.\u00a0V ned\u011bli 27. srpna to \u0159ekl p\u0159edseda vl\u00e1dy n\u011bmeck\u00e9 spolkov\u00e9 zem\u011b Sasko Michael Kretschmer.<\/strong><\/p>\n<p><span>Podle n\u011bj to pom\u016f\u017ee zajistit z\u00e1sobov\u00e1n\u00ed st\u00e1tu energi\u00ed na p\u011bt a\u017e deset let.\u00a0Kretschmer upozornil, \u017ee v\u011btve plynovodu by se mohly st\u00e1t kv\u016fli korozi zcela nepou\u017eiteln\u00fdmi, pokud by nebyly brzy opraveny.<\/span><\/p>\n<p><em>&#8222;Nejnorm\u00e1ln\u011bj\u0161\u00ed v\u011bc na sv\u011bt\u011b je opravit potrub\u00ed, to znamen\u00e1 vys\u00e1t vodu a znovu ho ut\u011bsnit, \u010d\u00edm\u017e je pro za\u010d\u00e1tek bezpe\u010dn\u00e9.&#8220;<span class=\"after-quote\">\u00a0up\u0159esnil v rozhovoru pro Wirtschaftswoche.<\/span><\/em><span>Kretschmer poznamenal, \u017ee zachov\u00e1n\u00ed co nejv\u011bt\u0161\u00edho po\u010dtu mo\u017enost\u00ed dod\u00e1vek energie pro N\u011bmecko by bylo zn\u00e1mkou zdrav\u00e9 politiky.<\/span><\/p>\n<p><span>Ob\u011b v\u011btve nejv\u011bt\u0161\u00edch evropsk\u00fdch plynovod\u016f, Nord Stream a Nord Stream 2, byly vyhozeny do pov\u011bt\u0159\u00ed na konci z\u00e1\u0159\u00ed 2022. Rusk\u00fd prezident Vladimir Putin ozna\u010dil incident za akt mezin\u00e1rodn\u00edho terorismu.<\/span><\/p>\n<p><span id=\"after_incut_1\"><\/span><span>11. srpna americk\u00fd novin\u00e1\u0159\u00a0<\/span><strong><span>Seymour Hersh<\/span><\/strong><span>\u00a0, zn\u00e1m\u00fd sv\u00fdm vy\u0161et\u0159ov\u00e1n\u00edm sabot\u00e1\u017ee plynovod\u016f, nazna\u010dil, \u017ee n\u011bmeck\u00e9 \u00fa\u0159ady, zastoupen\u00e9 kancl\u00e9\u0159em\u00a0<\/span><strong><span>Olafem Scholzem<\/span><\/strong><span>\u00a0, v\u011bd\u011bly o z\u00e1m\u011bru americk\u00e9ho v\u016fdce\u00a0<\/span><strong><span>Joe Bidena<\/span><\/strong><span> zni\u010dit n\u011bmeckou ekonomiku zni\u010den\u00edm spole\u010dn\u00e9ho rusko-n\u011bmeck\u00e9ho podniku.<\/span><\/p>\n<p><span>Krom\u011b toho 25. srpna noviny Spiege a televizn\u00ed kan\u00e1l ZDF s odvol\u00e1n\u00edm na zdroje uvedly, \u017ee stopa zlo\u010dinu vede na Ukrajinu a neexistuj\u00ed \u017e\u00e1dn\u00e9 d\u016fkazy o vin\u011b Ruska na tom, co se stalo.\u00a0N\u011bmecko podle \u00fa\u010dastn\u00edk\u016f jedn\u00e1n\u00ed nep\u0159ijalo opat\u0159en\u00ed na ochranu plynovod\u016f, p\u0159esto\u017ee vojensk\u00e9 zpravodajstv\u00ed Nizozemska dostalo informaci o chystan\u00e9m \u00fatoku skupiny \u0161esti lid\u00ed.<\/span><\/p>\n<\/div>\n<div class=\"socials-wrapper socials-floating\">\n<div class=\"social-likes socials-visible socials-ready\" data-url=\"https:\/\/eadaily.com\/ru\/news\/2023\/08\/28\/premer-saksonii-prizval-otremontirovat-severnye-potoki\" data-title=\"\u041f\u0440\u0435\u043c\u044c\u0435\u0440 \u0421\u0430\u043a\u0441\u043e\u043d\u0438\u0438 \u043f\u0440\u0438\u0437\u0432\u0430\u043b \u043e\u0442\u0440\u0435\u043c\u043e\u043d\u0442\u0438\u0440\u043e\u0432\u0430\u0442\u044c \u00ab\u0421\u0435\u0432\u0435\u0440\u043d\u044b\u0435 \u043f\u043e\u0442\u043e\u043a\u0438\u00bb\"><\/div>\n<\/div>\n<p><img decoding=\"async\" loading=\"lazy\" class=\"alignnone size-full wp-image-1185\" src=\"http:\/\/www.infokuryr.cz\/n\/wp-content\/uploads\/2021\/04\/kuryr-podpis.png\" alt=\"\" width=\"84\" height=\"24\" \/><\/p>\n<p>&nbsp;<\/p>\n<p><img decoding=\"async\" loading=\"lazy\" class=\"wp-image-33819 aligncenter\" src=\"http:\/\/www.infokuryr.cz\/n\/wp-content\/uploads\/2023\/08\/ces1-300x157.jpg\" alt=\"\" width=\"1372\" height=\"718\" srcset=\"https:\/\/www.infokuryr.cz\/n\/wp-content\/uploads\/2023\/08\/ces1-300x157.jpg 300w, https:\/\/www.infokuryr.cz\/n\/wp-content\/uploads\/2023\/08\/ces1-1024x536.jpg 1024w, https:\/\/www.infokuryr.cz\/n\/wp-content\/uploads\/2023\/08\/ces1-768x402.jpg 768w, https:\/\/www.infokuryr.cz\/n\/wp-content\/uploads\/2023\/08\/ces1.jpg 1200w\" sizes=\"(max-width: 1372px) 100vw, 1372px\" \/><\/p>\n<p>&nbsp;<\/p>\n<p><a href=\"https:\/\/stranapro.cz\/\"><img decoding=\"async\" loading=\"lazy\" class=\"wp-image-30218 aligncenter\" src=\"http:\/\/www.infokuryr.cz\/n\/wp-content\/uploads\/2023\/06\/PRO-banner-300x36.png\" alt=\"\" width=\"1367\" height=\"164\" srcset=\"https:\/\/www.infokuryr.cz\/n\/wp-content\/uploads\/2023\/06\/PRO-banner-300x36.png 300w, https:\/\/www.infokuryr.cz\/n\/wp-content\/uploads\/2023\/06\/PRO-banner-768x93.png 768w, https:\/\/www.infokuryr.cz\/n\/wp-content\/uploads\/2023\/06\/PRO-banner.png 849w\" sizes=\"(max-width: 1367px) 100vw, 1367px\" \/><\/a><\/p>\n<p>&nbsp;<\/p>\n<p>&nbsp;<\/p>\n<p>&nbsp;<\/p>\n","protected":false},"excerpt":{"rendered":"<p>Potrub\u00ed Nord Stream a Nord Stream 2 (SP) po\u0161kozen\u00e9 v\u00fdbuchy je pot\u0159eba co nejd\u0159\u00edve opravit.\u00a0V&#8230;<\/p>\n","protected":false},"author":2,"featured_media":23072,"comment_status":"closed","ping_status":"closed","sticky":false,"template":"","format":"standard","meta":[],"categories":[7],"tags":[84,415,3494,538],"_links":{"self":[{"href":"https:\/\/www.infokuryr.cz\/n\/wp-json\/wp\/v2\/posts\/34957"}],"collection":[{"href":"https:\/\/www.infokuryr.cz\/n\/wp-json\/wp\/v2\/posts"}],"about":[{"href":"https:\/\/www.infokuryr.cz\/n\/wp-json\/wp\/v2\/types\/post"}],"author":[{"embeddable":true,"href":"https:\/\/www.infokuryr.cz\/n\/wp-json\/wp\/v2\/users\/2"}],"replies":[{"embeddable":true,"href":"https:\/\/www.infokuryr.cz\/n\/wp-json\/wp\/v2\/comments?post=34957"}],"version-history":[{"count":0,"href":"https:\/\/www.infokuryr.cz\/n\/wp-json\/wp\/v2\/posts\/34957\/revisions"}],"wp:featuredmedia":[{"embeddable":true,"href":"https:\/\/www.infokuryr.cz\/n\/wp-json\/wp\/v2\/media\/23072"}],"wp:attachment":[{"href":"https:\/\/www.infokuryr.cz\/n\/wp-json\/wp\/v2\/media?parent=34957"}],"wp:term":[{"taxonomy":"category","embeddable":true,"href":"https:\/\/www.infokuryr.cz\/n\/wp-json\/wp\/v2\/categories?post=34957"},{"taxonomy":"post_tag","embeddable":true,"href":"https:\/\/www.infokuryr.cz\/n\/wp-json\/wp\/v2\/tags?post=34957"}],"curies":[{"name":"wp","href":"https:\/\/api.w.org\/{rel}","templated":true}]}}