{"id":34955,"date":"2023-08-28T06:14:26","date_gmt":"2023-08-28T04:14:26","guid":{"rendered":"http:\/\/www.infokuryr.cz\/n\/?p=34955"},"modified":"2023-08-28T06:14:26","modified_gmt":"2023-08-28T04:14:26","slug":"francouzske-skoly-zakazaly-tradicni-muslimske-zenske-saty","status":"publish","type":"post","link":"https:\/\/www.infokuryr.cz\/n\/2023\/08\/28\/francouzske-skoly-zakazaly-tradicni-muslimske-zenske-saty\/","title":{"rendered":"Francouzsk\u00e9 \u0161koly zak\u00e1zaly tradi\u010dn\u00ed muslimsk\u00e9 \u017eensk\u00e9 \u0161aty"},"content":{"rendered":"<div id=\"fb-root\"><\/div>\n<p class=\"lead\"><strong>Francouzsk\u00e9 \u00fa\u0159ady hodlaj\u00ed zak\u00e1zat no\u0161en\u00ed ab\u00e1j\u00ed ve \u0161kol\u00e1ch \u2013 tradi\u010dn\u00edch muslimsk\u00fdch \u017eensk\u00fdch \u0161at\u016f, kter\u00e9 zcela zakr\u00fdvaj\u00ed t\u011blo a nos\u00ed se p\u0159es b\u011b\u017en\u00e9 oble\u010den\u00ed.\u00a0Ozn\u00e1mil to nov\u00fd ministr \u0161kolstv\u00ed a ml\u00e1de\u017ee Gabriel Attal.<\/strong><\/p>\n<p><em>\u201e\u0160kola v republice je postavena na pevn\u00fdch principech, jako je sekularismus.\u00a0Sekularismus je svoboda osvobodit se prost\u0159ednictv\u00edm \u0161koly.\u00a0Kdy\u017e vejdete do t\u0159\u00eddy, nem\u011bli byste b\u00fdt schopni sd\u011blit n\u00e1bo\u017eenstv\u00ed student\u016f jen t\u00edm, \u017ee se na n\u011b pod\u00edv\u00e1te.&#8220;<span class=\"after-quote\">\u00a0\u0159ekl ve vys\u00edl\u00e1n\u00ed televizn\u00edho kan\u00e1lu TF1.<\/span><\/em><\/p>\n<p><span>Ministr sl\u00edbil, \u017ee p\u0159\u00ed\u0161t\u00ed t\u00fdden projedn\u00e1 s veden\u00edm \u0161kol, jak tento z\u00e1kaz zav\u00e9st.<\/span><\/p>\n<p><span>Jak p\u0159ipomn\u011bla agentura AFP, Attal na konci \u010dervence po sv\u00e9m jmenov\u00e1n\u00ed do funkce tvrdil, \u017ee no\u0161en\u00ed ab\u00e1je nebo kamis (tradi\u010dn\u00ed p\u00e1nsk\u00fd oblek pro muslimsk\u00e9 zem\u011b) ve \u0161kole je \u201en\u00e1bo\u017eensk\u00e9 gesto\u201c, kter\u00e9 je provokac\u00ed proti sekul\u00e1rn\u00ed charakter st\u00e1tn\u00edch a ve\u0159ejn\u00fdch instituc\u00ed.<\/span><\/p>\n<p><span>Od 15. b\u0159ezna 2004 je ve francouzsk\u00fdch vzd\u011bl\u00e1vac\u00edch instituc\u00edch z\u00e1konem zak\u00e1z\u00e1no no\u0161en\u00ed n\u00e1bo\u017eensk\u00fdch symbol\u016f nebo od\u011bv\u016f, kter\u00e9 symbolizuj\u00ed n\u00e1bo\u017eensk\u00e9 p\u0159esv\u011bd\u010den\u00ed.\u00a0Od t\u00e9 doby se v zemi pravideln\u011b rozho\u0159ely debaty na t\u00e9ma z\u00e1kazu no\u0161en\u00ed tradi\u010dn\u00edho muslimsk\u00e9ho od\u011bvu, kter\u00fd je nutn\u00e9 sundat u vchodu do vzd\u011bl\u00e1vac\u00ed instituce.\u00a0Podle agentury AFP s odkazem na vl\u00e1dn\u00ed zpr\u00e1vu vzrostl po\u010det poru\u0161en\u00ed principu sekularismu ve vzd\u011bl\u00e1vac\u00edm prost\u0159ed\u00ed po atent\u00e1tu na u\u010ditele\u00a0<\/span><strong><span>Samuela Patyho<\/span><\/strong><span>\u00a0radik\u00e1ln\u00edm islamistou v roce 2020 o 120 %.<\/span><\/p>\n<p><img decoding=\"async\" loading=\"lazy\" class=\"alignnone size-full wp-image-1185\" src=\"http:\/\/www.infokuryr.cz\/n\/wp-content\/uploads\/2021\/04\/kuryr-podpis.png\" alt=\"\" width=\"84\" height=\"24\" \/><\/p>\n<p>&nbsp;<\/p>\n<p><img decoding=\"async\" loading=\"lazy\" class=\"wp-image-33819 aligncenter\" src=\"http:\/\/www.infokuryr.cz\/n\/wp-content\/uploads\/2023\/08\/ces1-300x157.jpg\" alt=\"\" width=\"1366\" height=\"715\" srcset=\"https:\/\/www.infokuryr.cz\/n\/wp-content\/uploads\/2023\/08\/ces1-300x157.jpg 300w, https:\/\/www.infokuryr.cz\/n\/wp-content\/uploads\/2023\/08\/ces1-1024x536.jpg 1024w, https:\/\/www.infokuryr.cz\/n\/wp-content\/uploads\/2023\/08\/ces1-768x402.jpg 768w, https:\/\/www.infokuryr.cz\/n\/wp-content\/uploads\/2023\/08\/ces1.jpg 1200w\" sizes=\"(max-width: 1366px) 100vw, 1366px\" \/><\/p>\n<p>&nbsp;<\/p>\n<p><a href=\"https:\/\/stranapro.cz\/\"><img decoding=\"async\" loading=\"lazy\" class=\"wp-image-30218 aligncenter\" src=\"http:\/\/www.infokuryr.cz\/n\/wp-content\/uploads\/2023\/06\/PRO-banner-300x36.png\" alt=\"\" width=\"1367\" height=\"164\" srcset=\"https:\/\/www.infokuryr.cz\/n\/wp-content\/uploads\/2023\/06\/PRO-banner-300x36.png 300w, https:\/\/www.infokuryr.cz\/n\/wp-content\/uploads\/2023\/06\/PRO-banner-768x93.png 768w, https:\/\/www.infokuryr.cz\/n\/wp-content\/uploads\/2023\/06\/PRO-banner.png 849w\" sizes=\"(max-width: 1367px) 100vw, 1367px\" \/><\/a><\/p>\n<p>&nbsp;<\/p>\n<p>&nbsp;<\/p>\n<p>&nbsp;<\/p>\n","protected":false},"excerpt":{"rendered":"<p>Francouzsk\u00e9 \u00fa\u0159ady hodlaj\u00ed zak\u00e1zat no\u0161en\u00ed ab\u00e1j\u00ed ve \u0161kol\u00e1ch \u2013 tradi\u010dn\u00edch muslimsk\u00fdch \u017eensk\u00fdch \u0161at\u016f, kter\u00e9 zcela&#8230;<\/p>\n","protected":false},"author":2,"featured_media":34956,"comment_status":"closed","ping_status":"closed","sticky":false,"template":"","format":"standard","meta":[],"categories":[7],"tags":[130,44,1584,1392],"_links":{"self":[{"href":"https:\/\/www.infokuryr.cz\/n\/wp-json\/wp\/v2\/posts\/34955"}],"collection":[{"href":"https:\/\/www.infokuryr.cz\/n\/wp-json\/wp\/v2\/posts"}],"about":[{"href":"https:\/\/www.infokuryr.cz\/n\/wp-json\/wp\/v2\/types\/post"}],"author":[{"embeddable":true,"href":"https:\/\/www.infokuryr.cz\/n\/wp-json\/wp\/v2\/users\/2"}],"replies":[{"embeddable":true,"href":"https:\/\/www.infokuryr.cz\/n\/wp-json\/wp\/v2\/comments?post=34955"}],"version-history":[{"count":0,"href":"https:\/\/www.infokuryr.cz\/n\/wp-json\/wp\/v2\/posts\/34955\/revisions"}],"wp:featuredmedia":[{"embeddable":true,"href":"https:\/\/www.infokuryr.cz\/n\/wp-json\/wp\/v2\/media\/34956"}],"wp:attachment":[{"href":"https:\/\/www.infokuryr.cz\/n\/wp-json\/wp\/v2\/media?parent=34955"}],"wp:term":[{"taxonomy":"category","embeddable":true,"href":"https:\/\/www.infokuryr.cz\/n\/wp-json\/wp\/v2\/categories?post=34955"},{"taxonomy":"post_tag","embeddable":true,"href":"https:\/\/www.infokuryr.cz\/n\/wp-json\/wp\/v2\/tags?post=34955"}],"curies":[{"name":"wp","href":"https:\/\/api.w.org\/{rel}","templated":true}]}}