{"id":34948,"date":"2023-08-28T05:44:54","date_gmt":"2023-08-28T03:44:54","guid":{"rendered":"http:\/\/www.infokuryr.cz\/n\/?p=34948"},"modified":"2023-08-28T05:44:54","modified_gmt":"2023-08-28T03:44:54","slug":"britum-sdelili-aby-vecer-nevytapeli-sve-domovy","status":"publish","type":"post","link":"https:\/\/www.infokuryr.cz\/n\/2023\/08\/28\/britum-sdelili-aby-vecer-nevytapeli-sve-domovy\/","title":{"rendered":"Brit\u016fm sd\u011blili, aby ve\u010der nevyt\u00e1p\u011bli sv\u00e9 domovy"},"content":{"rendered":"<div id=\"fb-root\"><\/div>\n<p><span style=\"font-size: 18pt;\"><strong>Britsk\u00e1 nevl\u00e1dn\u00ed organizace zab\u00fdvaj\u00edc\u00ed se klimatickou politikou p\u0159edlo\u017eila kontroverzn\u00ed n\u00e1vrh ve sv\u00e9 nejnov\u011bj\u0161\u00ed zpr\u00e1v\u011b o \u201euhl\u00edkov\u00e9m rozpo\u010dtu\u201c<\/strong><\/span><\/p>\n<p><em><span>Britsk\u00e1 nevl\u00e1dn\u00ed organizace Climate Change Committee ve sv\u00e9 nejnov\u011bj\u0161\u00ed zpr\u00e1v\u011b o \u201e uhl\u00edkov\u00e9m rozpo\u010dtu<\/span><\/em><span>\u00a0\u201c vyzvala lidi, aby vyp\u00ednali topen\u00ed na noc a b\u011bhem jin\u00fdch \u0161pi\u010dek,\u00a0uvedl v sobotu britsk\u00fd Telegraph.\u00a0<\/span><\/p>\n<p><span>Nam\u00edsto ponech\u00e1n\u00ed radi\u00e1tor\u016f zapnut\u00fdch v noci b\u011bhem nejchladn\u011bj\u0161\u00ed \u010d\u00e1sti roku by Britov\u00e9 m\u011bli \u201e\u00a0<\/span><em><span>p\u0159edh\u0159\u00e1t<\/span><\/em><span>\u00a0\u201c sv\u00e9 domovy odpoledne, aby u\u0161et\u0159ili pen\u00edze, doporu\u010duje zpr\u00e1va a vysv\u011btluje: \u201e\u00a0<\/span><em><span>Tam, kde jsou domy dostate\u010dn\u011b dob\u0159e izolovan\u00e9, je mo\u017en\u00e9 p\u0159edem -teplo p\u0159ed \u0161pi\u010dkami, co\u017e umo\u017e\u0148uje p\u0159\u00edstup k levn\u011bj\u0161\u00edm tarif\u016fm, kter\u00e9 odr\u00e1\u017eej\u00ed sn\u00ed\u017een\u00e9 n\u00e1klady spojen\u00e9 s provozem s\u00edt\u00ed a v\u00fdrobou energie v dob\u011b mimo \u0161pi\u010dku.\u00a0<\/span><\/em><span>\u201c\u00a0<\/span><\/p>\n<p><span>Rada je zam\u011b\u0159ena na dom\u00e1cnosti s elektricky nap\u00e1jen\u00fdmi syst\u00e9my, jako jsou tepeln\u00e1 \u010derpadla popul\u00e1rn\u00ed jinde v Evrop\u011b, a\u010dkoli v\u011bt\u0161ina britsk\u00fdch dom\u00e1cnost\u00ed pou\u017e\u00edv\u00e1 plynov\u00e9 kotle.\u00a0Do roku 2033 by v\u0161echny novostavby dom\u016f a a\u017e polovina t\u011bch, kter\u00e9 byly postaveny po roce 1952, m\u011bly zahrnovat mo\u017enosti p\u0159edeh\u0159\u00edv\u00e1n\u00ed, uvedl CCC.\u00a0<\/span><\/p>\n<div class=\"read-more large\" data-has-alias=\"\"><img decoding=\"async\" loading=\"lazy\" class=\"wp-image-33819 aligncenter\" src=\"http:\/\/www.infokuryr.cz\/n\/wp-content\/uploads\/2023\/08\/ces1-300x157.jpg\" alt=\"\" width=\"1368\" height=\"716\" srcset=\"https:\/\/www.infokuryr.cz\/n\/wp-content\/uploads\/2023\/08\/ces1-300x157.jpg 300w, https:\/\/www.infokuryr.cz\/n\/wp-content\/uploads\/2023\/08\/ces1-1024x536.jpg 1024w, https:\/\/www.infokuryr.cz\/n\/wp-content\/uploads\/2023\/08\/ces1-768x402.jpg 768w, https:\/\/www.infokuryr.cz\/n\/wp-content\/uploads\/2023\/08\/ces1.jpg 1200w\" sizes=\"(max-width: 1368px) 100vw, 1368px\" \/><\/div>\n<p><span>Vl\u00e1da v\u0161ak \u00fadajn\u011b zva\u017euje zru\u0161en\u00ed navrhovan\u00e9ho z\u00e1kazu instalace olejov\u00fdch kotl\u016f, kter\u00fd by vstoupil v platnost v roce 2026, a p\u0159inutila nov\u00e9 domy pou\u017e\u00edvat elektrick\u00e1 tepeln\u00e1 \u010derpadla pot\u00e9, co varovala, \u017ee tento krok d\u00e1le zat\u00ed\u017e\u00ed ji\u017e tak p\u0159et\u00ed\u017eenou elektrickou s\u00ed\u0165 a zv\u00fd\u0161\u00ed venkovsk\u00e1 palivov\u00e1 chudoba.\u00a0<\/span><\/p>\n<p><span>Podobn\u00e9 st\u00ed\u017enosti se setkaly s nejnov\u011bj\u0161\u00ed zpr\u00e1vou CCC.\u00a0\u201e\u00a0<\/span><em><span>S\u00ed\u0165 u\u017e vr\u017ee a hloup\u00e9 n\u00e1pady, jako je tento, ukazuj\u00ed, o kolik to bude hor\u0161\u00ed<\/span><\/em><span>\u00a0,\u201c \u0159ekl Telegraph Andrew Montford z organizace Net Zero Watch, kter\u00e1 hl\u00edd\u00e1 klimatickou politiku, a nazna\u010dil, \u017ee elektrick\u00e1 infrastruktura Spojen\u00e9ho kr\u00e1lovstv\u00ed nedok\u00e1\u017ee pokr\u00fdt popt\u00e1vku po milionech elektrick\u00e9 energie. tepeln\u00e1 \u010derpadla pracuj\u00edc\u00ed v souladu.<\/span><\/p>\n<p><span>\u201e\u00a0<\/span><em><span>Tato nejnov\u011bj\u0161\u00ed rada, abychom se za chladn\u00fdch ve\u010der\u016f zmrazili, pouze ukazuje pravdu, \u017ee sen o hojn\u00e9 a levn\u00e9 obnoviteln\u00e9 energii je klam<\/span><\/em><span>\u00a0,\u201c souhlasil konzervativn\u00ed poslanec Craig Mackinlay.<\/span><\/p>\n<p><span>Nejnov\u011bj\u0161\u00ed zpr\u00e1va CCC \u00fadajn\u011b podrobn\u011b popisuje, jak mus\u00ed Spojen\u00e9 kr\u00e1lovstv\u00ed sn\u00ed\u017eit emise mezi lety 2033 a 2037. Kontroverzn\u00ed rada o oh\u0159\u00edva\u010d\u00edch je zahrnuta v \u010d\u00e1sti o \u201e\u00a0<\/span><em><span>zm\u011bn\u011b chov\u00e1n\u00ed<\/span><\/em><span>\u00a0\u201c.\u00a0Klimatick\u00e1 nevl\u00e1dn\u00ed organizace byla vytvo\u0159ena vl\u00e1dou v roce 2008, aby zemi radila, jak dos\u00e1hnout sv\u00fdch emisn\u00edch c\u00edl\u016f, a jej\u00ed uhl\u00edkov\u00e9 rozpo\u010dty jsou pr\u00e1vn\u011b z\u00e1vazn\u00e9.\u00a0<\/span><\/p>\n<p><span>\u0158editel CCC Chris Stark minul\u00fd m\u011bs\u00edc prozradil, \u017ee ani on nep\u0159ijal technologii tepeln\u00fdch \u010derpadel tak d\u016frazn\u011b doporu\u010dovanou zpr\u00e1vami o uhl\u00edkov\u00e9m rozpo\u010dtu jeho skupiny a p\u0159ipustil, \u017ee jsou pro mnoho lid\u00ed p\u0159\u00edli\u0161 drah\u00e9 a \u201evelmi obt\u00ed\u017en\u00e9\u201c je instalovat do byt\u016f, kter\u00e9 jsou ji\u017e vybaveny plynov\u00fdmi\u00a0<\/span><em><span>kotli<\/span><\/em><span>\u00a0. ve sv\u011bdectv\u00ed p\u0159ed v\u00fdborem pro environment\u00e1ln\u00ed audit Commons.<\/span><\/p>\n<p><span>Nejnov\u011bj\u0161\u00ed uhl\u00edkov\u00fd rozpo\u010det dostupn\u00fd na webov\u00fdch str\u00e1nk\u00e1ch CCC z roku 2020 potvrzuje, \u017ee \u201e\u00a0<\/span><em><span>v\u00edce ne\u017e polovina sn\u00ed\u017een\u00ed emis\u00ed v na\u0161ich sc\u00e9n\u00e1\u0159\u00edch vy\u017eaduje [sic] ur\u010ditou \u00farove\u0148 zm\u011bny chov\u00e1n\u00ed<\/span><\/em><span>\u00a0\u201c.\u00a0Tato zpr\u00e1va rad\u00ed vl\u00e1d\u011b, aby vyu\u017eila ponau\u010den\u00ed z pandemie Covid-19 k tomu, aby p\u0159im\u011bla Brity, aby p\u0159ijali Net Zero t\u00edm, \u017ee po\u017eadovan\u00e9 zm\u011bny p\u0159edstav\u00ed jako \u201enov\u00fd\u00a0<\/span><em><span>norm\u00e1l\u201c.\u00a0<\/span><\/em><span>\u201c<\/span><\/p>\n<p><img decoding=\"async\" loading=\"lazy\" class=\"alignnone size-full wp-image-1185\" src=\"http:\/\/www.infokuryr.cz\/n\/wp-content\/uploads\/2021\/04\/kuryr-podpis.png\" alt=\"\" width=\"84\" height=\"24\" \/><\/p>\n<p>&nbsp;<\/p>\n<p><a href=\"https:\/\/stranapro.cz\/\"><img decoding=\"async\" loading=\"lazy\" class=\"wp-image-30218 aligncenter\" src=\"http:\/\/www.infokuryr.cz\/n\/wp-content\/uploads\/2023\/06\/PRO-banner-300x36.png\" alt=\"\" width=\"1375\" height=\"165\" srcset=\"https:\/\/www.infokuryr.cz\/n\/wp-content\/uploads\/2023\/06\/PRO-banner-300x36.png 300w, https:\/\/www.infokuryr.cz\/n\/wp-content\/uploads\/2023\/06\/PRO-banner-768x93.png 768w, https:\/\/www.infokuryr.cz\/n\/wp-content\/uploads\/2023\/06\/PRO-banner.png 849w\" sizes=\"(max-width: 1375px) 100vw, 1375px\" \/><\/a><\/p>\n<p>&nbsp;<\/p>\n<p>&nbsp;<\/p>\n<p>&nbsp;<\/p>\n","protected":false},"excerpt":{"rendered":"<p>Britsk\u00e1 nevl\u00e1dn\u00ed organizace zab\u00fdvaj\u00edc\u00ed se klimatickou politikou p\u0159edlo\u017eila kontroverzn\u00ed n\u00e1vrh ve sv\u00e9 nejnov\u011bj\u0161\u00ed zpr\u00e1v\u011b o&#8230;<\/p>\n","protected":false},"author":2,"featured_media":9034,"comment_status":"closed","ping_status":"closed","sticky":false,"template":"","format":"standard","meta":[],"categories":[7],"tags":[2983,303,2771],"_links":{"self":[{"href":"https:\/\/www.infokuryr.cz\/n\/wp-json\/wp\/v2\/posts\/34948"}],"collection":[{"href":"https:\/\/www.infokuryr.cz\/n\/wp-json\/wp\/v2\/posts"}],"about":[{"href":"https:\/\/www.infokuryr.cz\/n\/wp-json\/wp\/v2\/types\/post"}],"author":[{"embeddable":true,"href":"https:\/\/www.infokuryr.cz\/n\/wp-json\/wp\/v2\/users\/2"}],"replies":[{"embeddable":true,"href":"https:\/\/www.infokuryr.cz\/n\/wp-json\/wp\/v2\/comments?post=34948"}],"version-history":[{"count":0,"href":"https:\/\/www.infokuryr.cz\/n\/wp-json\/wp\/v2\/posts\/34948\/revisions"}],"wp:featuredmedia":[{"embeddable":true,"href":"https:\/\/www.infokuryr.cz\/n\/wp-json\/wp\/v2\/media\/9034"}],"wp:attachment":[{"href":"https:\/\/www.infokuryr.cz\/n\/wp-json\/wp\/v2\/media?parent=34948"}],"wp:term":[{"taxonomy":"category","embeddable":true,"href":"https:\/\/www.infokuryr.cz\/n\/wp-json\/wp\/v2\/categories?post=34948"},{"taxonomy":"post_tag","embeddable":true,"href":"https:\/\/www.infokuryr.cz\/n\/wp-json\/wp\/v2\/tags?post=34948"}],"curies":[{"name":"wp","href":"https:\/\/api.w.org\/{rel}","templated":true}]}}