{"id":34946,"date":"2023-08-28T05:38:23","date_gmt":"2023-08-28T03:38:23","guid":{"rendered":"http:\/\/www.infokuryr.cz\/n\/?p=34946"},"modified":"2023-08-28T05:38:23","modified_gmt":"2023-08-28T03:38:23","slug":"vitamin-b12-je-natolik-prospesny-pro-mozek-ze-muze-udelat-psychiatricke-leky-zbytecnymi","status":"publish","type":"post","link":"https:\/\/www.infokuryr.cz\/n\/2023\/08\/28\/vitamin-b12-je-natolik-prospesny-pro-mozek-ze-muze-udelat-psychiatricke-leky-zbytecnymi\/","title":{"rendered":"Vitamin B12 je natolik prosp\u011b\u0161n\u00fd pro mozek, \u017ee m\u016f\u017ee ud\u011blat psychiatrick\u00e9 l\u00e9ky zbyte\u010dn\u00fdmi"},"content":{"rendered":"<div id=\"fb-root\"><\/div>\n<p><span>P\u0159\u00ed\u010dinou \u0161okuj\u00edc\u00edho mno\u017estv\u00ed psychiatrick\u00fdch poruch, kter\u00e9 se z\u00e1padn\u00ed medic\u00edna sna\u017e\u00ed l\u00e9\u010dit farmaceutick\u00fdmi l\u00e9ky, tkv\u00ed v nedostatku vitam\u00ednu B12, kter\u00fd lze snadno napravit stravou a dopl\u0148ky v\u00fd\u017eivy.<\/span><\/p>\n<p><span>V p\u0159\u00edsp\u011bvku, kter\u00fd pro port\u00e1l\u00a0<\/span><em><span>The Epoch Times<\/span><\/em><span>\u00a0napsala zakl\u00e1daj\u00edc\u00ed prezidentka nadace Weston A. Price Foundation (WAPF) Sally Fallon Morellov\u00e1, jsou rozebr\u00e1na zji\u0161t\u011bn\u00ed ze zpr\u00e1vy z roku 2015 zve\u0159ejn\u011bn\u00e9 v medic\u00ednsk\u00e9m \u010dasopise\u00a0\u00a0<\/span><em><span>Indian Journal of Psychological Medicine (IJPM)<\/span><\/em><span>\u00a0t\u00fdkaj\u00edc\u00ed se nedostatku vitam\u00ednu a neuropsychologick\u00fdch poruch.<\/span><\/p>\n<p><span>V uveden\u00e9 zpr\u00e1v\u011b se p\u00ed\u0161e o 13-let\u00e9m chlapci z ji\u017en\u00ed Indie, kter\u00fd dodr\u017eoval tradi\u010dn\u00ed lakto-vegetari\u00e1nskou stravu.\u00a0N\u00e1hle v\u0161ak p\u0159estal mluvit a projevoval \u201eztuhlost, nehybnost, up\u0159en\u00fd pohled, naru\u0161en\u00fd sp\u00e1nek, my\u0161lenky bezcennosti a beznad\u011bje, bezc\u00edln\u00e9 bloud\u011bn\u00ed, pocity viny a sebevra\u017eedn\u00e9 my\u0161lenky.\u201c<\/span><\/p>\n<p><span>Chlapci, kter\u00fd projevoval mnoh\u00e9 b\u011b\u017en\u00e9 p\u0159\u00edznaky spojovan\u00e9 s autismem, byl po diagnostikov\u00e1n\u00ed \u201eakutn\u00ed psychotick\u00e9 poruchy podobn\u00e9 schizofrenii\u201c nasazen neust\u00e1le se m\u011bn\u00edc\u00ed protokol psychiatrick\u00fdch l\u00e9k\u016f.<\/span><\/p>\n<p><strong>Jeho l\u00e9ky zahrnovaly:<\/strong><\/p>\n<ul>\n<li><span>Lorazepam, l\u00e9k pou\u017e\u00edvan\u00fd k l\u00e9\u010db\u011b \u00fazkostn\u00fdch poruch<\/span><\/li>\n<li><span>Olanzapin, antipsychotikum<\/span><\/li>\n<li><span>Sertralin, antidepresivum, zn\u00e1m\u011bj\u0161\u00ed tak\u00e9 jako Zoloft<\/span><\/li>\n<li><span>Aripiprazol, antipsychotikum<\/span><\/li>\n<\/ul>\n<p><span>Tato \u010dty\u0159i siln\u00e1 psychofarmaka v\u0161ak nakonec selhaly a zp\u016fsobily, \u017ee se chlapec stal hyperaktivn\u00edm s \u201epodez\u0159\u00edvavost\u00ed, sly\u0161en\u00edm hlas\u016f, p\u0159ehnanou hovornost\u00ed, p\u0159\u00edli\u0161nou veselost\u00ed, nafouknut\u00fdm sebev\u011bdom\u00edm, sn\u00ed\u017eenou pot\u0159ebou sp\u00e1nku, zv\u00fd\u0161enou chut\u00ed k j\u00eddlu a ru\u0161iv\u00fdmi soci\u00e1ln\u011b-vzd\u011bl\u00e1vac\u00edmi sklony.<\/span><\/p>\n<p><span>Jeho diagn\u00f3za byla upravena na \u201eschizoafektivn\u00ed porucha, manick\u00fd typ\u201c a p\u0159\u00edpravek Zoloft byl nahrazen divalpro\u00e1tem sodn\u00fdm, l\u00e9kem pou\u017e\u00edvan\u00fdm k l\u00e9\u010db\u011b z\u00e1chvat\u016f.<\/span><\/p>\n<p><span>Kdy\u017e se chlapcovy symptomy je\u0161t\u011b v\u00edce zhor\u0161ily, vr\u00e1til se k l\u00e9ka\u0159\u016fm pro je\u0161t\u011b \u0161est\u00fd l\u00e9k \u2013 uhli\u010ditan lithn\u00fd, co\u017e je l\u00e1tka pou\u017e\u00edvan\u00e1 k l\u00e9\u010db\u011b bipol\u00e1rn\u00ed poruchy.<\/span><\/p>\n<p><span>(Souvisej\u00edc\u00ed: V\u011bd\u011bli jste, \u017ee vitamin B12\u00a0<\/span><a href=\"https:\/\/naturalnews.com\/2019-09-01-cure-for-parkinsons-supplement-vitamin-b12.html\"><span>potla\u010duje kl\u00ed\u010dov\u00fd enzym<\/span><\/a><span>\u00a0zodpov\u011bdn\u00fd za vyvol\u00e1v\u00e1n\u00ed Parkinsonovy choroby?)<\/span><\/p>\n<h2><span>Ne\u017e za\u010dnete u\u017e\u00edvat nebezpe\u010dn\u00e9 l\u00e9ky, zkuste nejprve zv\u00fd\u0161it p\u0159\u00edjem vitam\u00ednu B12<\/span><\/h2>\n<p><span>Nic nefungovalo, dokud chlapce nakonec neotestovali na hladiny vitam\u00ednu B12, co\u017e odhalilo, \u017ee ho m\u011bl velk\u00fd nedostatek &#8211; jen 112 nanogram\u016f na mililitr (ng\/ml).<\/span><\/p>\n<p><span>Norm\u00e1ln\u00ed rozsah vitam\u00ednu B12 v krvi je mezi 180-914 ng\/ml, p\u0159i\u010dem\u017e \u00farove\u0148 180 ng\/ml je ji\u017e spojov\u00e1na s v\u00e1\u017en\u00fdm projevem nedostatku B12, zn\u00e1m\u00fdm jako zhoubn\u00e1 an\u00e9mie.<\/span><\/p>\n<div class=\"code-block code-block-9\">\n<div id=\"badat-1453499053\">\n<p><img decoding=\"async\" loading=\"lazy\" class=\"wp-image-33819 aligncenter\" src=\"http:\/\/www.infokuryr.cz\/n\/wp-content\/uploads\/2023\/08\/ces1-300x157.jpg\" alt=\"\" width=\"1359\" height=\"711\" srcset=\"https:\/\/www.infokuryr.cz\/n\/wp-content\/uploads\/2023\/08\/ces1-300x157.jpg 300w, https:\/\/www.infokuryr.cz\/n\/wp-content\/uploads\/2023\/08\/ces1-1024x536.jpg 1024w, https:\/\/www.infokuryr.cz\/n\/wp-content\/uploads\/2023\/08\/ces1-768x402.jpg 768w, https:\/\/www.infokuryr.cz\/n\/wp-content\/uploads\/2023\/08\/ces1.jpg 1200w\" sizes=\"(max-width: 1359px) 100vw, 1359px\" \/><\/p>\n<\/div>\n<\/div>\n<p><span>Dokonce i hladiny 500-550 ng\/ml se v Japonsku a n\u011bkter\u00fdch evropsk\u00fdch zem\u00edch pova\u017euj\u00ed za \u00farove\u0148 spojenou s psychologick\u00fdmi a behavior\u00e1ln\u00edmi probl\u00e9mov\u00fdmi projevy, jako je rozvoj demence a ztr\u00e1ta pam\u011bti.<\/span><\/p>\n<p><span>Pot\u00e9, co chlapec dostal n\u011bkolik injekc\u00ed vitaminu B12, se jakoby z\u00e1zrakem p\u0159\u00edznaky onemocn\u011bn\u00ed zlep\u0161ily a jeho diagn\u00f3za byla upravena na \u201eschizoafektivn\u00ed porucha sekund\u00e1rn\u00ed k nedostatku kobalaminu (vitamin B12)\u201c.\u00a0Probl\u00e9m byl vy\u0159e\u0161en!<\/span><\/p>\n<p><span>\u0160lo p\u0159itom o velmi jednoduch\u00e9 a z\u00e1rove\u0148 bezpe\u010dn\u00e9 \u0159e\u0161en\u00ed.\u00a0P\u0159esto to trvalo n\u011bkolik kol chybn\u00e9ho omamov\u00e1n\u00ed psychofarmaceutiky a testov\u00e1n\u00ed, zat\u00edmco indi\u010dt\u00ed l\u00e9ka\u0159i dok\u00e1zali zjistit, \u017ee chlapci prost\u011b chyb\u00ed pot\u0159ebn\u00fd vitam\u00edn, kter\u00fd je kl\u00ed\u010dov\u00fd pro zdrav\u00ed jeho mozku a du\u0161evn\u00ed schopnosti.<\/span><\/p>\n<p><em><span>\u201eNedostatek vitam\u00ednu B12 je spojen s \u0161irokou \u0161k\u00e1lou psychologick\u00fdch poruch \u2013 depres\u00ed, ztr\u00e1tou pam\u011bti, Alzheimerovou chorobou, \u00fazkost\u00ed, iracion\u00e1ln\u00edm nebo chronick\u00fdm hn\u011bvem, n\u00e1siln\u00fdm chov\u00e1n\u00edm a dal\u0161\u00edmi psychologick\u00fdmi probl\u00e9my,\u201c poznamen\u00e1v\u00e1 Morellov\u00e1<\/span><\/em><span>\u00a0.<\/span><\/p>\n<p><em><span>\u201eTerapie vitam\u00ednem B12 se uk\u00e1zala jako u\u017eite\u010dn\u00e1 pro celou \u0159adu stav\u016f pova\u017eovan\u00fdch za neurologick\u00e9 \u2013 probl\u00e9my se zrakem, ztr\u00e1ta sluchu, hu\u010den\u00ed v u\u0161\u00edch, necitlivost, mraven\u010den\u00ed v rukou a nohou, alkoholismus, impotence, inkontinence, neuralgie, \u00fanava a nedostatek rovnov\u00e1hy nebo\u00a0<\/span><\/em><em><span>abnorm\u00e1ln\u00ed .<\/span><\/em><\/p>\n<p><em><span>Krom\u011b toho je n\u00edzk\u00e1 hladina B12 indikov\u00e1na p\u0159i \u0159ad\u011b dal\u0161\u00edch onemocn\u011bn\u00ed \u2013\u00a0<\/span><a href=\"https:\/\/www.badatel.net\/zdrave-silne-kosti-ako-porazit-osteoporozu\/\"><span>osteopor\u00f3za<\/span><\/a><span>\u00a0, astma, ko\u017en\u00ed onemocn\u011bn\u00ed v\u010detn\u011b psori\u00e1zy, cukrovka, glaukom, neplodnost a samoz\u0159ejm\u011b an\u00e9mie,\u201c<\/span><\/em><span>\u00a0dod\u00e1v\u00e1 Morellov\u00e1.<\/span><\/p>\n<h2><span>Z\u00e1v\u011br<\/span><\/h2>\n<p><span>Mezi nejlep\u0161\u00ed p\u0159\u00edrodn\u00ed zdroje vitam\u00ednu B12 pat\u0159\u00ed maso a syrov\u00e9 ml\u00e9ko, jako\u017e i j\u00e1tra a mo\u0159sk\u00e9 m\u011bkk\u00fd\u0161i.<\/span><\/p>\n<p><span>N\u011bkter\u00e9 rostlinn\u00e9 potraviny, jako s\u00f3ja, houby a spirulina, tak\u00e9 obsahuj\u00ed vitam\u00edn B12, ale ve form\u011b, kter\u00e1 m\u016f\u017ee ve skute\u010dnosti zhor\u0161it jeho nedostatek v d\u016fsledku p\u0159\u00edtomnosti analog\u016f vitam\u00ednu B12 zvan\u00fdch kobamidy, kter\u00e9 mohou v\u00e9st k p\u0159emno\u017een\u00ed bakteri\u00ed v tenk\u00e9m st\u0159ev\u011b.<\/span><\/p>\n<p><span>Nejnov\u011bj\u0161\u00ed zpr\u00e1vy o p\u0159\u00edrodn\u00edch l\u00e9c\u00edch na r\u016fzn\u00e9 lidsk\u00e9 choroby naleznete na str\u00e1nce\u00a0<\/span><a href=\"https:\/\/cures.news\/\" target=\"_blank\" rel=\"noopener\"><span>Cures.news<\/span><\/a><span> .<\/span><\/p>\n<p><span>Autor: Ethan Huff, Zdroj:\u00a0<\/span><a href=\"https:\/\/www.naturalnews.com\/2023-08-25-vitamin-b12-brain-health-psychiatric-drugs-obsolete.html\" target=\"_blank\" rel=\"noopener\"><span>naturalnews.com<\/span><\/a><\/p>\n<p>&nbsp;<\/p>\n<p><a href=\"https:\/\/stranapro.cz\/\"><img decoding=\"async\" loading=\"lazy\" class=\"wp-image-30218 aligncenter\" src=\"http:\/\/www.infokuryr.cz\/n\/wp-content\/uploads\/2023\/06\/PRO-banner-300x36.png\" alt=\"\" width=\"1383\" height=\"166\" srcset=\"https:\/\/www.infokuryr.cz\/n\/wp-content\/uploads\/2023\/06\/PRO-banner-300x36.png 300w, https:\/\/www.infokuryr.cz\/n\/wp-content\/uploads\/2023\/06\/PRO-banner-768x93.png 768w, https:\/\/www.infokuryr.cz\/n\/wp-content\/uploads\/2023\/06\/PRO-banner.png 849w\" sizes=\"(max-width: 1383px) 100vw, 1383px\" \/><\/a><\/p>\n<p>&nbsp;<\/p>\n<p>&nbsp;<\/p>\n<p>&nbsp;<\/p>\n","protected":false},"excerpt":{"rendered":"<p>P\u0159\u00ed\u010dinou \u0161okuj\u00edc\u00edho mno\u017estv\u00ed psychiatrick\u00fdch poruch, kter\u00e9 se z\u00e1padn\u00ed medic\u00edna sna\u017e\u00ed l\u00e9\u010dit farmaceutick\u00fdmi l\u00e9ky, tkv\u00ed v&#8230;<\/p>\n","protected":false},"author":2,"featured_media":34947,"comment_status":"closed","ping_status":"closed","sticky":false,"template":"","format":"standard","meta":[],"categories":[7],"tags":[5762,4551,5763],"_links":{"self":[{"href":"https:\/\/www.infokuryr.cz\/n\/wp-json\/wp\/v2\/posts\/34946"}],"collection":[{"href":"https:\/\/www.infokuryr.cz\/n\/wp-json\/wp\/v2\/posts"}],"about":[{"href":"https:\/\/www.infokuryr.cz\/n\/wp-json\/wp\/v2\/types\/post"}],"author":[{"embeddable":true,"href":"https:\/\/www.infokuryr.cz\/n\/wp-json\/wp\/v2\/users\/2"}],"replies":[{"embeddable":true,"href":"https:\/\/www.infokuryr.cz\/n\/wp-json\/wp\/v2\/comments?post=34946"}],"version-history":[{"count":0,"href":"https:\/\/www.infokuryr.cz\/n\/wp-json\/wp\/v2\/posts\/34946\/revisions"}],"wp:featuredmedia":[{"embeddable":true,"href":"https:\/\/www.infokuryr.cz\/n\/wp-json\/wp\/v2\/media\/34947"}],"wp:attachment":[{"href":"https:\/\/www.infokuryr.cz\/n\/wp-json\/wp\/v2\/media?parent=34946"}],"wp:term":[{"taxonomy":"category","embeddable":true,"href":"https:\/\/www.infokuryr.cz\/n\/wp-json\/wp\/v2\/categories?post=34946"},{"taxonomy":"post_tag","embeddable":true,"href":"https:\/\/www.infokuryr.cz\/n\/wp-json\/wp\/v2\/tags?post=34946"}],"curies":[{"name":"wp","href":"https:\/\/api.w.org\/{rel}","templated":true}]}}