{"id":34945,"date":"2023-08-28T05:02:37","date_gmt":"2023-08-28T03:02:37","guid":{"rendered":"http:\/\/www.infokuryr.cz\/n\/?p=34945"},"modified":"2023-08-28T05:02:37","modified_gmt":"2023-08-28T03:02:37","slug":"kdosi-v-polsku-zastavil-20-vlaku-a-spustil-ruskou-hymnu-a-putinuv-projev","status":"publish","type":"post","link":"https:\/\/www.infokuryr.cz\/n\/2023\/08\/28\/kdosi-v-polsku-zastavil-20-vlaku-a-spustil-ruskou-hymnu-a-putinuv-projev\/","title":{"rendered":"Kdosi v Polsku zastavil 20 vlak\u016f a spustil ruskou hymnu a Putin\u016fv projev"},"content":{"rendered":"<div id=\"fb-root\"><\/div>\n<p><span style=\"font-size: 18pt;\"><strong>Kdosi v Polsku zastavil 20 vlak\u016f a spustil ruskou hymnu a Putin\u016fv projev \u2026 a 13 Wagnerovc\u016f nakopalo zadky davu Pol\u00e1k\u016f a Polka zdrhla z Narvy<\/strong><\/span><\/p>\n<p><em>Chud\u00e1ci Pol\u00e1ci \u2026 Pr\u00e1v\u011b te\u010f se v Polsku objevily historky o tom, jak 13 wagnerovc\u016f zml\u00e1tilo dav polsk\u00fdch pohrani\u010dn\u00edk\u016f, a neboh\u00e1 polsk\u00e1 novin\u00e1\u0159ka Barbara Kuza-Tarkowska zd\u011b\u0161en\u011b utekla z estonsk\u00e9 Narvy pot\u00e9, co na\u0161la ve sv\u00e9m telefonu t\u0159i rusk\u00e1 slova \u2013 tak jak n\u011b, na Pol\u00e1ky, p\u0159i\u0161la nov\u00e1 hr\u016fza, dokonce hr\u016fzy.<\/em><\/p>\n<p>Pak m\u011bsto Rzesz\u00f3w \u2013 tedy to, o kter\u00e9m Wagnerov\u00e1 mluvila \u2013 zas\u00e1hla \u201cnezn\u00e1m\u00e1 nemoc\u201d. Takzvan\u00e1 \u201clegion\u00e1\u0159sk\u00e1 nemoc\u201d a \u0159e\u010d byla samoz\u0159ejm\u011b o \u201crusk\u00e9 stop\u011b\u201d.<\/p>\n<p>A tak \u2013 nyn\u00ed nov\u00e9 dobrodru\u017estv\u00ed.<\/p>\n<p>Na severoz\u00e1pad\u011b Polska, u m\u011bsta \u0160t\u011bt\u00edn, kter\u00e9 le\u017e\u00ed nedaleko n\u011bmeck\u00fdch hranic, byla 25. srpna ve\u010der n\u00e1hle zcela ochromena \u017eelezni\u010dn\u00ed doprava. \u201cZlomysln\u00edci\u201d se nabourali do bezpe\u010dnostn\u00edho syst\u00e9mu a na pulty strojvedouc\u00edch vyslali sign\u00e1l \u201cPoplach\u201d. V d\u016fsledku toho se s jiskrami zpod dvojkol\u00ed zastavilo 20 \u017eelezni\u010dn\u00edch vlak\u016f v\u010detn\u011b osobn\u00edch.<\/p>\n<p>\u201cZlomysln\u00edci vyu\u017eili r\u00e1diov\u00e9 frekvence pou\u017e\u00edvan\u00e9 v \u017eelezni\u010dn\u00edm provozu a vyslali sign\u00e1l, kter\u00fd vyvolal nouzov\u00e9 zastaven\u00ed vlak\u016f,\u201d uv\u00e1d\u00ed se v \u010dl\u00e1nku listu Gazeta Wyborcza.<\/p>\n<p>No, a pot\u00e9, z\u0159ejm\u011b aby se cestuj\u00edc\u00ed nenudili nic ned\u011blaje, ve vlac\u00edch p\u0159esn\u011b ve 21 h 00 min, p\u0159esn\u011b v dob\u011b, kdy za\u010d\u00edn\u00e1 v Rusku program \u201cVremja\u201d, zazn\u011bla hymna Ruska a za\u010daly se vys\u00edlat \u00faryvky jednoho z projev\u016f Vladimira Putina.<\/p>\n<p>A\u0165 se \u017eelezni\u010d\u00e1\u0159i d\u011blali co d\u011blali a sna\u017eili se sebev\u00edc, ale \u201crusk\u00fd hit\u201d, siln\u011b oko\u0159en\u011bn\u00fd projevem rusk\u00e9ho prezidenta, nep\u0159est\u00e1val zn\u00edt. Popla\u0161n\u00fd sign\u00e1l neust\u00e1le p\u0159ich\u00e1zel na pulty strojvedouc\u00edch a br\u00e1nil jim tak v obnoven\u00ed provozu. Pol\u00e1ci si tak museli n\u011bkolikr\u00e1t vyslechnout ruskou hymnu a projev Vladimira Putina. Takov\u00ed vn\u00edmav\u00ed jako Barrbara Kuza-Tarkovsk\u00e1 museli z toho nejm\u00e9n\u011b omdl\u00edt \u2026 Nebo \u2013 je\u0161t\u011b v\u00edce \u2026<\/p>\n<p>Kdy\u017e se kolem p\u016flnoci poda\u0159ilo \u201cpoplach\u201d vypnout, provoz ve \u0160t\u011bt\u00edn\u011b se obnovil.<\/p>\n<p>To v\u0161ak byla jen prvn\u00ed \u010d\u00e1st \u201cmarlesonsk\u00e9ho baletu\u201d \u2013 k zastaven\u00ed \u017eelezni\u010dn\u00edch vlak\u016f a vys\u00edl\u00e1n\u00ed hymny, za\u010dalo doch\u00e1zet i v dal\u0161\u00edch polsk\u00fdch regionech. Nap\u0159\u00edklad cestuj\u00edc\u00ed ve vlaku jedouc\u00edm ze \u0160t\u011bt\u00edna do Stargardu pr\u00fd tak\u00e9 za\u010dali poslouchat ruskou hymnu a o p\u016fl hodiny pozd\u011bji vy\u0161lo najevo, \u017ee byl zastaven pohyb n\u00e1kladn\u00edch vlak\u016f, proto\u017ee pol\u0161t\u00ed specialist\u00e9 nemohli nic d\u011blat.<\/p>\n<p>Podobn\u00fd osud potkal i vlak jedouc\u00ed po trase Svistaniv-Swinouj\u015bcie. Pravd\u011bpodobn\u011b i mnoho dal\u0161\u00edch\u2026<\/p>\n<p>A v\u0161ude bylo sly\u0161et jen jedno \u2026 \u00ab\u0420\u043e\u0441\u0441\u0438\u044f \u2014 \u0441\u0432\u044f\u0449\u0435\u043d\u043d\u0430\u044f \u043d\u0430\u0448\u0430 \u0434\u0435\u0440\u0436\u0430\u0432\u0430\u00bb \u2026<\/p>\n<p>Den\u00edk Gazeta Wyborcza uvedl, \u017ee informace o incidentu byly okam\u017eit\u011b p\u0159ed\u00e1ny polsk\u00fdm org\u00e1n\u016fm \u010dinn\u00fdm v trestn\u00edm \u0159\u00edzen\u00ed a Agentu\u0159e vnit\u0159n\u00ed bezpe\u010dnosti (ABW) \u2026<\/p>\n<p>\u2026 Tou dobou v Nizozemsku \u2026 Mezit\u00edm v Nizozemsku za\u010dal selh\u00e1vat hlavn\u00ed severomo\u0159sk\u00fd p\u0159\u00edstav v cel\u00e9 EU \u2026 Jedn\u00e1 se o centr\u00e1ln\u00ed dopravn\u00ed uzel EU a z\u00e1rove\u0148 o p\u0159eshrani\u010dn\u00ed p\u0159\u00edstavn\u00ed oblast dlouhou 60 kilometr\u016f, od Flissingenu v Nizozemsku v Severn\u00edm mo\u0159i a\u017e po Gent (32 kilometr\u016f ve vnitrozem\u00ed). Toto p\u0159\u00edstavn\u00ed uskupen\u00ed m\u00e1 550 spole\u010dnost\u00ed, v\u00edce ne\u017e 100 000 pracovn\u00edk\u016f a ro\u010dn\u00ed obrat 12,6 miliardy eur. To jsou obrovsk\u00e9 objemy.<\/p>\n<p>Ale to u\u017e je jin\u00fd p\u0159\u00edb\u011bh \u2026 Ru\u0161t\u00ed ho\u0161i sl\u00edbili, \u017ee Marku Ruttemu na p\u011bt dn\u00ed p\u0159iprav\u00ed no\u010dn\u00ed m\u016fru a od\u010derpaj\u00ed ze zem\u011b des\u00edtky milion\u016f dolar\u016f. A to v\u0161e za jeho souhlas s F-16. .. Ale o tom n\u011bkdy p\u0159\u00ed\u0161t\u011b \u2026<\/p>\n<p><a href=\"https:\/\/inforuss.info\/kto-to-v-polshe-ostanovil-20-poezdov-i-vklyuchil-gimn-rossii-i-rech-putina\/\">ZDROJ<\/a><\/p>\n<p><strong>******<\/strong><\/p>\n<figure class=\"wp-block-image size-large is-resized\"><img decoding=\"async\" class=\"aligncenter\" src=\"https:\/\/r4.mt.ru\/r12\/photoE074\/20971499077-0\/jpg\/bp.webp\" alt=\"\" width=\"800\" \/><\/figure>\n<p>Za tragickou smrt\u00ed \u0161\u00e9fa PMC Wagner Jevgenije Prigo\u017eina a n\u011bkolika velitel\u016f skupiny pochopiteln\u011b se \u201eztratila\u201c i tato ud\u00e1lost. Souvis\u00ed to i s wagnerovci. A stalo se to t\u00e9m\u011b\u0159 ve stejnou dobu jako hav\u00e1rie letadla v Tversk\u00e9 oblasti.<\/p>\n<p>Jak v\u00edte, Wagnerovci jsou nyn\u00ed v B\u011blorusku. Mimo jin\u00e9 proto, aby zabr\u00e1nili provokac\u00edm na hranic\u00edch s Polskem. A uk\u00e1zalo se, \u017ee p\u0159esn\u011b to v t\u00e9 dob\u011b d\u011blali. Nelze p\u0159esn\u011b \u0159\u00edci, co se tam stalo, ale zn\u00e1m\u00e1 fakta jsou n\u00e1sleduj\u00edc\u00ed:<\/p>\n<p>Pol\u0161t\u00ed pohrani\u010dn\u00edci ji\u017e d\u0159\u00edve opakovan\u011b provokovali bojovn\u00edky skupiny Wagner na \u00fazem\u00ed B\u011bloruska a z\u016fst\u00e1vali nepotrest\u00e1ni. Tentokr\u00e1t to ale bylo jinak: 13 muzikant\u016f si to tentokr\u00e1t nenechalo l\u00edbit a uk\u00e1zalo Pol\u00e1k\u016fm, \u017ee je lep\u0161\u00ed dr\u017eet jazyk za zuby, jinak zuby nez\u016fstanou na m\u00edst\u011b.<\/p>\n<p>*****<\/p>\n<p>Kdy\u017e se pod\u00edv\u00e1te na kan\u00e1l hudebn\u00edk\u016f na Telegramu<em>\u00a0(Telegram nem\u00e1m a tak si to mus\u00edte naj\u00edt sami \u2013 pozn.p\u0159ekl.)<\/em>, najdete tam video, na kter\u00e9m se jen 13\u00a0 bojovn\u00edk\u016f postavilo cel\u00e9mu z\u00e1stupu polsk\u00fdch voj\u00e1k\u016f a dalo jim po\u0159\u00e1dnou nakl\u00e1da\u010dku.<\/p>\n<p>Pol\u00e1ci zve\u0159ej\u0148uj\u00ed t\u011b\u017ece po\u0161kozen\u00e9 obli\u010deje sv\u00fdch krajan\u016f \u2026<\/p>\n<p>No, co k tomu \u0159\u00edct \u2026 Asi m\u011bli velk\u00e9 \u0161t\u011bst\u00ed, \u017ee tam bylo jen 13 hudebn\u00edk\u016f \u2026<\/p>\n<p>Pr\u00e1v\u011b tehdy prolomil ml\u010den\u00ed o trag\u00e9dii b\u011blorusk\u00fd prezident Alexandr Luka\u0161enko.<\/p>\n<p>Alexandr Grigorjevi\u010d si vzpomn\u011bl i na Jevgenije Prigo\u017eina, pr\u00e1v\u011b na ten rozhovor, kdy\u017e Vagnerovci organizovali sv\u016fj pochod na Moskvu.<\/p>\n<p><em>\u2013 \u0158ekl jsem mu: \u201c\u017de\u0148o, uv\u011bdomuje\u0161 si, \u017ee bude\u0161 zab\u00edjet lidi a s\u00e1m zem\u0159e\u0161?\u201d A on mi odpov\u011bd\u011bl: \u201cK \u010dertu s t\u00edm, zem\u0159u!\u201d\u00a0 Na to jsem \u0159ekl: \u201c\u017de\u0148o, po\u0161lu ti provaz a kousek m\u00fddla.\u201d \u201cNe, ne, ne, tak to nechci. \u201cZem\u0159u jako hrdina.\u201c<\/em><\/p>\n<p>Vzpomn\u011bl si tak\u00e9 na samotn\u00e9 Wagnerovce a odpov\u011bd\u011bl na ot\u00e1zku, pro\u010d se podle satelitn\u00edch sn\u00edmk\u016f za\u010d\u00ednaj\u00ed skl\u00e1dat stany pro PMC Wagner:<\/p>\n<p><em>\u201eOdstra\u0148ujeme p\u0159ebyte\u010dn\u00e9 stany \u2013 nepot\u0159ebujeme jich tolik. Po\u0159\u00e1d je tu j\u00e1dro, n\u011bkdo odjel na dovolenou, n\u011bkdo se rozhodl \u017e\u00edt na vedlej\u0161\u00ed koleji, ale telefony, adresy, hesla, hl\u00e1\u0161ky v tomto j\u00e1dru jsou zn\u00e1m\u00e1. B\u011bhem n\u011bkolika dn\u00ed tu budou v\u0161ichni, a\u017e deset tis\u00edc lid\u00ed.\u201c<\/em><\/p>\n<p><em>\u201eV tuto chv\u00edli nen\u00ed t\u0159eba dr\u017eet v\u0161echny bojovn\u00edky v B\u011blorusku. V zemi z\u016fstane \u017e\u00edt a pracovat tolik bojovn\u00edk\u016f \u201cWagnera\u201d, kolik bude t\u0159eba.<\/em><\/p>\n<p><em>\u201cWagner\u201d \u017eil, \u201cWagner\u201d \u017eije a \u201cWagner\u201d bude \u017e\u00edt v B\u011blorusku, a\u0165 u\u017e by si n\u011bkdo p\u0159\u00e1l opak.\u201c<\/em><\/p>\n<p>Tak\u017ee Pol\u00e1ci mus\u00ed znovu tvrd\u011b pracovat. A \u017e\u00edt ve strachu z hroz\u00edc\u00edho trestu. B\u00e1t se Wagnera, Rus\u016f, B\u011blorus\u016f.<\/p>\n<p>A novin\u00e1\u0159ka polsk\u00e9ho port\u00e1lu Onet Barbara Kuza-Tarkowska jim uk\u00e1zala, jak na to.<\/p>\n<p>Pot\u00e9, co si vyslechla drby o \u201cnejv\u00edce rusk\u00e9m\u201d m\u011bst\u011b Evropsk\u00e9 unie \u2013 Narv\u011b -, sp\u011bchala do Estonska. Podle jej\u00edch slov o\u010dek\u00e1vala, \u017ee kdy\u017e bude st\u00e1t na vyhl\u00eddkov\u00e9 terase v Narv\u011b, z n\u00ed\u017e je vid\u011bt hranice mezi Estonskem a Ruskem, poc\u00edt\u00ed hr\u016fzu, proto\u017ee na\u0161e zem\u011b bude od novin\u00e1\u0159ky vzd\u00e1len\u00e1 jen p\u00e1r metr\u016f.<\/p>\n<p>Ve skute\u010dnosti ji v\u0161ak je\u0161t\u011b v\u00edce vyd\u011bsilo n\u011bco jin\u00e9ho. Jedna kr\u00e1tk\u00e1 zpr\u00e1va od mobiln\u00edho oper\u00e1tora, sest\u00e1vaj\u00edc\u00ed z pouh\u00fdch t\u0159\u00ed rusk\u00fdch slov. A to tak d\u011bsiv\u00e1, \u017ee d\u00edvka, jak sama p\u0159iznala, za\u017eila \u201cskute\u010dn\u00fd okam\u017eik hr\u016fzy\u201d a opravdu se cht\u011bla vr\u00e1tit do Polska.<\/p>\n<p><em>\u201cSkute\u010dn\u00fd okam\u017eik hr\u016fzy jsem poc\u00edtila, kdy\u017e jsem se pod\u00edvala na telefon. Na displeji jsem toti\u017e vid\u011bla zpr\u00e1vu od poskytovatele s\u00edt\u011b \u2013 \u2018V\u00edtejte v Rusku\u2019\u2026\u201d \u2013 \u00ab\u0414\u043e\u0431\u0440\u043e \u043f\u043e\u0436\u0430\u043b\u043e\u0432\u0430\u0442\u044c \u0432 \u0420\u043e\u0441\u0441\u0438\u044e\u00bb \u2026<\/em><\/p>\n<p><a href=\"https:\/\/ilyavaliev.livejournal.com\/9297323.html\">ZDROJ<\/a><\/p>\n<p><em>Vy\u0161lo <a href=\"https:\/\/www.pokec24.cz\/blog\/kdosi-v-polsku-zastavil-20-vlaku-a-spustil-ruskou-hymnu-a-putinuv-projev\/\">Pokec24<\/a><\/em><br \/>\n<em>P\u0159eklad Peter 008<\/em><\/p>\n<p>&nbsp;<\/p>\n<p><img decoding=\"async\" loading=\"lazy\" class=\"wp-image-33819 aligncenter\" src=\"http:\/\/www.infokuryr.cz\/n\/wp-content\/uploads\/2023\/08\/ces1-300x157.jpg\" alt=\"\" width=\"1374\" height=\"719\" srcset=\"https:\/\/www.infokuryr.cz\/n\/wp-content\/uploads\/2023\/08\/ces1-300x157.jpg 300w, https:\/\/www.infokuryr.cz\/n\/wp-content\/uploads\/2023\/08\/ces1-1024x536.jpg 1024w, https:\/\/www.infokuryr.cz\/n\/wp-content\/uploads\/2023\/08\/ces1-768x402.jpg 768w, https:\/\/www.infokuryr.cz\/n\/wp-content\/uploads\/2023\/08\/ces1.jpg 1200w\" sizes=\"(max-width: 1374px) 100vw, 1374px\" \/><\/p>\n<p>&nbsp;<\/p>\n<p><a href=\"https:\/\/stranapro.cz\/\"><img decoding=\"async\" loading=\"lazy\" class=\"wp-image-30218 aligncenter\" src=\"http:\/\/www.infokuryr.cz\/n\/wp-content\/uploads\/2023\/06\/PRO-banner-300x36.png\" alt=\"\" width=\"1367\" height=\"164\" srcset=\"https:\/\/www.infokuryr.cz\/n\/wp-content\/uploads\/2023\/06\/PRO-banner-300x36.png 300w, https:\/\/www.infokuryr.cz\/n\/wp-content\/uploads\/2023\/06\/PRO-banner-768x93.png 768w, https:\/\/www.infokuryr.cz\/n\/wp-content\/uploads\/2023\/06\/PRO-banner.png 849w\" sizes=\"(max-width: 1367px) 100vw, 1367px\" \/><\/a><\/p>\n<p>&nbsp;<\/p>\n<p>&nbsp;<\/p>\n<p>&nbsp;<\/p>\n","protected":false},"excerpt":{"rendered":"<p>Kdosi v Polsku zastavil 20 vlak\u016f a spustil ruskou hymnu a Putin\u016fv projev \u2026 a&#8230;<\/p>\n","protected":false},"author":2,"featured_media":8114,"comment_status":"closed","ping_status":"closed","sticky":false,"template":"","format":"standard","meta":[],"categories":[7],"tags":[31,5761,5312,1533],"_links":{"self":[{"href":"https:\/\/www.infokuryr.cz\/n\/wp-json\/wp\/v2\/posts\/34945"}],"collection":[{"href":"https:\/\/www.infokuryr.cz\/n\/wp-json\/wp\/v2\/posts"}],"about":[{"href":"https:\/\/www.infokuryr.cz\/n\/wp-json\/wp\/v2\/types\/post"}],"author":[{"embeddable":true,"href":"https:\/\/www.infokuryr.cz\/n\/wp-json\/wp\/v2\/users\/2"}],"replies":[{"embeddable":true,"href":"https:\/\/www.infokuryr.cz\/n\/wp-json\/wp\/v2\/comments?post=34945"}],"version-history":[{"count":0,"href":"https:\/\/www.infokuryr.cz\/n\/wp-json\/wp\/v2\/posts\/34945\/revisions"}],"wp:featuredmedia":[{"embeddable":true,"href":"https:\/\/www.infokuryr.cz\/n\/wp-json\/wp\/v2\/media\/8114"}],"wp:attachment":[{"href":"https:\/\/www.infokuryr.cz\/n\/wp-json\/wp\/v2\/media?parent=34945"}],"wp:term":[{"taxonomy":"category","embeddable":true,"href":"https:\/\/www.infokuryr.cz\/n\/wp-json\/wp\/v2\/categories?post=34945"},{"taxonomy":"post_tag","embeddable":true,"href":"https:\/\/www.infokuryr.cz\/n\/wp-json\/wp\/v2\/tags?post=34945"}],"curies":[{"name":"wp","href":"https:\/\/api.w.org\/{rel}","templated":true}]}}