{"id":34939,"date":"2023-08-28T04:33:06","date_gmt":"2023-08-28T02:33:06","guid":{"rendered":"http:\/\/www.infokuryr.cz\/n\/?p=34939"},"modified":"2023-08-28T04:33:06","modified_gmt":"2023-08-28T02:33:06","slug":"douglas-macgregor-v-rozhovoru-s-tuckerem-carlsonem-varoval","status":"publish","type":"post","link":"https:\/\/www.infokuryr.cz\/n\/2023\/08\/28\/douglas-macgregor-v-rozhovoru-s-tuckerem-carlsonem-varoval\/","title":{"rendered":"Douglas MacGregor v rozhovoru s Tuckerem Carlsonem varoval&#8230;"},"content":{"rendered":"<div id=\"fb-root\"><\/div>\n<h4>Douglas MacGregor v rozhovoru s Tuckerem Carlsonem varoval, \u017ee USA nejsou p\u0159ipraveny na vojensk\u00fd konflikt s Ruskem a pokud nedojde k rychl\u00e9 kapitulaci Ukrajiny, bude do n\u011bkolika m\u011bs\u00edc\u016f st\u00e1t rusk\u00e1 arm\u00e1da na hranic\u00edch Polska! Ukrajina s vysokou pravd\u011bpodobnost\u00ed p\u0159estane existovat a z\u016fstane z n\u00ed jen torzo! Do p\u0159\u00ed\u0161t\u00edho roku bude m\u00edt Rusk\u00e1 arm\u00e1da pro pot\u0159eby akutn\u00edho st\u0159etu s NATO p\u0159ipraveno a\u017e 1,2 milionu rezervist\u016f!<\/h4>\n<p>Penzionovan\u00fd americk\u00fd plukovn\u00edk Douglas MacGregor poskytl p\u0159ed n\u011bkolika dny exkluzivn\u00ed rozhovor b\u00fdval\u00e9mu moder\u00e1torovi Fox News Tuckeru Carlsonovi a jednalo se podle m\u00e9ho n\u00e1zoru o jeden z jeho nejlep\u0161\u00edch videocast\u016f v posledn\u00ed dob\u011b. Plukovn\u00edk MacGregor vyl\u00ed\u010dil, do jak\u00e9 nebezpe\u010dn\u00e9 situace se dostaly USA sv\u00fdm anga\u017em\u00e1 ve v\u00e1lce na Ukrajin\u011b.<\/p>\n<p>Vyl\u00ed\u010dil a popsal, jakou hrozbu p\u0159edstavuje situace, pokud Ukrajina v d\u016fsledku z\u00e1padn\u00edho \u0159\u00edzen\u00ed odm\u00edtne konflikt ukon\u010dit a bude se sna\u017eit v\u00e1lku rozhodnout jinak, s nejv\u011bt\u0161\u00ed pravd\u011bpodobnost\u00ed pomoc\u00ed zata\u017een\u00ed Polska a p\u0159\u00edpadn\u011b dal\u0161\u00edch, s Ukrajinou sp\u0159\u00e1telen\u00fdch st\u00e1t\u016f NATO. \u010c\u00edm d\u00e1l \u010dast\u011bji se toti\u017e na polsk\u00fdch webech hovo\u0159\u00ed o tom, \u017ee\u00a0<strong>Polsko by na Ukrajinu vyrazilo v \u0161estikoalici<\/strong>, tedy Polsko, v\u0161echny 3 st\u00e1ty v Pobalt\u00ed a spolu s nimi \u010cesk\u00e1 republika a Slovensko.<\/p>\n<p>&nbsp;<\/p>\n<div id=\"rumble_v38dsdm\">\n<div id=\"vid_v38dsdm\" class=\"rumble_v38dsdm-Rumble-cls\" tabindex=\"-1\">\n<div>\n<div class=\"bigPlayUI ctp\">\n<div class=\"bigPlayUIInner ctp\"><div class='videoWrapper'>\r\n\t            <iframe src='https:\/\/rumble.com\/embed\/pj.v38dsdm\/' frameborder='0' allowfullscreen><\/iframe>\r\n\t        <\/div><\/div>\n<\/div>\n<\/div>\n<\/div>\n<\/div>\n<p>&nbsp;<\/p>\n<p>Podle polsk\u00fdch zdroj\u016f\u00a0 z okruhu ozbrojen\u00fdch sil se tato \u0161estice ochotn\u00fdch zem\u00ed pr\u00fd gener\u00e1l\u016fm v polsk\u00e9m gener\u00e1ln\u00edm \u0161t\u00e1bu r\u00fdsuje jako\u00a0<em>International\u00a0Peace Corps for Protection of Ukraine from Russian aggression<\/em>, tedy v p\u0159ekladu jako\u00a0<em>M\u00edrov\u00fd sbor mezin\u00e1rodn\u00edch sil pro ochranu Ukrajiny p\u0159ed ruskou agres\u00ed<\/em>, co\u017e pr\u00fd m\u00e1 b\u00fdt ofici\u00e1ln\u00ed n\u00e1zev tohoto uskupen\u00ed.\u00a0<strong>Plukovn\u00edk MacGregor v podstat\u011b zopakoval predikci Aeronetu, \u017ee d\u016fsledky v\u00e1lky na Ukrajin\u011b povedou k ukrajinizaci Evropy<\/strong>, proto\u017ee je objektivn\u011b dop\u0159edu mo\u017en\u00e9 odvodit, \u017ee drtiv\u00e1 v\u011bt\u0161ina ukrajinsk\u00fdch migrant\u016f se nebude cht\u00edt na Ukrajinu vr\u00e1tit.<\/p>\n<p>Ukrajinu toti\u017e budou \u010dekat v nejide\u00e1ln\u011bj\u0161\u00edm p\u0159\u00edpad\u011b dlouh\u00e1 l\u00e9ta bolestiv\u00e9 a stagnuj\u00edc\u00ed obnovy, mnohem pravd\u011bpodobn\u011bji ale p\u016fjde o korupc\u00ed sabotovan\u00fd proces, kter\u00fd bude trvat cel\u00e9 dek\u00e1dy a nam\u00edsto obnovy p\u016fvodn\u00ed Ukrajiny p\u016fjde o mohutn\u00e9 o\u0161kub\u00e1van\u00ed zbytk\u016f a divokou privatizaci toho, co z\u016fstane viset na kost\u0159e o\u0161kuban\u00e9 Ukrajiny.<\/p>\n<h6><span style=\"font-size: 18pt;\">Ukrajina se vylid\u0148uje a ukrajinsk\u00e9 firmy odch\u00e1zej\u00ed za sv\u00fdmi Ukrajinci do EU, je to trval\u00fd p\u0159esun a ukrajinizace Evropy<\/span><\/h6>\n<p>Soukrom\u00fd sektor na Ukrajin\u011b to tu\u0161\u00ed, a proto nikoliv, \u017ee expanduje do zem\u00ed EU z Ukrajiny, ne ne, je to p\u0159esn\u011b naopak. Ukrajinsk\u00e9 firmy se z Ukrajiny preventivn\u011b ji\u017e dop\u0159edu st\u011bhuj\u00ed nadobro do EU, p\u0159ipravuj\u00ed si z\u00e1zem\u00ed pro odchod z Ukrajiny, proto\u017ee tu\u0161\u00ed, \u017ee za\u010dal proces, kter\u00e9mu se firmy mus\u00ed p\u0159izp\u016fsobit.\u00a0<strong>Nejprve z Ukrajiny ode\u0161li z\u00e1kazn\u00edci ukrajinsk\u00fdch firem, a to ti nejbohat\u0161\u00ed, kte\u0159\u00ed d\u00edky pen\u011bz\u016fm uprchli z Ukrajiny a nemuseli tak nastoupit na frontu.<\/strong>\u00a0Toho beze zbytku vyu\u017eily banky v EU. K obnov\u011b Ukrajiny, aby v\u016fbec mohla za\u010d\u00edt, mus\u00ed doj\u00edt nejprve m\u00edru, anebo alespo\u0148 k dlouhodob\u00e9mu a d\u016fv\u011bryhodn\u00e9mu p\u0159\u00edm\u011b\u0159\u00ed, a to z obou stran.<\/p>\n<figure id=\"attachment_56230\" class=\"wp-caption aligncenter\" style=\"width: 700px;\"><a href=\"https:\/\/aeronet.news\/wp-content\/uploads\/NovaPostPraha.jpg\"><img decoding=\"async\" loading=\"lazy\" class=\"wp-image-56230 \" src=\"https:\/\/aeronet.news\/wp-content\/uploads\/NovaPostPraha-1024x768.jpg\" sizes=\"(max-width: 700px) 100vw, 700px\" srcset=\"https:\/\/aeronet.news\/wp-content\/uploads\/NovaPostPraha-1024x768.jpg 1024w, https:\/\/aeronet.news\/wp-content\/uploads\/NovaPostPraha-300x225.jpg 300w, https:\/\/aeronet.news\/wp-content\/uploads\/NovaPostPraha-768x576.jpg 768w, https:\/\/aeronet.news\/wp-content\/uploads\/NovaPostPraha-700x525.jpg 700w, https:\/\/aeronet.news\/wp-content\/uploads\/NovaPostPraha-476x357.jpg 476w, https:\/\/aeronet.news\/wp-content\/uploads\/NovaPostPraha-644x483.jpg 644w, https:\/\/aeronet.news\/wp-content\/uploads\/NovaPostPraha.jpg 1280w\" alt=\"\" width=\"700\" height=\"525\" \/><\/a><figcaption class=\"wp-caption-text\">Ukrajinsk\u00e1 po\u0161ta p\u0159i\u0161la za sv\u00fdmi klienty do \u010cR, pobo\u010dka v Praze<\/figcaption><\/figure>\n<p>Jen\u017ee, pokud bud Ukrajina st\u00e1le tvrdit, \u017ee chce obsadit Krym a vytla\u010dit Rusy ze v\u0161ech \u00fazem\u00ed, tak v\u00e1lka prost\u011b neskon\u010d\u00ed a denacifikace a demilitarizace Ukrajiny bude ze strany Ruska pokra\u010dovat. A obnova nem\u016f\u017ee zapo\u010d\u00edt bez produktivn\u00edho obyvatelstva.\u00a0<strong>Proto\u017ee po\u010det obyvatel Ukrajiny se sni\u017euje, tak m\u00e1me p\u0159ed sebou ne\u00faprosnou rovnici, \u017ee v n\u011bjak\u00e9m okam\u017eiku dojdou Ukrajin\u011b voj\u00e1ci a rovn\u011b\u017e d\u011bln\u00edci nutn\u00ed pro obnovu<\/strong>.<\/p>\n<p>Prost\u011b u\u017e nebude kde a odkud br\u00e1t voj\u00e1ky na v\u00e1lku a produktivn\u00ed d\u011bln\u00edky na pov\u00e1le\u010dnou obnovu. Ti, kte\u0159\u00ed nepadnou na front\u011b, budou jen starci, kte\u0159\u00ed neudr\u017e\u00ed mo\u010d, nato\u017e kala\u0161nikov a bude hrozit, \u017ee Rusko obsad\u00ed celou Ukrajinu. V tom momentu Kyjev nebude m\u00edt jinou \u0161anci, ne\u017e po\u017e\u00e1dat koalici ochotn\u00fdch zem\u00ed NATO o intervenci a spu\u0161t\u011bn\u00ed M\u00edrov\u00e9 mise. Pokud nem\u00e1te \u010das na video v\u00fd\u0161e, tady je p\u0159epis.<\/p>\n<h4><span style=\"font-size: 18pt;\">Col. Douglas MacGregor o v\u00e1lce na Ukrajin\u011b<\/span><\/h4>\n<p>V podstat\u011b v\u0161echno, co v\u00e1m o v\u00e1lce na Ukrajin\u011b \u0159ekly NBC News a New York Times, je le\u017e. Tvrd\u00ed, \u017ee rusk\u00e1 arm\u00e1da je neschopn\u00e1. Ukrajina je demokratick\u00e1 zem\u011b. Vladimir Putin je Hitler a sna\u017e\u00ed se ovl\u00e1dnout sv\u011bt. Ukrajinci na\u0161t\u011bst\u00ed v\u00edt\u011bz\u00ed. Nic z toho nen\u00ed pravda. Ka\u017ed\u00e9 z t\u011bchto tvrzen\u00ed je nepravdiv\u00e9, to posledn\u00ed obzvl\u00e1\u0161\u0165. Ukrajinsk\u00e1 arm\u00e1da nevyhr\u00e1v\u00e1. Ve skute\u010dnosti t\u011b\u017ece prohr\u00e1v\u00e1. Ukrajina je ni\u010dena. Jej\u00ed obyvatelstvo je vyvra\u017e\u010fov\u00e1no v nerovn\u00fdch bitv\u00e1ch s technologicky vysp\u011blej\u0161\u00edm nep\u0159\u00edtelem nebo je po milionech rozptylov\u00e1no do zbytku zem\u011bkoule jako uprchl\u00edci. Ukrajin\u011b doch\u00e1zej\u00ed voj\u00e1ci. Jakmile se tak stane, nevyhnuteln\u011b vyvstane ot\u00e1zka \u2013 kdo je nahrad\u00ed?<\/p>\n<p>Pokud Ukrajinci nedok\u00e1\u017eou porazit Putina, kdo to ud\u011bl\u00e1? Odpov\u011bd\u00ed budeme samoz\u0159ejm\u011b, \u017ee my (Ameri\u010dan\u00e9). Ameri\u010dt\u00ed voj\u00e1ci budou bojovat proti rusk\u00e9 arm\u00e1d\u011b ve v\u00fdchodn\u00ed Evrop\u011b. To je nejpravd\u011bpodobn\u011bj\u0161\u00ed. A p\u0159edpokl\u00e1d\u00e1 se, \u017ee vyhrajeme. Ale vyhrajeme? Pravd\u011bpodobn\u011b ne, \u0159\u00edk\u00e1 b\u00fdval\u00fd arm\u00e1dn\u00ed plukovn\u00edk Douglas McGregor, vyznamenan\u00fd v\u00e1le\u010dn\u00fd veter\u00e1n, kter\u00fd byl poradcem ministra obrany v minul\u00e9 administrativ\u011b. Spojen\u00e9 st\u00e1ty, \u0159\u00edk\u00e1 McGregor, stoj\u00ed na pokraji katastrofick\u00e9 v\u00e1lky, kter\u00e1 by n\u00e1s mohla velmi snadno zni\u010dit. Zd\u00e1 se, \u017ee jen m\u00e1lo Ameri\u010dan\u016f to ch\u00e1pe, ale m\u011bli by. Doug McGregor je nyn\u00ed gener\u00e1ln\u00edm \u0159editelem spole\u010dnosti \u201cNa\u0161e zem\u011b, na\u0161e volba\u201d a my jsme s n\u00edm ned\u00e1vno posed\u011bli. Tento rozhovor stoj\u00ed za vyslechnut\u00ed.<\/p>\n<p><strong><em>-Dougu McGregore, d\u00edky, \u017ee jste se k n\u00e1m p\u0159ipojil. Jak byste zhodnotil a popsal tento stav v\u00e1lky na Ukrajin\u011b?<\/em><\/strong><\/p>\n<p>To je d\u016fle\u017eit\u00e1 ot\u00e1zka a v tuto chv\u00edli na ni nem\u00e1 dost lid\u00ed dobr\u00e9 odpov\u011bdi. Mysl\u00edm, \u017ee v\u0161echny l\u017ei, kter\u00e9 se v\u00edce ne\u017e rok a p\u016fl \u0159\u00edkaly o tom, \u017ee Ukrajinci v\u00edt\u011bz\u00ed, ukrajinsk\u00e1 v\u011bc je spravedliv\u00e1, Rusov\u00e9 jsou zl\u00ed, Rusov\u00e9 jsou neschopn\u00ed, to v\u0161echno se hrout\u00ed. A hrout\u00ed se to, proto\u017ee to, co se d\u011bje na boji\u0161ti, je stra\u0161n\u00e9. Ukrajinci nyn\u00ed, jak se domn\u00edv\u00e1me, ztratili v boji 400 000 mu\u017e\u016f. P\u0159ed n\u011bkolika m\u011bs\u00edci jsme mluvili o 300 nebo 350 tis\u00edc\u00edch. B\u011bhem posledn\u00edho m\u011bs\u00edce t\u00e9to \u00fadajn\u00e9 protiofenz\u00edvy, kter\u00e1 m\u011bla zam\u00e9st boji\u0161t\u011b, ztratili nejm\u00e9n\u011b 40 000 padl\u00fdch. Nev\u00edme ani, kolik lid\u00ed bylo zran\u011bno, ale v\u00edme, \u017ee pravd\u011bpodobn\u011b a\u017e \u010dty\u0159icet a\u017e pades\u00e1t tis\u00edc voj\u00e1k\u016f je amputov\u00e1no. V\u00edme, \u017ee nemocnice jsou pln\u00e9.<\/p>\n<p>A v\u00edme, \u017ee ukrajinsk\u00e9 jednotky na \u00farovni \u010det a rot, kter\u00e9 maj\u00ed kdekoli od 50 do 150 a\u017e 200 mu\u017e\u016f, se po \u010d\u00e1stech vzd\u00e1vaj\u00ed Rus\u016fm. Ne proto, \u017ee by necht\u011bli bojovat, ale proto, \u017ee u\u017e bojovat nemohou. M\u011bli tolik ran\u011bn\u00fdch, \u017ee je nemohou evakuovat, a velitel\u00e9 si \u0159\u00edkaj\u00ed, no, kdy\u017e nem\u016f\u017eu evakuovat sv\u00e9 ran\u011bn\u00e9, tak se vzd\u00e1m, proto\u017ee jinak ti ran\u011bn\u00ed zem\u0159ou. A tak zavolaj\u00ed Rus\u016fm a v\u0161ichni mluv\u00ed rusky a \u0159eknou jim do vys\u00edla\u010dky, \u017ee pod\u00edvejte, m\u00e1m tady 50 nebo 60 ran\u011bn\u00fdch. J\u00e1 se vzd\u00e1m, proto\u017ee nechci, aby byli zabiti. A Rusov\u00e9 se od sam\u00e9ho za\u010d\u00e1tku v\u017edycky chovali k ukrajinsk\u00fdm voj\u00e1k\u016fm velmi f\u00e9rov\u011b a velmi jemn\u011b. A tak v\u011bd\u00ed, \u017ee je nebudou t\u00fdrat nebo s nimi \u0161patn\u011b zach\u00e1zet, v\u011bd\u00ed, \u017ee je vlastn\u011b mohou v budoucnu vym\u011bnit za rusk\u00e9 zajatce.<\/p>\n<p>Tak\u017ee se vzd\u00e1vaj\u00ed. A mysl\u00edm si, \u017ee uvid\u00edme, jak se ta arm\u00e1da, na kterou jsme vynakl\u00e1dali tak velk\u00e9 prost\u0159edky, st\u00e1le v\u00edce rozpou\u0161t\u00ed, a z\u00e1rove\u0148, kdy\u017e se pod\u00edv\u00e1me na ten dlouh\u00fd ban\u00e1novit\u00fd p\u00e1s \u00fazem\u00ed na jihu Ukrajiny, kter\u00fd ovl\u00e1daj\u00ed Rusov\u00e9, kdy\u017e se pod\u00edv\u00e1te do severov\u00fdchodn\u00edho rohu, ji\u017en\u011b od toho m\u011bsta, kter\u00e9 se jmenuje Charkov, tak tam pr\u00e1v\u011b te\u010f prob\u00edhaj\u00ed velk\u00e9 \u00fato\u010dn\u00e9 operace a ukrajinsk\u00e9 s\u00edly jsou smeteny p\u0159ed Rusy. A op\u011bt se to v\u0161echno d\u011bje zp\u016fsobem, o kter\u00e9m se na Z\u00e1pad\u011b prost\u011b neinformuje. A mezit\u00edm m\u00edsto toho, aby se p\u0159iznalo, \u017ee je to stra\u0161n\u00e1 trag\u00e9die, kter\u00e1 by m\u011bla b\u00fdt ukon\u010dena z humanit\u00e1rn\u00edch d\u016fvod\u016f, kdy\u017e u\u017e ne z jin\u00fdch, \u017ee by se m\u011blo p\u0159estat zab\u00edjet, jak \u0159ekl prezident Trump zastavte zab\u00edjen\u00ed, tak budeme pokra\u010dovat.<\/p>\n<p>A to stav\u00ed Rusy do ne\u0161\u0165astn\u00e9 pozice, \u017ee budou pochodovat d\u00e1l na z\u00e1pad, proto\u017ee od sam\u00e9ho za\u010d\u00e1tku Putin a jeho poradci nikdy nem\u011bli z\u00e1jem na v\u00e1lce s NATO nebo se Spojen\u00fdmi st\u00e1ty. Proto tam m\u011bli takov\u00fd inkrement\u00e1ln\u00ed p\u0159\u00edstup, pomal\u00e9 rozm\u011bl\u0148ov\u00e1n\u00ed pohybu vp\u0159ed, obrann\u00e9 operace po dlouhou dobu, aby se vybudovaly s\u00edly, a pak pokra\u010dov\u00e1n\u00ed \u00fato\u010dn\u00fdch operac\u00ed. V Rusku maj\u00ed p\u0159es 300 000 voj\u00e1k\u016f a rezervist\u016f a mysl\u00edm, \u017ee tam sed\u00ed a nejsou uvoln\u011bni do boje, proto\u017ee prezident Putin p\u0159edpokl\u00e1d\u00e1 mo\u017enost, \u017ee zas\u00e1hneme na z\u00e1padn\u00ed Ukrajin\u011b. A pokud zas\u00e1hneme na z\u00e1padn\u00ed Ukrajin\u011b, Rusov\u00e9 na to budou p\u0159ipraveni a d\u016fsledky pro n\u00e1s a pro NATO budou zni\u010duj\u00edc\u00ed, proto\u017ee nejsme p\u0159ipraveni bojovat s Rusy.<\/p>\n<p><em><strong>-Pro\u010d?<\/strong><\/em><\/p>\n<p>No, mysl\u00edm si, \u017ee p\u0159ipravenost u\u017e dlouho kles\u00e1. M\u00e1me za sebou t\u00e9m\u011b\u0159 trval\u00fd nep\u0159etr\u017eit\u00fd pokles discipl\u00edny, kter\u00e1 nut\u00ed voj\u00e1ky bojovat. Discipl\u00edna je t\u011b\u017ek\u00e1 v\u011bc. Ne v\u017edy tomu rozum\u00edme. Discipl\u00edna je ve skute\u010dnosti formou zvyku. A tyto n\u00e1vyky si budujete v pr\u016fb\u011bhu \u010dasu opakov\u00e1n\u00edm, ale tak\u00e9 je budujete pod stresem, pod tlakem, aby se v\u00e1m vryly do pam\u011bti, a pak si v r\u00e1mci t\u011bchto jednotek budujete soudr\u017enost. Soudr\u017enost nevybudujete, kdy\u017e rozd\u011blujete s\u00edly na rasov\u00e9m z\u00e1klad\u011b, kdy\u017e do velitelsk\u00fdch funkc\u00ed prosazujete lidi, kte\u0159\u00ed jsou zjevn\u011b nekvalifikovan\u00ed, kdy\u017e odm\u011b\u0148ujete lidi za cokoli jin\u00e9ho ne\u017e za prok\u00e1zan\u00fd charakter, schopnosti a inteligenci. V\u0161echny tyto v\u011bci jsou demoralizuj\u00edc\u00ed a destruktivn\u00ed pro vojensk\u00e1 za\u0159\u00edzen\u00ed. Arm\u00e1da a n\u00e1mo\u0159n\u00ed p\u011bchota t\u00edm trp\u00ed, stejn\u011b tak letectvo a n\u00e1mo\u0159nictvo, a neexistuje \u017e\u00e1dn\u00e1 snadn\u00e1 n\u00e1prava a tyto praskliny, kter\u00e9 jsou v tuto chv\u00edli jen prasklinami, se stanou obrovsk\u00fdmi trhlinami, pokud p\u016fjdeme do v\u00e1lky.<\/p>\n<p><em><strong>-Tak\u017ee jste str\u00e1vil v\u011bt\u0161inu sv\u00e9ho dosp\u011bl\u00e9ho \u017eivota jako arm\u00e1dn\u00ed d\u016fstojn\u00edk, chodil jste do West Pointu, velel jste jednotk\u00e1m v boji, jste v\u00e1le\u010dn\u00fd veter\u00e1n, vyznamenan\u00fd, ale do arm\u00e1dy jste vstoupil hned na konci Vietnamu.<\/strong><\/em><\/p>\n<p>P\u0159esn\u011b tak.<\/p>\n<p><em><strong>-Kdy\u017e byla tak slavn\u00e1 podle sv\u00e9ho n\u00e1zvu.<\/strong><\/em><\/p>\n<p>Ano.<\/p>\n<p><em><strong>-Jak byste srovnal p\u0159ipravenost sou\u010dasn\u00fdch americk\u00fdch ozbrojen\u00fdch sil \u0159ekn\u011bme s rokem 1975 na konci Vietnamu?<\/strong><\/em><\/p>\n<p>-Mysl\u00edm, \u017ee z hlediska mor\u00e1lky a discipl\u00edny jsme bl\u00edzko tomu, kde jsme byli na konci 70. let. M\u00e1me spoustu lid\u00ed, kte\u0159\u00ed jsou zmateni t\u00edm, co je t\u0159eba ud\u011blat. Ztratili jsme smysl pro to, co je spr\u00e1vn\u00e9. Jin\u00fdmi slovy, nem\u00e1te lidi, kte\u0159\u00ed slou\u017eili dostate\u010dn\u011b dlouho ve formac\u00edch, aby v\u011bd\u011bli, jak vypad\u00e1 to, co je spr\u00e1vn\u00e9, abyste vid\u011bli bojovou skupinu, a\u0165 u\u017e je velikosti praporu, brig\u00e1dy nebo v\u011bt\u0161\u00ed, a v\u011bd\u011bli, d\u00edky \u010demu v\u011bci funguj\u00ed a v\u00edte, co je pot\u0159eba k boji v bitv\u011b. Takov\u00fdch lid\u00ed moc nem\u00e1me, proto\u017ee od roku 2001 se v\u011bt\u0161ina boj\u016f odehr\u00e1v\u00e1 ve velmi mal\u00e9m m\u011b\u0159\u00edtku proti prchav\u00e9mu nep\u0159\u00edteli. V\u00edte, pob\u00edhaj\u00ed v sand\u00e1lech s AK-47 a spol\u00e9haj\u00ed se z velk\u00e9 \u010d\u00e1sti na v\u00fdbu\u0161niny, miny, kter\u00e9 zab\u00edjej\u00ed a mrza\u010d\u00ed Ameri\u010dany.<\/p>\n<p>Ale asi 87 procent na\u0161ich ztr\u00e1t bylo skute\u010dn\u011b d\u016fsledkem v\u00fdbu\u0161nin, kter\u00e9 poch\u00e1zely z min. Tohle nen\u00ed arm\u00e1da, kter\u00e1 je zvykl\u00e1 naj\u00edt n\u011bkoho, kdo se dok\u00e1\u017ee br\u00e1nit. Kdybych ji cht\u011bl p\u0159irovnat k n\u011bjak\u00e9 arm\u00e1d\u011b, lep\u0161\u00ed srovn\u00e1n\u00ed by asi bylo s francouzskou arm\u00e1dou p\u0159ed francouzsko-pruskou v\u00e1lkou, proto\u017ee Francouzi bojovali s mexick\u00fdmi bandity, mexick\u00fdmi povstalci, bojovali s arabsk\u00fdmi bandity, arabsk\u00fdmi povstalci, m\u011bli trochu zku\u0161enost\u00ed s bojem proti nespokojen\u00fdm demoralizovan\u00fdm evropsk\u00fdm jednotk\u00e1m, Raku\u0161an\u016fm v severn\u00ed It\u00e1lii, ale ne\u010delili skute\u010dn\u011b modern\u00edmu nep\u0159\u00edteli. Lid\u00e9 v\u0161ak byli p\u0159esv\u011bd\u010deni, \u017ee francouzsk\u00e1 arm\u00e1da je nejlep\u0161\u00ed arm\u00e1dou na sv\u011bt\u011b, proto\u017ee bojovala v severn\u00ed Africe, Indo\u010d\u00edn\u011b, Mexiku, prost\u011b po cel\u00e9m sv\u011bt\u011b.<\/p>\n<p><a href=\"https:\/\/aeronet.news\/wp-content\/uploads\/DouglasMcGregorTuckerFeat.jpg\"><img decoding=\"async\" loading=\"lazy\" class=\"wp-image-56781 aligncenter\" src=\"https:\/\/aeronet.news\/wp-content\/uploads\/DouglasMcGregorTuckerFeat.jpg\" sizes=\"(max-width: 1280px) 100vw, 1280px\" srcset=\"https:\/\/aeronet.news\/wp-content\/uploads\/DouglasMcGregorTuckerFeat.jpg 1280w, https:\/\/aeronet.news\/wp-content\/uploads\/DouglasMcGregorTuckerFeat-300x169.jpg 300w, https:\/\/aeronet.news\/wp-content\/uploads\/DouglasMcGregorTuckerFeat-768x432.jpg 768w, https:\/\/aeronet.news\/wp-content\/uploads\/DouglasMcGregorTuckerFeat-1024x576.jpg 1024w, https:\/\/aeronet.news\/wp-content\/uploads\/DouglasMcGregorTuckerFeat-700x394.jpg 700w, https:\/\/aeronet.news\/wp-content\/uploads\/DouglasMcGregorTuckerFeat-635x357.jpg 635w, https:\/\/aeronet.news\/wp-content\/uploads\/DouglasMcGregorTuckerFeat-859x483.jpg 859w\" alt=\"\" width=\"729\" height=\"410\" \/><\/a><\/p>\n<p style=\"text-align: center;\"><em>Plukovn\u00edk Douglas MacGregor<\/em><\/p>\n<p>Ta v\u00e1lka byla pro Francii katastrofou a tato arm\u00e1da byla b\u011bhem n\u011bkolika m\u011bs\u00edc\u016f zdecimov\u00e1na pruskou arm\u00e1dou, kter\u00e1 byla modern\u00ed silou, vysoce disciplinovanou, velmi sebev\u011bdom\u011b vedenou, vycvi\u010denou a vybavenou. Tak\u017ee tam nejsme. M\u00e1me vybaven\u00ed star\u00e9 des\u00edtky let. Nap\u0159\u00edklad tanky, na kter\u00fdch jsem slou\u017eil, kdy\u017e jsem \u0161el v roce 1990 do v\u00e1lky, byly prakticky \u00fapln\u011b nov\u00e9 a nejmodern\u011bj\u0161\u00ed. Ty tanky jsou tam po\u0159\u00e1d. Byly p\u0159estav\u011bny, ale u\u017e nejsou nov\u00e9. U\u017e nejsou tak schopn\u00e9 jako kdysi. V\u00edte, d\u00e1m v\u00e1m kr\u00e1tk\u00fd p\u0159\u00edklad. V tanc\u00edch \u0159ady (Abrams) M1 A1 m\u00e1me turb\u00ednov\u00fd motor a tento turb\u00ednov\u00fd motor sp\u00e1l\u00ed stejn\u011b paliva, kdy\u017e stoj\u00ed na m\u00edst\u011b, jako kdy\u017e se pohybuje, proto\u017ee je to turb\u00ednov\u00fd motor, kter\u00fd byl navr\u017een pro pou\u017eit\u00ed v letadle. D\u00e1v\u00e1me je do tank\u016f. To znamen\u00e1, \u017ee m\u00e1te tank na osm hodin. Ka\u017ed\u00fdch osm hodin, pokud jste v provozu, mus\u00edte doplnit palivo.<\/p>\n<p>Tato v\u011bc tak\u00e9 spaluje palivo p\u0159i velmi vysok\u00e9 teplot\u011b, p\u0159es tis\u00edc stup\u0148\u016f, a kolem motoru je v\u00edce ne\u017e 40 spoj\u016f, kter\u00e9 jsou velmi k\u0159ehk\u00e9 a mohou snadno zp\u016fsobit po\u017e\u00e1r, pokud se n\u00e1hodou dotknou t\u011bchto mal\u00fdch trubi\u010dek, kter\u00e9 p\u0159en\u00e1\u0161ej\u00ed r\u016fzn\u00e9 druhy kapalin, pokud se skute\u010dn\u011b dotknou tohoto motoru, kter\u00fd je v provozu tak hork\u00fd. Tak\u017ee motor je tak hork\u00fd, \u017ee lze sledovat pohyb pozemn\u00edch sil americk\u00e9 arm\u00e1dy s tanky ze satelit\u016f na n\u00edzk\u00e9 ob\u011b\u017en\u00e9 dr\u00e1ze Zem\u011b. Tak\u017ee pokud si mysl\u00edte, \u017ee se schov\u00e1te nebo skryjete nebo n\u011bkoho p\u0159edb\u011bhnete, jste z vesm\u00edru jen \u017ehnouc\u00ed ter\u010d.<\/p>\n<p>Tak\u017ee k tomu je t\u0159eba p\u0159ipo\u010d\u00edst tu sm\u011b\u0161nost, \u017ee ten motor nem\u016f\u017eete nahradit spolehliv\u00fdm nejmodern\u011bj\u0161\u00edm diesel-elektrick\u00fdm motorem, kter\u00fd je mnohem chladn\u011bj\u0161\u00ed, kter\u00fd vydr\u017e\u00ed 24 hodin i v\u00edce bez dopln\u011bn\u00ed paliva, a tyhle v\u011bci jsou nesm\u00edrn\u011b problematick\u00e9, kdy\u017e jdete do v\u00e1lky, proto\u017ee mus\u00edte stahovat s\u00edly, dopl\u0148ovat je, vracet je na frontu. To nen\u00ed snadn\u00e9 ud\u011blat, kdy\u017e operujete tak \u010dasto, ka\u017ed\u00fdch osm, \u0161est nebo dev\u011bt hodin. \u0158\u00edkaj\u00ed, no, tak my tam d\u00e1me, mysl\u00edm, gener\u00e1tor, aby se to vykompenzovalo, kdy\u017e sed\u00edte v klidu. Probl\u00e9m je v tom, \u017ee v boji nesed\u00edte v klidu p\u0159\u00edli\u0161 dlouho, proto\u017ee pokud ano, stanete se ter\u010dem \u00fatoku a budete zni\u010deni, a to samoz\u0159ejm\u011b vid\u00edme na Ukrajin\u011b.<\/p>\n<p>St\u00e1l\u00e9 sledov\u00e1n\u00ed z vesm\u00edru, z p\u0159ehledov\u00fdch syst\u00e9m\u016f umo\u017e\u0148uje, aby bylo v\u0161echno neust\u00e1le vid\u011bt. Pokud se tedy hodl\u00e1te usadit v zemi a z\u0159\u00eddit si tam st\u00e1lou pozici, ze kter\u00e9 se pokus\u00edte st\u0159\u00edlet, budete velmi rychle zam\u011b\u0159eni a zni\u010deni. Tak\u017ee proto ta obrana te\u010f hodn\u011b p\u0159ipom\u00edn\u00e1 prvn\u00ed sv\u011btovou v\u00e1lku, proto\u017ee ka\u017ed\u00fd, kdo se pohne, je identifikov\u00e1n a zabit. Jedin\u00fdm omezen\u00edm va\u0161\u00ed schopnosti zam\u011b\u0159it a zni\u010dit nep\u0159\u00edtele je munice. Rusov\u00e9 samoz\u0159ejm\u011b nemaj\u00ed \u017e\u00e1dn\u00fd nedostatek. Vzpom\u00edn\u00e1te si, jak se na za\u010d\u00e1tku zmi\u0148ovaly ty nedostatky, \u017ee? Rusov\u00e9 nest\u00edhaj\u00ed vyr\u00e1b\u011bt rakety, nest\u00edhaj\u00ed vyr\u00e1b\u011bt n\u00e1boje, ale maj\u00ed n\u011bkolik v\u00fdrobn\u00edch z\u00e1vod\u016f, kter\u00e9 funguj\u00ed sedm dn\u00ed v t\u00fddnu, 24 hodin denn\u011b. My ve Spojen\u00fdch st\u00e1tech nem\u00e1me \u017e\u00e1dnou n\u00e1razovou kapacitu.<\/p>\n<p>Trvalo by n\u00e1m mnoho a mnoho m\u011bs\u00edc\u016f, ne\u017e bychom se dostali na takovou \u00farove\u0148, abychom mohli skute\u010dn\u011b konkurovat ve \u0161pi\u010dkov\u00e9 konven\u010dn\u00ed v\u00e1lce. A proto se lid\u00e9 jako j\u00e1 a dal\u0161\u00ed ob\u00e1vaj\u00ed, \u017ee pokud se dostaneme do konfrontace, nem\u016f\u017eeme vyhr\u00e1t, proto\u017ee sv\u011bt se zm\u011bnil, zm\u011bnilo se v\u00e1l\u010den\u00ed. Integrovan\u00e1 protivzdu\u0161n\u00e1 obrana sraz\u00ed z oblohy prakticky v\u0161e, co l\u00e9t\u00e1, \u017ee se pak vr\u00e1t\u00edme k jadern\u00e9mu odstra\u0161en\u00ed. Taktickou jadernou zbran\u00ed, kter\u00e1 \u0159\u00edk\u00e1: Pokud budete postupovat d\u00e1l, budeme muset pou\u017e\u00edt jadernou zbra\u0148. Nechceme tam j\u00edt, proto\u017ee p\u0159edstava, \u017ee existuj\u00ed takzvan\u00e9 taktick\u00e9 jadern\u00e9 zbran\u011b, sly\u0161eli jste ten v\u00fdraz\u2026\u00a0 Ano, oh, to je jen mal\u00e1 atomov\u00e1 bomba, tak\u017ee to nevyvol\u00e1 velkou v\u00e1lku. Pou\u017eit\u00ed jak\u00e9koli jadern\u00e9 zbran\u011b urychl\u00ed velmi rychle eskalaci, proto\u017ee va\u0161i protivn\u00edci budou p\u0159edpokl\u00e1dat, \u017ee pokud nepou\u017eij\u00ed sv\u00e9 jadern\u00e9 zbran\u011b, tak o n\u011b p\u0159ijdou. Tak\u017ee pr\u00e1v\u011b te\u010f \u017eijeme v hrozn\u00e9m dilematu. To nejchyt\u0159ej\u0161\u00ed, co m\u016f\u017eeme ud\u011blat, je ukon\u010dit tuto v\u00e1lku.<\/p>\n<p><em><strong>-Jak\u00fd je podle v\u00e1s c\u00edl Ruska za p\u0159edpokladu, \u017ee se c\u00edle v pr\u016fb\u011bhu v\u00e1lky m\u011bn\u00ed?<\/strong><\/em><\/p>\n<p>No, p\u016fvodn\u00ed c\u00edl byl samoz\u0159ejm\u011b velmi odli\u0161n\u00fd. Mysl\u00edm t\u00edm, \u017ee kdyby uzav\u0159eli m\u00edr s Rusy je\u0161t\u011b \u0159ekn\u011bme v b\u0159eznu nebo dubnu (2022), tak si mysl\u00edm, \u017ee by si Rusov\u00e9 ponechali jen velmi mal\u00e9 \u00fazem\u00ed, pravd\u011bpodobn\u011b jen Luhansk a Don\u011bck, dv\u011b takzvan\u00e9 separatistick\u00e9 provincie, a mysl\u00edm, \u017ee by existovaly z\u00e1ruky neutrality pro Ukrajinu a z\u00e1ruky rovn\u00fdch pr\u00e1v p\u0159ed z\u00e1konem pro Rusy. To je to, co lid\u00e9 nech\u00e1pou, \u017ee v\u011bt\u0161ina z toho souvis\u00ed se zneu\u017e\u00edv\u00e1n\u00edm, kter\u00e9ho se Rus\u016fm na Ukrajin\u011b dost\u00e1v\u00e1 ze strany ukrajinsk\u00e9 vl\u00e1dy. A to je samoz\u0159ejm\u011b ta radik\u00e1ln\u00ed nacionalistick\u00e1 vl\u00e1da, kter\u00e1 se dostala k moci v Kyjev\u011b v roce 2014. A oni t\u00e9m\u011b\u0159 okam\u017eit\u011b, jakmile ta vl\u00e1da nastoupila, z\u0159ejm\u011b za\u010dali rozpout\u00e1vat v\u00e1lku proti takzvan\u00fdm separatistick\u00fdm provinci\u00edm a Putin se st\u00e1le sna\u017eil a sna\u017eil a sna\u017eil.<\/p>\n<p>Minsk\u00e9 dohody byly dal\u0161\u00edm dobr\u00fdm p\u0159\u00edkladem snahy dostat se k \u0159e\u0161en\u00ed, kter\u00e9 by nezahrnovalo konfrontaci. Nyn\u00ed samoz\u0159ejm\u011b d\u00edky Angele Merkelov\u00e9, n\u011bmeck\u00e9 kancl\u00e9\u0159ce, v\u00edme, \u017ee Minsk\u00e9 dohody byly jen lst\u00ed, zp\u016fsobem, jak z\u00edskat \u010das a d\u00e1t Ukrajinc\u016fm v\u00edce \u010dasu na vybudov\u00e1n\u00ed sv\u00fdch sil. K vybudov\u00e1n\u00ed sv\u00fdch sil k \u010demu? A je celkem jasn\u00e9, \u017ee je budovali pro ofenz\u00edvu proti Rusku. A samoz\u0159ejm\u011b dal\u0161\u00edm krokem by bylo, \u017ee bychom p\u0159ivezli na\u0161e rakety a rozm\u00edstili je na v\u00fdchodn\u00ed Ukrajin\u011b, co\u017e by je dostalo do vzd\u00e1lenosti n\u011bkolika minut od v\u0161ech rusk\u00fdch m\u011bst a rusk\u00fdch jadern\u00fdch odstra\u0161uj\u00edc\u00edch prost\u0159edk\u016f. Tak\u017ee to bylo nep\u0159ijateln\u00e9.<\/p>\n<p><a href=\"https:\/\/aeronet.news\/wp-content\/uploads\/TuckerCarlsonTrumpFT.jpg\"><img decoding=\"async\" loading=\"lazy\" class=\" wp-image-56053 aligncenter\" src=\"https:\/\/aeronet.news\/wp-content\/uploads\/TuckerCarlsonTrumpFT.jpg\" sizes=\"(max-width: 1280px) 100vw, 1280px\" srcset=\"https:\/\/aeronet.news\/wp-content\/uploads\/TuckerCarlsonTrumpFT.jpg 1280w, https:\/\/aeronet.news\/wp-content\/uploads\/TuckerCarlsonTrumpFT-300x169.jpg 300w, https:\/\/aeronet.news\/wp-content\/uploads\/TuckerCarlsonTrumpFT-768x432.jpg 768w, https:\/\/aeronet.news\/wp-content\/uploads\/TuckerCarlsonTrumpFT-1024x576.jpg 1024w, https:\/\/aeronet.news\/wp-content\/uploads\/TuckerCarlsonTrumpFT-700x394.jpg 700w, https:\/\/aeronet.news\/wp-content\/uploads\/TuckerCarlsonTrumpFT-635x357.jpg 635w, https:\/\/aeronet.news\/wp-content\/uploads\/TuckerCarlsonTrumpFT-859x483.jpg 859w\" alt=\"\" width=\"740\" height=\"416\" \/><\/a><\/p>\n<p style=\"text-align: center;\"><em>Moder\u00e1tor Tucker Carlson<\/em><\/p>\n<p>Tak\u017ee ta p\u016fvodn\u00ed dohoda je te\u010f pry\u010d a je ot\u00e1zka, co Rusov\u00e9 p\u0159ijmou? No, oni budou, mysl\u00edm, po\u017eadovat to, co z\u016fstane z Ukrajiny. V\u011bt\u0161ina lid\u00ed tomu te\u010f \u0159\u00edk\u00e1 zbytkov\u00e1 Ukrajina, v\u011bt\u0161ina toho, co je pravd\u011bpodobn\u011b na z\u00e1pad od Dn\u011bpru, mus\u00ed b\u00fdt neutr\u00e1ln\u00ed. Nem\u016f\u017ee b\u00fdt sou\u010d\u00e1st\u00ed NATO. Rusov\u00e9 nikdy nebudou tolerovat jednotky NATO na ukrajinsk\u00e9m \u00fazem\u00ed, proto\u017ee jsme p\u0159esv\u011bd\u010div\u011b prok\u00e1zali, \u017ee jsme k Rusku z\u00e1sadn\u011b nep\u0159\u00e1tel\u0161t\u00ed. Tak\u017ee to je minim\u00e1ln\u00ed po\u017eadavek. Jak se to bude \u0159\u00eddit, to je jin\u00e1 ot\u00e1zka. Kdo v\u00ed, jsem si jist\u00fd, \u017ee Moskva by cht\u011bla m\u00edt n\u011bjak\u00e9 slovo v t\u00e9 vl\u00e1d\u011b a kdo tam bude zaji\u0161\u0165ovat, aby v z\u00e1kulis\u00ed nebyli op\u011bt vystaveni takov\u00e9mu zach\u00e1zen\u00ed, jak\u00e9mu jsme je vystavili my v Minsk\u00fdch dohod\u00e1ch.<\/p>\n<p><em><strong>-Jak\u00fd je ukrajinsk\u00fd c\u00edl?<\/strong><\/em><\/p>\n<p>Mysl\u00edm, \u017ee \u010d\u00edm d\u00e1l v\u00edc Ukrajinc\u016f to chce prost\u011b p\u0159e\u017e\u00edt, a to za\u010d\u00edn\u00e1 b\u00fdt velmi t\u011b\u017ek\u00e9, a Zelensk\u00fd a radik\u00e1lov\u00e9 kolem n\u011bj jsou v podstat\u011b odhodl\u00e1ni bojovat v t\u00e9to v\u00e1lce do posledn\u00edho Ukrajince. A samoz\u0159ejm\u011b jsem si jist\u00fd, \u017ee pan Zelensk\u00fd a jeho p\u0159\u00e1tel\u00e9 tou\u017e\u00ed v ur\u010dit\u00e9m okam\u017eiku odej\u00edt do d\u016fchodu na sv\u00e9 nemovitosti na Florid\u011b nebo v Ben\u00e1tk\u00e1ch nebo na Kypru, aby si vyzvedli miliardy, kter\u00e9 se jim poda\u0159ilo ukr\u00e1st nebo od\u010derpat z ve\u0161ker\u00e9 pomoci, kterou jsme poskytli. Nezapome\u0148te, \u017ee Ukrajina je pravd\u011bpodobn\u011b jedn\u00edm z nejzkorumpovan\u011bj\u0161\u00edch m\u00edst na sv\u011bt\u011b. Jeden m\u016fj p\u0159\u00edtel, kter\u00fd str\u00e1vil n\u011bjak\u00fd \u010das ve star\u00e9m Sov\u011btsk\u00e9m svazu a \u017eil tak\u00e9 v Mexiku, se vr\u00e1til z n\u00e1v\u0161t\u011bvy Mexika a \u0159\u00edkal, \u017ee je t\u011b\u017ek\u00e9 tomu uv\u011b\u0159it, ale Ukrajina je zkorumpovan\u011bj\u0161\u00ed ne\u017e Mexiko.<\/p>\n<p><em><strong>-P\u00e1ni.<\/strong><\/em><\/p>\n<p>A mysl\u00edm, \u017ee je to pravda, tak\u017ee je to katastrofa sv\u011btov\u00e9ho form\u00e1tu. \u010ctrn\u00e1ct milion\u016f Ukrajinc\u016f opustilo n\u00e1rod a pravd\u011bpodobn\u011b se u\u017e nikdy nevr\u00e1t\u00ed, proto\u017ee kdy\u017e se jich ptaj\u00ed v N\u011bmecku nebo ve Francii nebo v Chorvatsku nebo ve \u0160pan\u011blsku nebo kdekoli jinde, tak \u0159\u00edkaj\u00ed, \u017ee se nikdy nevr\u00e1t\u00ed. Tak co s touhle zem\u00ed ud\u011bl\u00e1te? A pak tu samoz\u0159ejm\u011b m\u00e1me obvykl\u00e9 podez\u0159el\u00e9, velk\u00e9 zem\u011bd\u011blsk\u00e9 podnikatelsk\u00e9 konglomer\u00e1ty spolu s BlackRock, kter\u00e9 m\u011bly z\u00e1lusk na \u00farodnou ukrajinskou p\u016fdu na z\u00e1padn\u00ed Ukrajin\u011b. P\u0159edpokl\u00e1d\u00e1m, \u017ee bude velk\u00e1 snaha z\u00edskat nad n\u00ed n\u011bjak\u00fdm zp\u016fsobem kontrolu. To ale nemus\u00ed vyj\u00edt, jakmile tato v\u00e1lka skon\u010d\u00ed \u00faplnou a tot\u00e1ln\u00ed por\u00e1\u017ekou ukrajinsk\u00e9ho re\u017eimu.<\/p>\n<p><em><strong>-Jak p\u0159esn\u011b byste charakterizoval Zelensk\u00e9ho?<\/strong><\/em><\/p>\n<p>No, Zelensk\u00fd\u2026<\/p>\n<p><em><strong>-George W. Bush ho nazval Winstonem Churchillem na\u0161\u00ed generace.<\/strong><\/em><\/p>\n<p>To je W (mlad\u00fd Bush), \u017ee?<\/p>\n<p><em><strong>-Ano.<\/strong><\/em><\/p>\n<p>Nen\u00ed to p\u0159\u00edli\u0161 p\u0159em\u00fd\u0161liv\u00fd \u010dlov\u011bk. Byl to komik, kter\u00fd se \u017eivil hran\u00edm na jevi\u0161ti, \u010dasto p\u0159edst\u00edral, \u017ee je transvestita, kter\u00fd d\u011bl\u00e1 v\u011bci s r\u016fzn\u00fdmi \u010d\u00e1stmi t\u011bla, kter\u00e9 nebudu rozeb\u00edrat, a sbalil ho oligarcha jm\u00e9nem Kolomojsk\u00fd. Kolomojsk\u00fd je osoba, kter\u00e1 je pravd\u011bpodobn\u011b v\u00edce ne\u017e kdokoli jin\u00fd zodpov\u011bdn\u00e1 za financov\u00e1n\u00ed tohoto zv\u011brstva, kter\u00e9mu \u0159\u00edk\u00e1me pluk Azov, kter\u00fd pob\u00edh\u00e1 s h\u00e1kov\u00fdmi k\u0159\u00ed\u017ei a nacistickou v\u00fdstroj\u00ed a tak d\u00e1le. A byl vybr\u00e1n a pot\u00e9 po\u017eehn\u00e1n Victori\u00ed Nulandovou a americk\u00fdm ministerstvem zahrani\u010d\u00ed jako jejich \u010dlov\u011bk. Kdy\u017e p\u016fvodn\u011b kandidoval, kandidoval na m\u00edrov\u00e9 platform\u011b. A byl drtivou v\u011bt\u0161inou zvolen po cel\u00e9 zemi, proto\u017ee \u0159ekl, \u017ee pokud budu zvolen va\u0161\u00edm prezidentem, uzav\u0159u m\u00edr s Ruskem. Museli by b\u00fdt bl\u00e1zni, aby cht\u011bli j\u00edt do v\u00e1lky s Ruskem. Hledali v\u00fdchodisko a \u0159e\u0161en\u00ed krize. Samoz\u0159ejm\u011b, jakmile se tam dostal, vydal se jinou cestou a nemohu si pomoci, ale mysl\u00edm si, \u017ee tu cestu jsme mu ur\u010dili my.<\/p>\n<p><em><strong>-Kdo je Victoria Nulandov\u00e1?<\/strong><\/em><\/p>\n<p>Proboha, v\u0161echno tak t\u011b\u017ek\u00e9 ot\u00e1zky. Victorii Nulandovou osobn\u011b nezn\u00e1m. Zn\u00e1m Freda Kagana a jeho bratr Bob je jej\u00edm man\u017eelem a ona je dlouhodob\u011b oddan\u00fdm neoconem. Je to n\u011bkdo, koho bych neozna\u010dil ani za demokrata, ani za republik\u00e1na. Jsou to lid\u00e9 s touto agendou a ta agenda \u0159\u00edk\u00e1: Dokud nebude cel\u00fd sv\u011bt obsazen americk\u00fdmi vojsky a nebude n\u00e1siln\u011b p\u0159eveden na n\u011bjakou formu demokracie, kterou schvalujeme, sv\u011bt nebude bezpe\u010dn\u00fd a my mus\u00edme pokra\u010dovat v boji. A mysl\u00edm si, \u017ee v p\u0159\u00edpad\u011b Ruska m\u00e1 Rusko zvl\u00e1\u0161tn\u00ed p\u0159ita\u017elivost, proto\u017ee si mysl\u00edm, \u017ee tito lid\u00e9 maj\u00ed p\u0159edky, kte\u0159\u00ed poch\u00e1zeli z t\u00e9to oblasti sv\u011bta a maj\u00ed permanentn\u00ed z\u00e1\u0161\u0165 k Rus\u016fm, co\u017e samoz\u0159ejm\u011b j\u00e1 nem\u00e1m a nemysl\u00edm si, \u017ee ji m\u00e1 v\u011bt\u0161ina Ameri\u010dan\u016f, a ani si nemysl\u00edm, \u017ee by n\u011bkdo ve vl\u00e1d\u011b m\u011bl utv\u00e1\u0159et politiku na z\u00e1klad\u011b jak\u00e9hokoli ne\u0161t\u011bst\u00ed, kter\u00e9 za\u017eili jeho p\u0159edkov\u00e9 na m\u00edst\u011b, jako je Rusko. Tak\u017ee j\u00e1 to je, \u017ee to je v kostce, ale mysl\u00edm, \u017ee to sta\u010d\u00ed, a kamkoli p\u0159ijde, tam je obvykle konflikt, krize a boj a ona je siln\u00fdm odp\u016frcem a chce bojovat do posledn\u00edho Ukrajince.<\/p>\n<p><em><strong>-Mysl\u00edte si, \u017ee m\u00e1 relevantn\u00ed zku\u0161enosti, kter\u00e9 by ji oprav\u0148ovaly k tomu, aby vedla tuto v\u00e1lku?<\/strong><\/em><\/p>\n<p>No, samoz\u0159ejm\u011b \u017ee m\u00e1, ale v\u00edte, je to n\u011bco jako cht\u00edt po n\u011bkom, kdo nikdy nevyt\u00e1hl hadici z kan\u00e1lu nebo nevym\u011bnil drti\u010d odpadk\u016f, aby byl instalat\u00e9r. A mysl\u00edm, \u017ee takov\u00fdch m\u00e1me ve Washingtonu hodn\u011b, ona nen\u00ed jedin\u00e1. Tak\u017ee ne, nemysl\u00edm si, \u017ee ch\u00e1pe v\u00e1\u017enost situace. Jsou to ti sam\u00ed lid\u00e9, se kter\u00fdmi v tom jede Tony Blinken\u2026 jak se jmenuje? Sullivan. Po\u0159\u00e1d si pletu Sullivana s p\u0159edchoz\u00edm O\u2019Brienem, kter\u00fd byl v B\u00edl\u00e9m dom\u011b, nen\u00ed v tom velk\u00fd rozd\u00edl a Sullivan v\u00e1m v\u0161em \u0159ekne, no v\u00edte, Rusov\u00e9 jsou slab\u00ed, rusk\u00e1 ekonomika je k\u0159ehk\u00e1, rusk\u00e9 ozbrojen\u00e9 s\u00edly jsou slab\u00e9, jejich gener\u00e1lov\u00e9 jsou hrozn\u00ed a nemohou vyhr\u00e1t. Sta\u010d\u00ed, kdy\u017e budeme pokra\u010dovat v tlaku, a oni se zhrout\u00ed. No, tak to byla sakra dobr\u00e1 strategie, kter\u00e1 zabila velk\u00e9 mno\u017estv\u00ed lid\u00ed, vytvo\u0159ila miliony uprchl\u00edk\u016f a zni\u010dila zemi, ale Rusku neubl\u00ed\u017eila. A Rusko je dnes siln\u011bj\u0161\u00ed, ne\u017e bylo p\u0159ed 30 nebo 40 lety. M\u00e1te rusk\u00fd vojensk\u00fd establishment, kter\u00fd je nyn\u00ed siln\u011bj\u0161\u00ed a schopn\u011bj\u0161\u00ed, ne\u017e byla rusk\u00e1 arm\u00e1da v polovin\u011b 80. let.<\/p>\n<p><em><strong>Pro\u010d? V\u00e1lky obvykle nedegraduj\u00ed vojenskou s\u00edlu?<\/strong><\/em><\/p>\n<p>No, Rusov\u00e9 byli velmi opatrn\u00ed a promy\u0161len\u00ed, pokud jde o v\u00fddaje na \u017eivoty.<\/p>\n<p><em><strong>-Jak\u00e9 mysl\u00edte, \u017ee jsou po\u010dty ob\u011bt\u00ed v Rusku?<\/strong><\/em><\/p>\n<p>V\u00edte, to je t\u011b\u017ek\u00e9 odhadnout. Mysl\u00edm, \u017ee pravd\u011bpodobn\u011b 50 tis\u00edc, 40 a\u017e 50 tis\u00edc mrtv\u00fdch, mo\u017en\u00e1 dal\u0161\u00edch 40 a\u017e 50 tis\u00edc zran\u011bn\u00fdch.<\/p>\n<p><em><strong>-Po\u010dkejte, celkem?<\/strong><\/em><\/p>\n<p>Ano.<\/p>\n<p><em><strong>-Ve srovn\u00e1n\u00ed s ukrajinsk\u00fdmi\u2026<\/strong><\/em><\/p>\n<p>Ano, 400 000 mrtv\u00fdch. Pom\u011br je jedna ku p\u011bti.<\/p>\n<p><em><strong>-V\u011b\u0159\u00edte, \u017ee ta \u010d\u00edsla jsou zhruba p\u0159esn\u00e1?<\/strong><\/em><\/p>\n<p>Ano, rozhodn\u011b.<\/p>\n<p><em><strong>-A t\u011bch pades\u00e1t tis\u00edc ku \u010dty\u0159em st\u016fm tis\u00edc\u016fm, to je v\u011bt\u0161\u00ed zem\u011b nebo s mnohem men\u0161\u00ed zem\u00ed s mnohem men\u0161\u00ed arm\u00e1dou, chci \u0159\u00edct, \u017ee to je groteska.<\/strong><\/em><\/p>\n<p>To je. A pracovn\u00ed s\u00edly opou\u0161t\u011bj\u00ed Ukrajinu tak rychle, jak jen to jde, proto\u017ee lid\u00e9 necht\u011bj\u00ed b\u00fdt vr\u017eeni do ml\u00fdnku na maso. Nem\u016f\u017eete porazit to, co Rusov\u00e9 vybudovali. Byli prvn\u00ed, kdo u\u017e v sedmdes\u00e1t\u00fdch letech minul\u00e9ho stolet\u00ed pochopil, jak z\u00e1sadn\u00ed je propojen\u00ed zpravodajstv\u00ed, sledov\u00e1n\u00ed a pr\u016fzkumu ve vesm\u00edru i na zemi a na mo\u0159i s \u00fadern\u00fdmi zbran\u011bmi. Co je to \u00fadern\u00e1 zbra\u0148? Rakety, \u0159\u00edzen\u00e9 st\u0159ely, p\u0159esn\u00e9 d\u011blost\u0159electvo. To se jim poda\u0159ilo velmi dob\u0159e. Tak\u017ee to je jeden z d\u016fvod\u016f, pro\u010d maj\u00ed tis\u00edce d\u011bl, stovky raketomet\u016f, stovky odpalovac\u00edch za\u0159\u00edzen\u00ed balistick\u00fdch raket, \u0159\u00edzen\u00fdch st\u0159el atd. A ty jsou pak napojeny na ten ISR, tak\u017ee reak\u010dn\u00ed doba je t\u00e9m\u011b\u0159 okam\u017eit\u00e1. Ukrajinsk\u00e1 formace se nach\u00e1z\u00ed na tomto m\u00edst\u011b vedle t\u00e9to budovy na okraji \u0159ekn\u011bme Charkova, mohou m\u00edt rakety na cest\u011b k t\u011bmto c\u00edl\u016fm nebo rakety nebo drony b\u011bhem t\u0159eba p\u011bti, \u0161esti, sedmi minut. Tak\u017ee je to velmi dob\u0159e strukturovan\u00fd a dob\u0159e organizovan\u00fd stroj. A ten stroj drt\u00ed v\u0161echno, co mu p\u0159ijde do cesty. A ned\u00e1 se porazit.<\/p>\n<p><em><strong>-Co s t\u00edm, chci \u0159\u00edct, ale co s vojenskou technologi\u00ed kosmick\u00e9ho v\u011bku, kterou jsme pos\u00edlali na Ukrajinu a kter\u00e1 nep\u0159inesla paritu?<\/strong><\/em><\/p>\n<p>No, zaprv\u00e9, spousta techniky, kterou tam pos\u00edl\u00e1me, je up\u0159\u00edmn\u011b \u0159e\u010deno zastaral\u00e1. Je velmi star\u00e1, nen\u00ed nov\u00e1, dali jsme jim p\u00e1r nov\u00fdch v\u011bc\u00ed, ale ne moc, a vzpome\u0148te si, co jsem \u0159\u00edkal o raket\u00e1ch. Poslali jsme jim n\u011bjak\u00e9 rakety Patriot a mysl\u00edm, \u017ee v tuto chv\u00edli v tomto nejnov\u011bj\u0161\u00edm kole pen\u011bz, asi 750 milion\u016f, n\u011bco takov\u00e9ho, pos\u00edl\u00e1me 33 raket, rakety Patriot. To jsou rakety, kter\u00e9 se pou\u017e\u00edvaj\u00ed k sest\u0159elov\u00e1n\u00ed letadel nebo \u0159\u00edzen\u00fdch st\u0159el p\u0159il\u00e9taj\u00edc\u00edch od protivn\u00edka. Poka\u017ed\u00e9, kdy\u017e jste v protivzdu\u0161n\u00e9 obran\u011b, v\u00e1m lid\u00e9 \u0159eknou, \u017ee kdy\u017e je tam n\u011bjak\u00fd c\u00edl, vyst\u0159el\u00edte na n\u011bj minim\u00e1ln\u011b dv\u011b rakety, abyste se ujistili, \u017ee tref\u00edte c\u00edl. No a na\u0161e rakety v\u00e1m dojdou b\u011bhem n\u011bkolika dn\u00ed. Za dva nebo t\u0159i dny dojde 33 raket. Nem\u016f\u017eete p\u0159ece porazit tis\u00edce st\u0159el, kter\u00e9 se na v\u00e1s vrhaj\u00ed. A radary samoz\u0159ejm\u011b vys\u00edlaj\u00ed, a tak se va\u0161e radary rozsv\u00edt\u00ed a stanou se ter\u010di.<\/p>\n<p>Tohle je bezv\u00fdchodn\u00e1 situace, proto\u017ee Rusov\u00e9, a\u010dkoli nebyli v \u00fanoru 2022 na tento druh v\u00e1lky p\u0159ipraveni, jsou nyn\u00ed p\u0159ipraveni a pokra\u010duj\u00ed v p\u0159\u00edprav\u011b, kter\u00e1 zahrnuje pr\u016fb\u011b\u017enou mobilizaci. Na Ukrajin\u011b a v jej\u00edm okol\u00ed je a\u017e 750 000 voj\u00e1k\u016f, v\u011bt\u0161ina z nich je na okraji Ruska, v z\u00e1padn\u00edm Rusku, dole na jihu Ukrajiny. Ten po\u010det se b\u011bhem p\u0159\u00ed\u0161t\u00edho roku zv\u00fd\u0161\u00ed, o\u010dek\u00e1v\u00e1m, \u017ee na 1,2 milionu a lid\u00e9 jsou povol\u00e1v\u00e1ni, z\u00e1lo\u017en\u00edci jsou povol\u00e1v\u00e1ni z vysok\u00fdch \u0161kol, lid\u00e9 proch\u00e1zej\u00ed arm\u00e1dou, te\u010f pracuj\u00ed na vysok\u00fdch \u0161kol\u00e1ch, aby se stali in\u017een\u00fdry, architekty, matematiky, \u010d\u00edmkoli, jsou vytahov\u00e1ni, obl\u00e9k\u00e1ni do uniforem a p\u0159ipravov\u00e1ni, proto\u017ee na\u0161e ne\u00fastupnost, na\u0161e demonstrovan\u00e1 nen\u00e1vist a nep\u0159\u00e1telstv\u00ed k Moskv\u011b a k Rusku p\u0159esv\u011bd\u010dila rusk\u00fd lid i veden\u00ed v Moskv\u011b, \u017ee budou muset bojovat proti n\u00e1m a v\u0161em, kte\u0159\u00ed jsou na\u0161i spojenci.<\/p>\n<p>Tak\u017ee se na tuto mo\u017enost p\u0159ipravuj\u00ed. Proto je tak d\u016fle\u017eit\u00e9, abychom se probudili a pochopili, \u017ee to, co jsme ud\u011blali, se n\u00e1m vymstilo. Cokoli jsme si p\u0159edsevzali, selhalo. To, co te\u010f mus\u00edme ud\u011blat, je zastavit to a dosp\u011bt k dohod\u011b, kter\u00e1 se n\u00e1m mo\u017en\u00e1 nebude l\u00edbit, ale mus\u00ed k n\u00ed doj\u00edt, a to brzy, ne\u017e se to vymkne kontrole. Nakonec, kdy\u017e v tom budete pokra\u010dovat b\u011bhem p\u0159\u00ed\u0161t\u00edch \u0161esti osmi m\u011bs\u00edc\u016f, uvid\u00edte na polsk\u00fdch hranic\u00edch statis\u00edce rusk\u00fdch voj\u00e1k\u016f. To nen\u00ed to, \u010deho jsme cht\u011bli dos\u00e1hnout.<\/p>\n<p><em>Cel\u00fd po\u0159ad v origin\u00e1ln\u00edm zn\u011bn\u00ed naleznete\u00a0<strong><a href=\"https:\/\/href.li\/?https:\/\/www.youtube.com\/watch?v=r5_7xPXTuuE\" target=\"_blank\" rel=\"nofollow noopener\">zde<\/a><\/strong>.<\/em><\/p>\n<h6><span style=\"font-size: 18pt;\">Tot\u00e1ln\u00ed v\u00e1lka Kyjeva proti Rus\u016fm povede k vylidn\u011bn\u00ed ve\u0161ker\u00e9ho produktivn\u00edho obyvatelstva z Ukrajiny<\/span><\/h6>\n<p>Jak tedy vid\u00edte, plukovn\u00edk MacGregor odhalil skute\u010dn\u00fd stav, v jak\u00e9m se nach\u00e1z\u00ed americk\u00e1 arm\u00e1da, \u017ee nen\u00ed p\u0159ipravena ke konfrontaci s rovnocenn\u00fdm protivn\u00edkem. Americk\u00e1 vojensk\u00e1 nad\u0159azenost je chim\u00e9ra, kter\u00e1 kop\u00edruje z minulosti chim\u00e9ru o moci a s\u00edle nap\u0159. Francouzsk\u00e9 arm\u00e1dy v minulosti.\u00a0<strong>Rusko bude m\u00edt p\u0159\u00ed\u0161t\u00ed rok odhadem 1,2 milionu rezervist\u016f p\u0159ipraven\u00fdch k nasazen\u00ed, zat\u00edmco ukrajinsk\u00e1 arm\u00e1da bude mobilizovat v t\u00e9 dob\u011b pravd\u011bpodobn\u011b u\u017e domovy d\u016fchodc\u016f<\/strong>\u00a0na Ukrajin\u011b a d\u011bti z posledn\u00edch dvou ro\u010dn\u00edk\u016f z\u00e1kladn\u00edch \u0161kol.<\/p>\n<p>Kdo neute\u010de z Ukrajiny, bude redukov\u00e1n na mlet\u00e9 nekonzervovan\u00e9 maso v rusk\u00e9m velkokapacitn\u00edm ml\u00fdn\u011b. Tot\u00e1ln\u00ed v\u00e1lka p\u0159inese v tom p\u0159\u00edpad\u011b Ukrajin\u011b tot\u00e1ln\u00ed vys\u00eddlen\u00ed a vybit\u00ed produktivn\u00edho obyvatelstva. Na Ukrajin\u011b v dne\u0161n\u00ed chv\u00edli z\u016fstali jen soci\u00e1lky, tedy chud\u00ed Ukrajinci, kte\u0159\u00ed nemaj\u00ed pen\u00edze na to, aby uplatili \u00fa\u0159edn\u00edky a pohrani\u010dn\u00edky, a nemaj\u00ed kapit\u00e1l na nov\u00fd \u017eivot a start v EU, a nejsou dostate\u010dn\u011b mlad\u00ed, aby v EU mohli fyzicky a manu\u00e1ln\u011b pracovat jako uprchl\u00ed gastarbeite\u0159i.\u00a0<strong>Zkuste se zamyslet, pro\u010d \u010desk\u00e9, ale i slovensk\u00e9 a polsk\u00e9 banky ihned po 24. \u00fanoru 2022 jako na povel za\u010daly poskytovat sv\u00e9 slu\u017eby v ukrajin\u0161tin\u011b?<\/strong>\u00a0Proto\u017ee mana\u017ee\u0159i t\u011bchto bank v\u011bd\u011bli, \u017ee po vypuknut\u00ed v\u00e1lky uprchne z Ukrajiny nejbohat\u0161\u00ed a hned za nimi produktivn\u00ed klientela tamn\u00edch bank.<\/p>\n<figure id=\"attachment_56779\" class=\"wp-caption aligncenter\" style=\"width: 905px;\"><a href=\"https:\/\/aeronet.news\/wp-content\/uploads\/TuckerMcGregorStudio.jpg\"><img decoding=\"async\" loading=\"lazy\" class=\"wp-image-56779 \" src=\"https:\/\/aeronet.news\/wp-content\/uploads\/TuckerMcGregorStudio.jpg\" sizes=\"(max-width: 1280px) 100vw, 1280px\" srcset=\"https:\/\/aeronet.news\/wp-content\/uploads\/TuckerMcGregorStudio.jpg 1280w, https:\/\/aeronet.news\/wp-content\/uploads\/TuckerMcGregorStudio-300x169.jpg 300w, https:\/\/aeronet.news\/wp-content\/uploads\/TuckerMcGregorStudio-768x432.jpg 768w, https:\/\/aeronet.news\/wp-content\/uploads\/TuckerMcGregorStudio-1024x576.jpg 1024w, https:\/\/aeronet.news\/wp-content\/uploads\/TuckerMcGregorStudio-700x394.jpg 700w, https:\/\/aeronet.news\/wp-content\/uploads\/TuckerMcGregorStudio-635x357.jpg 635w, https:\/\/aeronet.news\/wp-content\/uploads\/TuckerMcGregorStudio-859x483.jpg 859w\" alt=\"\" width=\"905\" height=\"509\" \/><\/a><figcaption class=\"wp-caption-text\">Douglas MacGregor a Tucker Carlson ve studiu<\/figcaption><\/figure>\n<p>A kdy\u017e k tomu p\u0159ipo\u010dtete ukrajinizaci spole\u010dnosti, kterou propaguje \u010desk\u00e1 vl\u00e1da, tedy nasunov\u00e1n\u00ed ukrajinsk\u00fdch d\u011bt\u00ed do b\u011b\u017en\u00fdch \u010desk\u00fdch \u0161kol, ukrajinsk\u00e1 inkluze vzd\u011bl\u00e1v\u00e1n\u00ed, ukrajinizace pracovn\u00edho trhu, ukrajinizace syst\u00e9mu soci\u00e1ln\u00edch d\u00e1vek, ukrajinizace \u010desk\u00e9 justice, ukrajinizace \u010desk\u00fdch m\u00e9di\u00ed a v kone\u010dn\u00e9m d\u016fsledku ukrajinizace cel\u00e9 \u010desk\u00e9 spole\u010dnosti, tak je jasn\u00e9, \u017ee Ukrajinci se rozhodli p\u0159esunout natrvalo do nov\u00e9ho \u017eivotn\u00edho prostoru v r\u00e1mci globalistick\u00e9ho procesu\u00a0<em>The Great Replacement<\/em>.<\/p>\n<p>Je to jin\u00fd\u00a0<em>replacement<\/em>, ne\u017e proti kter\u00e9mu se v roce 2015 v \u010cR mohutn\u011b bou\u0159ila cel\u00e1 Evropa. Ukrajinci se st\u011bhuj\u00ed z Ukrajiny a Evropa ml\u010d\u00ed.\u00a0<strong>A nam\u00edsto toho, jak ukon\u010dit v\u00e1lku, aby se Ukrajinci mohli vr\u00e1tit, se v EU usiluje o to, jak d\u00e1l vyzbrojovat Ukrajinu a konflikt prodlu\u017eovat, aby do EU uprchli i ti Ukrajinci, kte\u0159\u00ed na Ukrajin\u011b je\u0161t\u011b z\u016fstali<\/strong>. Je to \u00fa\u010del. Bruselsk\u00fd proces\u00a0<em>Velk\u00e9 v\u00fdm\u011bny<\/em>\u00a0skryt\u00fd pod l\u00edbiv\u00e1, ale velmi fale\u0161n\u00e1 slov\u00ed\u010dka o pomoci v\u00e1le\u010dn\u00fdm uprchl\u00edk\u016fm. Uprchl\u00edk\u016fm p\u0159ed v\u00e1lkou, kterou ale EU a USA zu\u0159iv\u011b prodlu\u017euj\u00ed, podporuj\u00ed a odm\u00edtaj\u00ed ukon\u010dit. Takov\u00e1 je realita.<\/p>\n<p><a href=\"https:\/\/aeronet.news\/video-douglas-macgregor-v-rozhovoru-s-tuckerem-carlsonem-varoval-ze-usa-nejsou-pripraveny-na-vojensky-konflikt-s-ruskem-a-pokud-nedojde-k-rychle-kapitulaci-ukrajiny-bude-do-nekolika-mesicu\/\">-VK- \u0160\u00e9fredaktor AE News<\/a><\/p>\n<p>&nbsp;<\/p>\n<p><img decoding=\"async\" loading=\"lazy\" class=\"wp-image-33819 aligncenter\" src=\"http:\/\/www.infokuryr.cz\/n\/wp-content\/uploads\/2023\/08\/ces1-300x157.jpg\" alt=\"\" width=\"1364\" height=\"714\" srcset=\"https:\/\/www.infokuryr.cz\/n\/wp-content\/uploads\/2023\/08\/ces1-300x157.jpg 300w, https:\/\/www.infokuryr.cz\/n\/wp-content\/uploads\/2023\/08\/ces1-1024x536.jpg 1024w, https:\/\/www.infokuryr.cz\/n\/wp-content\/uploads\/2023\/08\/ces1-768x402.jpg 768w, https:\/\/www.infokuryr.cz\/n\/wp-content\/uploads\/2023\/08\/ces1.jpg 1200w\" sizes=\"(max-width: 1364px) 100vw, 1364px\" \/><\/p>\n<p>&nbsp;<\/p>\n<p><a href=\"https:\/\/stranapro.cz\/\"><img decoding=\"async\" loading=\"lazy\" class=\"wp-image-30218 aligncenter\" src=\"http:\/\/www.infokuryr.cz\/n\/wp-content\/uploads\/2023\/06\/PRO-banner-300x36.png\" alt=\"\" width=\"1358\" height=\"163\" srcset=\"https:\/\/www.infokuryr.cz\/n\/wp-content\/uploads\/2023\/06\/PRO-banner-300x36.png 300w, https:\/\/www.infokuryr.cz\/n\/wp-content\/uploads\/2023\/06\/PRO-banner-768x93.png 768w, https:\/\/www.infokuryr.cz\/n\/wp-content\/uploads\/2023\/06\/PRO-banner.png 849w\" sizes=\"(max-width: 1358px) 100vw, 1358px\" \/><\/a><\/p>\n<p>&nbsp;<\/p>\n<p>&nbsp;<\/p>\n","protected":false},"excerpt":{"rendered":"<p>Douglas MacGregor v rozhovoru s Tuckerem Carlsonem varoval, \u017ee USA nejsou p\u0159ipraveny na vojensk\u00fd konflikt&#8230;<\/p>\n","protected":false},"author":2,"featured_media":34940,"comment_status":"closed","ping_status":"closed","sticky":false,"template":"","format":"standard","meta":[],"categories":[6],"tags":[1042,1052,22,26,37],"_links":{"self":[{"href":"https:\/\/www.infokuryr.cz\/n\/wp-json\/wp\/v2\/posts\/34939"}],"collection":[{"href":"https:\/\/www.infokuryr.cz\/n\/wp-json\/wp\/v2\/posts"}],"about":[{"href":"https:\/\/www.infokuryr.cz\/n\/wp-json\/wp\/v2\/types\/post"}],"author":[{"embeddable":true,"href":"https:\/\/www.infokuryr.cz\/n\/wp-json\/wp\/v2\/users\/2"}],"replies":[{"embeddable":true,"href":"https:\/\/www.infokuryr.cz\/n\/wp-json\/wp\/v2\/comments?post=34939"}],"version-history":[{"count":1,"href":"https:\/\/www.infokuryr.cz\/n\/wp-json\/wp\/v2\/posts\/34939\/revisions"}],"predecessor-version":[{"id":34941,"href":"https:\/\/www.infokuryr.cz\/n\/wp-json\/wp\/v2\/posts\/34939\/revisions\/34941"}],"wp:featuredmedia":[{"embeddable":true,"href":"https:\/\/www.infokuryr.cz\/n\/wp-json\/wp\/v2\/media\/34940"}],"wp:attachment":[{"href":"https:\/\/www.infokuryr.cz\/n\/wp-json\/wp\/v2\/media?parent=34939"}],"wp:term":[{"taxonomy":"category","embeddable":true,"href":"https:\/\/www.infokuryr.cz\/n\/wp-json\/wp\/v2\/categories?post=34939"},{"taxonomy":"post_tag","embeddable":true,"href":"https:\/\/www.infokuryr.cz\/n\/wp-json\/wp\/v2\/tags?post=34939"}],"curies":[{"name":"wp","href":"https:\/\/api.w.org\/{rel}","templated":true}]}}