{"id":34935,"date":"2023-08-28T01:19:18","date_gmt":"2023-08-27T23:19:18","guid":{"rendered":"http:\/\/www.infokuryr.cz\/n\/?p=34935"},"modified":"2023-08-27T19:45:12","modified_gmt":"2023-08-27T17:45:12","slug":"nejvetsi-letadlova-lod-sveta-us-navy-gerald-r-ford-vplula-do-pristavu-antalya","status":"publish","type":"post","link":"https:\/\/www.infokuryr.cz\/n\/2023\/08\/28\/nejvetsi-letadlova-lod-sveta-us-navy-gerald-r-ford-vplula-do-pristavu-antalya\/","title":{"rendered":"Nejv\u011bt\u0161\u00ed letadlov\u00e1 lo\u010f sv\u011bta US Navy &#8222;Gerald R. Ford&#8220; vplula do p\u0159\u00edstavu Antalya"},"content":{"rendered":"<div id=\"fb-root\"><\/div>\n<p><span style=\"font-size: 18pt;\"><strong>Ameri\u010dt\u00ed n\u00e1mo\u0159n\u00edci se \u201eproch\u00e1zeli po Antalyi a nakupovali\u201c<\/strong><\/span><\/p>\n<p><span>USS Gerald R. Ford, nejv\u011bt\u0161\u00ed sv\u011btov\u00e1 letadlov\u00e1 lo\u010f americk\u00e9ho n\u00e1mo\u0159nictva, vplula do p\u0159\u00edstavu Antalya v Turecku.\u00a0Informuje o tom agentura\u00a0<\/span><a href=\"https:\/\/www.aa.com.tr\/ru\/%d1%82%d1%83%d1%80%d1%86%d0%b8%d1%8f\/%d0%ba%d1%80%d1%83%d0%bf%d0%bd%d0%b5%d0%b9%d1%88%d0%b8%d0%b9-%d0%b2-%d0%bc%d0%b8%d1%80%d0%b5-%d0%b0%d0%b2%d0%b8%d0%b0%d0%bd%d0%be%d1%81%d0%b5%d1%86-%d0%b4%d0%b6%d0%b5%d1%80%d0%b0%d0%bb%d1%8c%d0%b4-%d1%80-%d1%84%d0%be%d1%80%d0%b4-%d0%bf%d1%80%d0%b8%d0%b1%d1%8b%d0%bb-%d0%b2-%d0%bf%d0%be%d1%80%d1%82-%d0%b0%d0%bd%d1%82%d0%b0%d0%bb%d1%8c%d0%b8\/2977098\" target=\"_blank\" rel=\"nofollow noopener\"><span>Anadolu<\/span><\/a><span>\u00a0.<\/span><\/p>\n<p><span>Je t\u0159eba poznamenat, \u017ee na palub\u011b lodi, kter\u00e1 dorazila do Turecka, je 4,5 tis\u00edce \u010dlen\u016f pos\u00e1dky.\u00a0Ameri\u010dt\u00ed n\u00e1mo\u0159n\u00edci se \u201eproch\u00e1zeli po Antalyi a nakupovali\u201c.\u00a0Tureck\u00e9\u00a0<\/span><a href=\"https:\/\/www.5-tv.ru\/news\/vlast\/\" target=\"_blank\" rel=\"noopener\"><span>\u00fa\u0159ady<\/span><\/a><span>\u00a0o\u010dek\u00e1vaj\u00ed, \u017ee p\u0159\u00edjezd \u201etak obrovsk\u00e9ho plavidla do p\u0159\u00edstavu Antalya v\u00fdznamn\u011b p\u0159isp\u011bje k ekonomice zem\u011b\u201c.<\/span><\/p>\n<p><span>Za\u010d\u00e1tkem srpna\u00a0vstoupila do vod J\u00f3nsk\u00e9ho mo\u0159e jadern\u00e1 ponorka USS Florida americk\u00e9ho n\u00e1mo\u0159nictva se 154 \u0159\u00edzen\u00fdmi\u00a0<\/span><a href=\"https:\/\/www.5-tv.ru\/news\/raketa\/\" target=\"_blank\" rel=\"noopener\"><span>st\u0159elami na palub\u011b.\u00a0<\/span><\/a><span>Spojen\u00e9 st\u00e1ty pot\u00e9 ozn\u00e1mily \u201elogistickou zast\u00e1vku\u201c ponorky s c\u00edlem zajistit mo\u017enost dal\u0161\u00ed pr\u00e1ce na podporu\u00a0 spojenc\u016f a partner\u016f\u00a0<\/span><a href=\"https:\/\/www.5-tv.ru\/news\/nato\/\" target=\"_blank\" rel=\"noopener\"><span>NATO<\/span><\/a><span>\u00a0.<\/span><\/p>\n<p><span>Ji\u017e d\u0159\u00edve m\u00e9dia ozn\u00e1mila, \u017ee Finsko ozn\u00e1milo \u00fadajnou <\/span><a href=\"https:\/\/www.5-tv.ru\/news\/446485\/finlandia-zaavila-oakoby-rossijskoj-podlodke-uberegov-hanko\/\"><span>ruskou ponorku<\/span><\/a><span>\u00a0u pob\u0159e\u017e\u00ed Hanko.\u00a0M\u00edstn\u00ed n\u00e1mo\u0159n\u00edci plavidlo identifikovali jako ponorku t\u0159\u00eddy Kilo vyr\u00e1b\u011bnou od 80. let minul\u00e9ho stolet\u00ed.<\/span><\/p>\n<p><img decoding=\"async\" loading=\"lazy\" class=\"alignnone size-full wp-image-1185\" src=\"http:\/\/www.infokuryr.cz\/n\/wp-content\/uploads\/2021\/04\/kuryr-podpis.png\" alt=\"\" width=\"84\" height=\"24\" \/><\/p>\n<p>&nbsp;<\/p>\n<p><img decoding=\"async\" loading=\"lazy\" class=\"wp-image-33819 aligncenter\" src=\"http:\/\/www.infokuryr.cz\/n\/wp-content\/uploads\/2023\/08\/ces1-300x157.jpg\" alt=\"\" width=\"1357\" height=\"710\" srcset=\"https:\/\/www.infokuryr.cz\/n\/wp-content\/uploads\/2023\/08\/ces1-300x157.jpg 300w, https:\/\/www.infokuryr.cz\/n\/wp-content\/uploads\/2023\/08\/ces1-1024x536.jpg 1024w, https:\/\/www.infokuryr.cz\/n\/wp-content\/uploads\/2023\/08\/ces1-768x402.jpg 768w, https:\/\/www.infokuryr.cz\/n\/wp-content\/uploads\/2023\/08\/ces1.jpg 1200w\" sizes=\"(max-width: 1357px) 100vw, 1357px\" \/><\/p>\n<p>&nbsp;<\/p>\n<p><a href=\"https:\/\/stranapro.cz\/\"><img decoding=\"async\" loading=\"lazy\" class=\"wp-image-30218 aligncenter\" src=\"http:\/\/www.infokuryr.cz\/n\/wp-content\/uploads\/2023\/06\/PRO-banner-300x36.png\" alt=\"\" width=\"1358\" height=\"163\" srcset=\"https:\/\/www.infokuryr.cz\/n\/wp-content\/uploads\/2023\/06\/PRO-banner-300x36.png 300w, https:\/\/www.infokuryr.cz\/n\/wp-content\/uploads\/2023\/06\/PRO-banner-768x93.png 768w, https:\/\/www.infokuryr.cz\/n\/wp-content\/uploads\/2023\/06\/PRO-banner.png 849w\" sizes=\"(max-width: 1358px) 100vw, 1358px\" \/><\/a><\/p>\n<p>&nbsp;<\/p>\n<p>&nbsp;<\/p>\n<p>&nbsp;<\/p>\n","protected":false},"excerpt":{"rendered":"<p>Ameri\u010dt\u00ed n\u00e1mo\u0159n\u00edci se \u201eproch\u00e1zeli po Antalyi a nakupovali\u201c USS Gerald R. Ford, nejv\u011bt\u0161\u00ed sv\u011btov\u00e1 letadlov\u00e1&#8230;<\/p>\n","protected":false},"author":2,"featured_media":34936,"comment_status":"closed","ping_status":"closed","sticky":false,"template":"","format":"standard","meta":[],"categories":[7],"tags":[3399,55,37],"_links":{"self":[{"href":"https:\/\/www.infokuryr.cz\/n\/wp-json\/wp\/v2\/posts\/34935"}],"collection":[{"href":"https:\/\/www.infokuryr.cz\/n\/wp-json\/wp\/v2\/posts"}],"about":[{"href":"https:\/\/www.infokuryr.cz\/n\/wp-json\/wp\/v2\/types\/post"}],"author":[{"embeddable":true,"href":"https:\/\/www.infokuryr.cz\/n\/wp-json\/wp\/v2\/users\/2"}],"replies":[{"embeddable":true,"href":"https:\/\/www.infokuryr.cz\/n\/wp-json\/wp\/v2\/comments?post=34935"}],"version-history":[{"count":1,"href":"https:\/\/www.infokuryr.cz\/n\/wp-json\/wp\/v2\/posts\/34935\/revisions"}],"predecessor-version":[{"id":34937,"href":"https:\/\/www.infokuryr.cz\/n\/wp-json\/wp\/v2\/posts\/34935\/revisions\/34937"}],"wp:featuredmedia":[{"embeddable":true,"href":"https:\/\/www.infokuryr.cz\/n\/wp-json\/wp\/v2\/media\/34936"}],"wp:attachment":[{"href":"https:\/\/www.infokuryr.cz\/n\/wp-json\/wp\/v2\/media?parent=34935"}],"wp:term":[{"taxonomy":"category","embeddable":true,"href":"https:\/\/www.infokuryr.cz\/n\/wp-json\/wp\/v2\/categories?post=34935"},{"taxonomy":"post_tag","embeddable":true,"href":"https:\/\/www.infokuryr.cz\/n\/wp-json\/wp\/v2\/tags?post=34935"}],"curies":[{"name":"wp","href":"https:\/\/api.w.org\/{rel}","templated":true}]}}