{"id":34933,"date":"2023-08-28T01:12:30","date_gmt":"2023-08-27T23:12:30","guid":{"rendered":"http:\/\/www.infokuryr.cz\/n\/?p=34933"},"modified":"2023-08-27T19:20:14","modified_gmt":"2023-08-27T17:20:14","slug":"jak-americka-ambasada-v-praze-vytvari-dezinformace-a-fake-news","status":"publish","type":"post","link":"https:\/\/www.infokuryr.cz\/n\/2023\/08\/28\/jak-americka-ambasada-v-praze-vytvari-dezinformace-a-fake-news\/","title":{"rendered":"Jak americk\u00e1 ambas\u00e1da v Praze vytv\u00e1\u0159\u00ed dezinformace a fake news?"},"content":{"rendered":"<div id=\"fb-root\"><\/div>\n<div><span style=\"font-size: 14pt;\"><strong>Jak americk\u00e1 ambas\u00e1da v Praze vytv\u00e1\u0159\u00ed dezinformace a fake news?\u00a0Jednodu\u0161e. Vezmou fotku z roku 2014 a nap\u00ed\u0161\u00ed k tomu, \u017ee ta fotka je z roku 2023.\u00a0 Tohle se fakt ambas\u00e1d\u011b USA v Praze nepovedlo.<\/strong><\/span><\/div>\n<div><\/div>\n<div><strong><img decoding=\"async\" loading=\"lazy\" class=\"aligncenter\" src=\"https:\/\/www.islamizace.cz\/UserFiles\/image\/usaambasadapraha.jpg\" alt=\"\" width=\"771\" height=\"749\" \/><\/strong><\/div>\n<div><\/div>\n<div><strong>D\u00e1t k v\u00fdro\u010d\u00ed 1968 fotku z roku 2014 z Ukrajiny, a je\u0161t\u011b z Od\u011bsy ze st\u0159etu kde ukrajin\u0161t\u00ed nacionalist\u00e9 a neonacist\u00e9 up\u00e1lili hromadu prorusk\u00fdch lid\u00ed &#8211; a Rusko tam v\u016fbec nefigurovalo, tak to prost\u011b je idiocie. Samoz\u0159ejm\u011b, \u017ee dnes se u\u017e v \u010cR sna\u017e\u00ed aktivist\u00e9 z neziskovek celou v\u011bc bagatelizovat a tvrdit, \u017ee ti ukrajin\u0161t\u00ed neonacist\u00e9 nic neprovedli &#8230;<\/strong><\/div>\n<div><\/div>\n<div><img decoding=\"async\" loading=\"lazy\" class=\"aligncenter\" src=\"https:\/\/www.islamizace.cz\/UserFiles\/image\/pozardumodboru.jpg\" alt=\"\" width=\"746\" height=\"717\" \/><\/div>\n<div><\/div>\n<div><a href=\"https:\/\/twitter.com\/USEmbassyP...\/status\/1693537015436894386\">Zdroj z profilu ambas\u00e1dy USA, fotografie byla zde.<\/a>\u00a0<strong>Ov\u0161em po na\u0161\u00ed medializaci cel\u00e9 v\u011bci Ameri\u010dan\u00e9 fotku rychle smazali.<\/strong><\/div>\n<div><\/div>\n<div><span style=\"font-size: 18pt;\"><strong>xxxxxxx<\/strong><\/span><\/div>\n<div><\/div>\n<div><strong><a href=\"https:\/\/echo24.cz\/a\/wpv6G\/krvavy-den-v-odese-zemrelo-46-lidi\">\u010cl\u00e1nek o st\u0159etech v Od\u011bse, s fotografi\u00ed pou\u017eitou Ameri\u010dany, je zde.<\/a><\/strong><\/div>\n<div><\/div>\n<div><\/div>\n<div><span style=\"font-size: 18pt;\"><strong>xxxxxxx<\/strong><\/span><\/div>\n<div><\/div>\n<div><a href=\"https:\/\/www.islamizace.cz\/Articles\/1750-jak-americka-ambasada-v-praze-vytvari-dezinformace-a-fake-news-.aspx\">ZDROJ<\/a><\/div>\n<div><\/div>\n<div><\/div>\n<div><\/div>\n<div><\/div>\n<div><img decoding=\"async\" loading=\"lazy\" class=\"wp-image-33819 aligncenter\" src=\"http:\/\/www.infokuryr.cz\/n\/wp-content\/uploads\/2023\/08\/ces1-300x157.jpg\" alt=\"\" width=\"1364\" height=\"714\" srcset=\"https:\/\/www.infokuryr.cz\/n\/wp-content\/uploads\/2023\/08\/ces1-300x157.jpg 300w, https:\/\/www.infokuryr.cz\/n\/wp-content\/uploads\/2023\/08\/ces1-1024x536.jpg 1024w, https:\/\/www.infokuryr.cz\/n\/wp-content\/uploads\/2023\/08\/ces1-768x402.jpg 768w, https:\/\/www.infokuryr.cz\/n\/wp-content\/uploads\/2023\/08\/ces1.jpg 1200w\" sizes=\"(max-width: 1364px) 100vw, 1364px\" \/><\/div>\n<div><\/div>\n<div><\/div>\n<div><a href=\"https:\/\/stranapro.cz\/\"><img decoding=\"async\" loading=\"lazy\" class=\"wp-image-30218 aligncenter\" src=\"http:\/\/www.infokuryr.cz\/n\/wp-content\/uploads\/2023\/06\/PRO-banner-300x36.png\" alt=\"\" width=\"1358\" height=\"163\" srcset=\"https:\/\/www.infokuryr.cz\/n\/wp-content\/uploads\/2023\/06\/PRO-banner-300x36.png 300w, https:\/\/www.infokuryr.cz\/n\/wp-content\/uploads\/2023\/06\/PRO-banner-768x93.png 768w, https:\/\/www.infokuryr.cz\/n\/wp-content\/uploads\/2023\/06\/PRO-banner.png 849w\" sizes=\"(max-width: 1358px) 100vw, 1358px\" \/><\/a><\/div>\n<div><\/div>\n<div><\/div>\n<div><\/div>\n<div><\/div>\n<div><\/div>\n<div><\/div>\n<div><\/div>\n","protected":false},"excerpt":{"rendered":"<p>Jak americk\u00e1 ambas\u00e1da v Praze vytv\u00e1\u0159\u00ed dezinformace a fake news?\u00a0Jednodu\u0161e. Vezmou fotku z roku 2014&#8230;<\/p>\n","protected":false},"author":2,"featured_media":1062,"comment_status":"closed","ping_status":"closed","sticky":false,"template":"","format":"standard","meta":[],"categories":[6],"tags":[28,542,234,37,1731],"_links":{"self":[{"href":"https:\/\/www.infokuryr.cz\/n\/wp-json\/wp\/v2\/posts\/34933"}],"collection":[{"href":"https:\/\/www.infokuryr.cz\/n\/wp-json\/wp\/v2\/posts"}],"about":[{"href":"https:\/\/www.infokuryr.cz\/n\/wp-json\/wp\/v2\/types\/post"}],"author":[{"embeddable":true,"href":"https:\/\/www.infokuryr.cz\/n\/wp-json\/wp\/v2\/users\/2"}],"replies":[{"embeddable":true,"href":"https:\/\/www.infokuryr.cz\/n\/wp-json\/wp\/v2\/comments?post=34933"}],"version-history":[{"count":1,"href":"https:\/\/www.infokuryr.cz\/n\/wp-json\/wp\/v2\/posts\/34933\/revisions"}],"predecessor-version":[{"id":34934,"href":"https:\/\/www.infokuryr.cz\/n\/wp-json\/wp\/v2\/posts\/34933\/revisions\/34934"}],"wp:featuredmedia":[{"embeddable":true,"href":"https:\/\/www.infokuryr.cz\/n\/wp-json\/wp\/v2\/media\/1062"}],"wp:attachment":[{"href":"https:\/\/www.infokuryr.cz\/n\/wp-json\/wp\/v2\/media?parent=34933"}],"wp:term":[{"taxonomy":"category","embeddable":true,"href":"https:\/\/www.infokuryr.cz\/n\/wp-json\/wp\/v2\/categories?post=34933"},{"taxonomy":"post_tag","embeddable":true,"href":"https:\/\/www.infokuryr.cz\/n\/wp-json\/wp\/v2\/tags?post=34933"}],"curies":[{"name":"wp","href":"https:\/\/api.w.org\/{rel}","templated":true}]}}