{"id":34930,"date":"2023-08-28T01:15:58","date_gmt":"2023-08-27T23:15:58","guid":{"rendered":"http:\/\/www.infokuryr.cz\/n\/?p=34930"},"modified":"2023-08-27T17:41:07","modified_gmt":"2023-08-27T15:41:07","slug":"jindrich-kulhavy-proc-neni-recena-cela-pravda","status":"publish","type":"post","link":"https:\/\/www.infokuryr.cz\/n\/2023\/08\/28\/jindrich-kulhavy-proc-neni-recena-cela-pravda\/","title":{"rendered":"Jind\u0159ich Kulhav\u00fd: Pro\u010d nen\u00ed \u0159e\u010dena cel\u00e1 pravda?"},"content":{"rendered":"<div id=\"fb-root\"><\/div>\n<p><span class=\"anotation\">O tom, \u017ee \u017eijeme ve sv\u011bt\u011b iluz\u00ed, manipulac\u00ed a l\u017e\u00ed, nen\u00ed pochyb. Jestli\u017ee za socialismu se pl\u00e1ny p\u011btiletek plnily na 104% a byli jsme o tom denn\u011b p\u0159esv\u011bd\u010dov\u00e1ni, p\u0159i\u010dem\u017e to m\u011blo sv\u011bd\u010dit o pracovitosti a uv\u011bdom\u011bn\u00ed ob\u010dan\u016f, nikoliv o podhocen\u00fdch pl\u00e1nech, pak nyn\u00ed se dezinformace zneu\u017e\u00edvaj\u00ed k\u00a0vylhan\u00e9 propagand\u011b podporuj\u00edc\u00ed mocenskou kliku daleko rafinovan\u011bji. Pokrok nelze zastavit.<\/span><\/p>\n<div id=\"pagetext\">\n<p>\u00a0 M\u00e9dii prob\u011bhla zpr\u00e1va, \u017ee kdosi zbil dv\u011b Ukrajinky vyskytuj\u00edc\u00edmi se s\u00a0d\u011btmi na pouti. To zn\u00ed smutn\u011b, p\u0159esto\u017ee u\u017e m\u00e1 plno lid\u00ed Ukrajinc\u016f a jejich chov\u00e1n\u00ed tady pln\u00e9 zuby, ml\u00e1tit \u017eeny nen\u00ed pln\u011b v\u00a0po\u0159\u00e1dku. Novin\u00e1\u0159i spole\u010dn\u011b s\u00a0politiky rozjeli kampa\u0148 a za\u010dala se vytv\u00e1\u0159et legenda o drsn\u00e9m n\u00e1siln\u00edkovi. Jaksi bylo zaml\u010dov\u00e1no, \u017ee doty\u010dn\u00e1 dvojice Ukrajinek byla opil\u00e1 a na spole\u010densk\u00e9 akci m\u011bla do t\u00e9 doby ji\u017e v\u00edce konflikt\u016f, p\u0159i\u010dem\u017e bylo ot\u00e1zkou \u010dasu, kdy jim n\u011bkdo jednu vraz\u00ed. Nakonec se to stalo a ne\u010dekan\u011b se uk\u00e1zalo, \u017ee provokuj\u00edc\u00ed cizinky dostaly p\u00e1r facek pr\u00e1vem. Ono toti\u017e chov\u00e1n\u00ed \u017een n\u011bkdy m\u016f\u017ee d\u00e1vat zapomenout na to, \u010d\u00edm jsou, a to, \u017ee n\u011bjak\u00e1 p\u0159ilet\u00ed, je jen d\u016fsledek vyd\u00e1van\u00e9ho podn\u011btu. Moralist\u00e9, nech\u0165 sklapnou, n\u011bkdy samotn\u00e9 partnerky p\u0159iznaj\u00ed, \u017ee zkou\u0161\u00ed trp\u011blivost partnera a po\u010d\u00edtaj\u00ed s\u00a0t\u00edm, \u017ee jdou za hranu vydr\u017eiteln\u00e9ho. Pra\u0161tit \u017eenu je sice spole\u010densky nep\u0159ijateln\u00e9, ale v\u00a0re\u00e1lu prost\u011b uskute\u010dniteln\u00e9. A to se pravd\u011bpodobn\u011b stalo na pouti, kde do\u0161lo k\u00a0p\u00e1r fack\u00e1m.<\/p>\n<p>Ukrajinsk\u00e1 strana dostala mnoho prostoru k\u00a0vyj\u00e1d\u0159en\u00ed a jedna z ,,po\u0161kozen\u00fdch\u201c \u00a0po n\u011bkolika \u00fadajn\u011b devasta\u010dn\u00edch\u00a0 zran\u011bn\u00edch d\u00e1vala za t\u00fdden n\u011bkolik rozhovor\u016f, p\u0159i\u010dem\u017e m\u011bla tv\u00e1\u0159 modelky. Po d\u00edr\u00e1ch v\u00a0hlav\u011b a zlomenin\u00e1ch ani stopy. Pravd\u011bpodobn\u011b j\u00ed byla poskytnuta nadstandardn\u00ed l\u00e9ka\u0159sk\u00e1 a kosmetick\u00e1 p\u00e9\u010de. \u00dadajn\u00fd n\u00e1siln\u00edk byl sice ,,vyp\u00e1tr\u00e1n\u201c, ale jeho pohled na situaci nikoho nezaj\u00edmal a vyj\u00e1d\u0159it se nemohl, p\u0159i\u010dem\u017e mus\u00ed dop\u0159edu o\u010dek\u00e1vat tvrd\u00e9 zach\u00e1zen\u00ed ze strany proukrajinsk\u00e9 policie a justice. V\u00a0tom sam\u00e9m obdob\u00ed byl propu\u0161t\u011bn jin\u00fd n\u00e1siln\u00edk, ov\u0161em ukrajinsk\u00e9ho p\u016fvodu, kter\u00fd napadl Roma a byl zpro\u0161t\u011bn na\u0159\u010den\u00ed z\u00a0pokusu o vra\u017edu. Zrovna tak se ve stejn\u00e9m \u010dasov\u00e9m \u00faseku st\u0159\u00edlelo v\u00a0Praze p\u0159ed klubem v\u00a0Masn\u00e9. Do\u0161lo k\u00a0post\u0159elen\u00ed jednoho mu\u017ee. Jak v\u00edme, podobn\u00e9 ud\u00e1losti byly u n\u00e1s v\u00fdjime\u010dn\u00e9 do doby, ne\u017e k\u00a0n\u00e1m dorazilo velk\u00e9 mno\u017estv\u00ed Ukrajinc\u016f. Ani v\u00a0p\u0159\u00edpadu st\u0159elby policist\u00e9 a m\u00e9dia nezve\u0159ejnili n\u00e1rodnost st\u0159elce, p\u0159esto\u017ee ho maj\u00ed v\u00a0cele. \u010ce\u0161t\u00ed majitel\u00e9 leg\u00e1ln\u011b dr\u017een\u00fdch zbran\u00ed znaj\u00ed rizika p\u0159i jejich no\u0161en\u00ed \u010di pou\u017eit\u00ed, st\u0159e\u017e\u00ed je jako oko v\u00a0hlav\u011b. St\u0159\u00edlelo se tedy p\u0159ed pra\u017esk\u00fdm klubem z\u00a0na\u010derno vlastn\u011bn\u00e9 zbran\u011b a kdo byl jej\u00ed majitel? Pro\u010d policist\u00e9 ne\u0159eknou, jak\u00e9 n\u00e1rodnosti byl, kdy\u017e to pravd\u011bpodobn\u011b op\u011bt nebyl \u010cech? Pro\u010d je k\u00a0Ukrajinc\u016fm p\u0159istupov\u00e1no jako k\u00a0nedotknuteln\u00fdm a dokonal\u00fdm? Mimochodem, ti dlouho u n\u00e1s \u017eij\u00edc\u00ed se k\u00a0t\u011bm nov\u011b p\u0159\u00edchoz\u00edm moc nehl\u00e1s\u00ed.<\/p>\n<p>Ve \u010dtvrtek do\u0161lo k\u00a0masakru v\u00a0panelov\u00e9m dom\u011b na \u017di\u017ekov\u011b. \u0158\u00edk\u00e1 se mu d\u016fm hr\u016fzy, p\u0159esto\u017ee je pr\u00e1v\u011b rekonstruov\u00e1n p\u0159ed privatizac\u00ed, na kterou m\u00edstn\u00ed \u010dekaj\u00ed od roku 2008. Dlouho \u00fadajn\u011b nebyly pen\u00edze, d\u016fm ch\u00e1tral a obyvatel\u00e9 maj\u00edc\u00ed mor\u00e1ln\u00ed pr\u00e1vo na odkup bytu vym\u00edrali. Do uvoln\u011bn\u00fdch byt\u016f, kter\u00e9 pro\u0161ly p\u0159edb\u011b\u017enou rekonstrukc\u00ed, byli nast\u011bhov\u00e1ni nejd\u0159\u00edve Romov\u00e9 a pozd\u011bji Ukrajinci. Ne, Praha nem\u00e1 nedostatek byt\u016f, mrh\u00e1 li s\u00a0nimi takto. Vnit\u0159ek ch\u00e1traj\u00edc\u00edho panel\u00e1ku se za\u010dal m\u011bnit ve fe\u0165\u00e1ck\u00e9 doup\u011b a po\u0161kozov\u00e1n\u00ed vnit\u0159n\u00edch prostor je zjevn\u00e9. Starousedl\u00edci se br\u00e1nili invazi nep\u0159izp\u016fsobiv\u00fdch spu\u0161t\u011bn\u00e9 radnic\u00ed Prahy 3 a ovl\u00e1dan\u00e9 \u010d\u00e1ste\u010dn\u011b Pir\u00e1ty marn\u011b. A do\u0161lo k\u00a0situaci, kdy p\u0159\u00edbuzn\u00fd zabil jednu \u017eenu a druhou uvedl n\u00e1sil\u00edm do kritick\u00e9ho stavu. Byl pozd\u011bji dopaden, nikde nebylo \u0159e\u010deno, kdo to byl. M\u00edstn\u00ed v\u0161ak tu\u0161\u00ed, \u017ee \u0161lo o cik\u00e1ny nebo op\u011bt Ukrajince. T\u011bch je ostatn\u011b plno v\u0161ude, proto\u017ee z\u00e1rove\u0148 opravuj\u00ed i d\u016fm. Obavy \u010cech\u016f \u017eij\u00edc\u00edm v\u00a0t\u00e9to lokalit\u011b jsou tak opr\u00e1vn\u011bn\u00e9, ale m\u00e9dia o n\u00e1rodnosti pachatele i ob\u011bt\u00ed ml\u010d\u00ed.<\/p>\n<p>P\u016fjdete li se bavit do ve\u010dern\u00ed Prahy, naraz\u00edte na ukrajinskou ml\u00e1de\u017e. Relativn\u011b atraktivn\u00ed d\u00edvky a sle\u010dny by byly je\u0161t\u011b p\u0159ijateln\u00e9, je jich nadm\u00edru a z\u00a0pohledu logiky by jich tu mohlo b\u00fdt skute\u010dn\u011b dost, ov\u0161em protiv\u00e1hou jsou namistrovan\u00ed a agresivn\u00ed mlad\u00edci uprchl\u00ed p\u0159ed vojenskou povinnost\u00ed, ov\u0161em tady vytv\u00e1\u0159ej\u00edc\u00ed pocit, \u017ee jim \u010cesk\u00e1 republika pat\u0159\u00ed. Je obrovsk\u00fd rozd\u00edl mezi t\u011bmi, kte\u0159\u00ed jsou u n\u00e1s dlouho, pracuj\u00ed, t\u0159eba i n\u011bco vybudovali, a t\u011bmi, kte\u0159\u00ed p\u0159i\u0161li v\u00a0posledn\u00edm roce s\u00a0t\u00edm, \u017ee si vezmou na\u0161i zem m\u00edsto t\u00e9, kterou opustili. \u0158ada Ukrajinc\u016f a Ukrajinek se tu chov\u00e1 agresivn\u011b, nedodr\u017euje na\u0161e z\u00e1kony a vyu\u017e\u00edv\u00e1 ve\u0161ker\u00e9 tolerance ze strany policist\u016f, politik\u016f a m\u00e9di\u00ed. Zd\u00e1 se, \u017ee host vyh\u00e1n\u00ed hostinsk\u00e9ho z\u00a0hospody. A ti pitomci ve vl\u00e1d\u011b a sn\u011bmovn\u00e1ch tomu je\u0161t\u011b tleskaj\u00ed. P\u0159\u00ed\u017eivn\u00edci si p\u0159ivedli potencion\u00e1ln\u00ed voli\u010de, ani\u017e by jim do\u0161lo, jak t\u011b\u017eko se lze t\u011bchto parazit\u016f pozd\u011bji zbavit. \u010ce\u0161i u\u017e nikoho nezaj\u00edmaj\u00ed. Sp\u00ed\u0161e jim hroz\u00ed jen postihy, cht\u011bj\u00ed li si br\u00e1nit sv\u00e9.<\/p>\n<p><a href=\"https:\/\/www.inadhled.live\/uvaha-dne\/proc-neni-recena-cela-pravda-\/\">Jind\u0159ich Kulhav\u00fd<\/a><\/p>\n<p><img decoding=\"async\" loading=\"lazy\" class=\"alignnone size-medium wp-image-22653\" src=\"http:\/\/www.infokuryr.cz\/n\/wp-content\/uploads\/2023\/02\/jindra-kulhavy-221x300.jpg\" alt=\"\" width=\"221\" height=\"300\" srcset=\"https:\/\/www.infokuryr.cz\/n\/wp-content\/uploads\/2023\/02\/jindra-kulhavy-221x300.jpg 221w, https:\/\/www.infokuryr.cz\/n\/wp-content\/uploads\/2023\/02\/jindra-kulhavy.jpg 311w\" sizes=\"(max-width: 221px) 100vw, 221px\" \/><\/p>\n<\/div>\n<p>&nbsp;<\/p>\n<p>&nbsp;<\/p>\n<p><img decoding=\"async\" loading=\"lazy\" class=\"wp-image-33819 aligncenter\" src=\"http:\/\/www.infokuryr.cz\/n\/wp-content\/uploads\/2023\/08\/ces1-300x157.jpg\" alt=\"\" width=\"1366\" height=\"715\" srcset=\"https:\/\/www.infokuryr.cz\/n\/wp-content\/uploads\/2023\/08\/ces1-300x157.jpg 300w, https:\/\/www.infokuryr.cz\/n\/wp-content\/uploads\/2023\/08\/ces1-1024x536.jpg 1024w, https:\/\/www.infokuryr.cz\/n\/wp-content\/uploads\/2023\/08\/ces1-768x402.jpg 768w, https:\/\/www.infokuryr.cz\/n\/wp-content\/uploads\/2023\/08\/ces1.jpg 1200w\" sizes=\"(max-width: 1366px) 100vw, 1366px\" \/><\/p>\n<p>&nbsp;<\/p>\n<p><a href=\"https:\/\/stranapro.cz\/\"><img decoding=\"async\" loading=\"lazy\" class=\"wp-image-30218 aligncenter\" src=\"http:\/\/www.infokuryr.cz\/n\/wp-content\/uploads\/2023\/06\/PRO-banner-300x36.png\" alt=\"\" width=\"1367\" height=\"164\" srcset=\"https:\/\/www.infokuryr.cz\/n\/wp-content\/uploads\/2023\/06\/PRO-banner-300x36.png 300w, https:\/\/www.infokuryr.cz\/n\/wp-content\/uploads\/2023\/06\/PRO-banner-768x93.png 768w, https:\/\/www.infokuryr.cz\/n\/wp-content\/uploads\/2023\/06\/PRO-banner.png 849w\" sizes=\"(max-width: 1367px) 100vw, 1367px\" \/><\/a><\/p>\n<p>&nbsp;<\/p>\n<p>&nbsp;<\/p>\n<p>&nbsp;<\/p>\n","protected":false},"excerpt":{"rendered":"<p>O tom, \u017ee \u017eijeme ve sv\u011bt\u011b iluz\u00ed, manipulac\u00ed a l\u017e\u00ed, nen\u00ed pochyb. Jestli\u017ee za socialismu&#8230;<\/p>\n","protected":false},"author":2,"featured_media":34931,"comment_status":"closed","ping_status":"closed","sticky":false,"template":"","format":"standard","meta":[],"categories":[6],"tags":[28,33,851,5318,5756,5758],"_links":{"self":[{"href":"https:\/\/www.infokuryr.cz\/n\/wp-json\/wp\/v2\/posts\/34930"}],"collection":[{"href":"https:\/\/www.infokuryr.cz\/n\/wp-json\/wp\/v2\/posts"}],"about":[{"href":"https:\/\/www.infokuryr.cz\/n\/wp-json\/wp\/v2\/types\/post"}],"author":[{"embeddable":true,"href":"https:\/\/www.infokuryr.cz\/n\/wp-json\/wp\/v2\/users\/2"}],"replies":[{"embeddable":true,"href":"https:\/\/www.infokuryr.cz\/n\/wp-json\/wp\/v2\/comments?post=34930"}],"version-history":[{"count":1,"href":"https:\/\/www.infokuryr.cz\/n\/wp-json\/wp\/v2\/posts\/34930\/revisions"}],"predecessor-version":[{"id":34932,"href":"https:\/\/www.infokuryr.cz\/n\/wp-json\/wp\/v2\/posts\/34930\/revisions\/34932"}],"wp:featuredmedia":[{"embeddable":true,"href":"https:\/\/www.infokuryr.cz\/n\/wp-json\/wp\/v2\/media\/34931"}],"wp:attachment":[{"href":"https:\/\/www.infokuryr.cz\/n\/wp-json\/wp\/v2\/media?parent=34930"}],"wp:term":[{"taxonomy":"category","embeddable":true,"href":"https:\/\/www.infokuryr.cz\/n\/wp-json\/wp\/v2\/categories?post=34930"},{"taxonomy":"post_tag","embeddable":true,"href":"https:\/\/www.infokuryr.cz\/n\/wp-json\/wp\/v2\/tags?post=34930"}],"curies":[{"name":"wp","href":"https:\/\/api.w.org\/{rel}","templated":true}]}}