{"id":34922,"date":"2023-08-28T01:01:53","date_gmt":"2023-08-27T23:01:53","guid":{"rendered":"http:\/\/www.infokuryr.cz\/n\/?p=34922"},"modified":"2023-08-27T17:09:08","modified_gmt":"2023-08-27T15:09:08","slug":"pani-soudkyne-je-nejdriv-soudce-lync-a-pak-teprve-rozsudek-agresivita-narusta-a-kdo-nese-vinu-zmasakrovana-patnactileta-ukrajincem","status":"publish","type":"post","link":"https:\/\/www.infokuryr.cz\/n\/2023\/08\/28\/pani-soudkyne-je-nejdriv-soudce-lync-a-pak-teprve-rozsudek-agresivita-narusta-a-kdo-nese-vinu-zmasakrovana-patnactileta-ukrajincem\/","title":{"rendered":"Pan\u00ed soudkyn\u011b, je nejd\u0159\u00edv soudce Lyn\u010d a pak teprve rozsudek? Agresivita nar\u016fst\u00e1 a kdo nese vinu? Zmasakrovan\u00e1 patn\u00e1ctilet\u00e1 Ukrajincem&#8230;"},"content":{"rendered":"<div id=\"fb-root\"><\/div>\n<div class=\"introtext\">\n<p><span style=\"font-size: 18pt;\"><strong>Bl\u00ed\u017e\u00ed se 16. z\u00e1\u0159\u00ed, lid\u00e9 zu\u0159\u00ed a \u00fatoky nadlid\u00ed na oby\u010dejn\u00e9 ob\u010dany se stup\u0148uj\u00ed. A kdo nese vinu?<\/strong><\/span><\/p>\n<\/div>\n<div class=\"fulltext\">\n<p>Vl\u00e1da si vesele p\u0159id\u00e1v\u00e1 na mzd\u00e1ch, stejn\u011b tak justice si u\u017e\u00edv\u00e1 vysok\u00fdch plat\u016f, ale d\u016fchodc\u016fm doporu\u010duje potravinov\u00e9 banky a \u017eebrotu na soci\u00e1lk\u00e1ch.<\/p>\n<div class=\"info_box cela_sirka jpalert\">\n<div class=\"explanationContent\"><strong>V\u0161imli jste si, jak \u00fadajn\u00e1 facka \u010di p\u011bst pan\u00ed Ukrajince tot\u00e1ln\u011b p\u0159ekryla zmasakrov\u00e1n\u00ed hol\u010di\u010dky Ukrajincem<\/strong>\u00a0a nikde se o tom zv\u011brstvu, v\u010detn\u011b roz\u0161lapan\u00e9 v Praze Hostiva\u0159, nemluv\u00ed? A tento \u010dlov\u011bk m\u00e1 dostat za r\u00e1nu p\u011bst\u00ed p\u011bt let? Nebylo to prav\u00fdm z\u00e1m\u011brem zamaskovat zv\u011brstva na \u010desk\u00fdch \u017een\u00e1ch? Odklonit?\u00a0<strong>O tomto b\u011bsn\u00edc\u00ed elektrik\u00e1\u0159 na mate\u0159sk\u00e9 gay Manipul\u00e1tor Cemper ml\u010d\u00ed, ale zda dostala Ukrajinka facku!<\/strong>\u00a0Mo\u017en\u00e1 p\u011bst\u00ed. Pro\u010d?\u00a0<strong>Nikdo nev\u00ed, ale pachatel je bez soudu m\u00e9dii odsouzen!<\/strong><\/p>\n<h3 class=\"LC20lb MBeuO DKV0Md\"><a href=\"https:\/\/www.google.com\/url?sa=t&amp;rct=j&amp;q=&amp;esrc=s&amp;source=web&amp;cd=&amp;cad=rja&amp;uact=8&amp;ved=2ahUKEwjD4_DiovyAAxXxgf0HHTREDzQQFnoECBIQAQ&amp;url=https%3A%2F%2Fwww.krimi-plzen.cz%2Fa%2Fznasilneni-2023-08-09-111657%2F&amp;usg=AOvVaw1-C-5ZpNt89xWuSy4O774k&amp;opi=89978449\" target=\"_blank\" rel=\"noopener\" data-jsarwt=\"1\" data-usg=\"AOvVaw1-C-5ZpNt89xWuSy4O774k\" data-ved=\"2ahUKEwjD4_DiovyAAxXxgf0HHTREDzQQFnoECBIQAQ\" data-ctbtn=\"2\" data-cthref=\"\/url?sa=t&amp;rct=j&amp;q=&amp;esrc=s&amp;source=web&amp;cd=&amp;cad=rja&amp;uact=8&amp;ved=2ahUKEwjD4_DiovyAAxXxgf0HHTREDzQQFnoECBIQAQ&amp;url=https%3A%2F%2Fwww.krimi-plzen.cz%2Fa%2Fznasilneni-2023-08-09-111657%2F&amp;usg=AOvVaw1-C-5ZpNt89xWuSy4O774k&amp;opi=89978449\" data-jrwt=\"1\">Brut\u00e1ln\u00ed zn\u00e1siln\u011bn\u00ed teprve patn\u00e1ctilet\u00e9 d\u00edvky v Plzni Lobz\u00edch<\/a><\/h3>\n<p><strong><span style=\"color: #ff0000;\">Mlad\u00fd Ukrajinec d\u00edvku sv\u00e1zal, zn\u00e1silnil, pobodal a pot\u00e9 hodil ze sr\u00e1zu.\u00a0<\/span><i><span style=\"color: #ff0000;\">\u00a0 \u00a0 \u00a0Ve st\u0159edu r\u00e1no jsme obdr\u017eeli tak d\u011bsivou zpr\u00e1vu, \u017ee jsme j\u00ed v prvn\u00ed chv\u00edli nev\u011b\u0159ili a pova\u017eovali jsme ji za v\u00fdplod n\u011b\u010d\u00ed \u00fachyln\u00e9 fantazie. N\u00e1\u0161 zdroj n\u00e1m uvedl, \u017ee v Plzni Lobz\u00edch mlad\u00fd Ukrajinec\u00a0brut\u00e1ln\u011b zn\u00e1silnil, pobodal a pot\u00e9 je\u0161t\u011b polil n\u011bjakou kapalinou, z\u0159ejm\u011b benz\u00ednem, teprve patn\u00e1ctiletou d\u00edvku.<\/span><\/p>\n<p><\/i><\/strong><strong><i>Bohu\u017eel, mluv\u010d\u00ed policie n\u00e1m ud\u00e1lost p\u0159edb\u011b\u017en\u011b potvrdila<\/i>&#8230;<\/strong>\u00a0A ticho po p\u011b\u0161in\u011b, pan\u00ed soudkyn\u011b!<\/p>\n<p>St\u00e1le sly\u0161\u00edme &#8222;p\u0159edsude\u010dn\u00e1 nen\u00e1vist&#8220; a zaplavilo to v\u0161echna masm\u00e9dia. Masakry na\u0161ich \u017een je jen takov\u00e1 banalita.<strong>\u00a0<span style=\"color: #ff0000;\">Dokonce vl\u00e1dn\u00ed \u0160im\u00e1\u010dkov\u00e1, ani\u017e v\u00ed, co se stalo, vyslov\u00ed:\u00a0<\/span><\/strong><span class=\"atm-text-decorator\"><span style=\"color: #ff0000;\"><strong>Mysl\u00edm si, \u017ee jde o\u00a0naprosto ohavn\u00fd precedent.<\/strong><\/span> Je opravdu pot\u0159eba tento akt ozna\u010dit za \u00fatok z\u00a0nen\u00e1visti! Tak\u017ee \u0160im\u00e1\u010dkov\u00e1 je v\u00edc, ne\u017e justice? \u0160\u00edlen\u00e9!<\/span><\/p>\n<\/div>\n<\/div>\n<table>\n<tbody>\n<tr>\n<td>O co jde? N\u00e1sil\u00ed je zlo a mus\u00ed se trestat. Jenom\u017ee pan\u00ed soudkyn\u011b (novin\u00e1\u0159i a n\u011bjak\u00fd zdroj dal\u0161\u00ed) u\u017e v\u011bd\u00ed p\u0159esnou sazbu pro \u0161eredn\u011b zml\u00e1cenou \u017eenu s otev\u0159en\u00fdmi zlomeninami a v t\u011b\u017ek\u00e9m stavu, kter\u00e1 za deset dn\u00ed mluv\u00ed jak kdyby se j\u00ed nikdo nedotkl a kam zmizely otev\u0159en\u00e9 zlomenity a vyvr\u00e1cen\u00e1, zl\u00e1man\u00e1 sanice jen B\u016fh v\u00ed, ale kdy\u017e vrah Roma je propu\u0161t\u011bn na svobodu a zde je posl\u00e1n do v\u011bzen\u00ed n\u011bkdo doposud naprosto kriminalitou nepol\u00edben&#8230;<\/td>\n<\/tr>\n<\/tbody>\n<\/table>\n<p>U\u017e nejsem nejmlad\u0161\u00ed, pan\u00ed soudkyn\u011b, nejsem pr\u00e1vn\u00edk, ale s citem pro pr\u00e1vo v\u00edm, \u017ee i za bol\u0161evika platilo, \u017ee policie vy\u0161et\u0159ovala, pak dala obvin\u011bn\u00ed a soudce musel konat dle z\u00e1kona. Nikdy to nefungovalo tak (mo\u017en\u00e1 v \u0161\u00edlen\u00fdch pades\u00e1t\u00fdch l\u00e9tech \u00daV KS\u010c), \u017ee soudce Lyn\u010d vyhnal dav k lyn\u010dov\u00e1n\u00ed a pak za\u010daly soudy soudit.<\/p>\n<h2>\u00a0Zde d\u016fkaz!<\/h2>\n<p><img decoding=\"async\" class=\"aligncenter\" src=\"https:\/\/www.skrytapravda.cz\/images\/blogy\/805\/2023\/8srpen\/Sn%C3%ADmek_obrazovky_8436_b340c.webp\" alt=\"Sn\u00edmek obrazovky 8436 b340c\" \/><\/p>\n<p>T\u00edm jsou my\u0161leny v\u00fdroky v masm\u00e9di\u00edch, kdy vybi\u010dovali redakto\u0159i trolly a Elfy k tot\u00e1ln\u00ed nen\u00e1vist\u00ed, kte\u0159\u00ed zaplavili soci\u00e1ln\u00ed s\u00edt\u011b o \u010desk\u00e9 p\u0159edsude\u010dn\u00e9 nen\u00e1visti a zavra\u017ed\u011bn\u00fd Rom, \u010di zmasakrovan\u00e9 \u017eeny u\u017e nikdo ne\u0159e\u0161\u00ed.<\/p>\n<h1>P\u011bt let za r\u00e1nu p\u011bst\u00ed Ukrajince? Jenom? Dejte mu do\u017eivot\u00ed&#8230;<\/h1>\n<p>Nav\u00edc, je v\u00e1\u017en\u011b norm\u00e1ln\u00ed, aby OTEV\u0158EN\u00c1 ZLOMENINA SANICE A NOSU, nav\u00edc tak \u0161\u00edlen\u011b, \u017ee ztratila v\u011bdom\u00ed, m\u016f\u017ee b\u00fdt vyl\u00e9\u010dena za n\u011bkolik dn\u00ed, \u017ee mluv\u00ed kr\u00e1sn\u011b a nen\u00ed nic vid\u011bt a d\u00e1 do rukou troll\u016f a Elf\u016f mo\u017enost k \u0161\u00edlen\u00e9 nen\u00e1visti v\u010detn\u011b extremistick\u00fdch web\u016f typu elektrik\u00e1\u0159e na mate\u0159sk\u00e9 Manipul\u00e1tora Cempera?<\/p>\n<p><strong>Nikdo z n\u00e1s nev\u00ed, co se stalo. Zda se jenom pomstil p\u011bst\u00ed za zmasakrovanou d\u00edvku, \u010di zda dokonce nebyl vyprovokov\u00e1n,<\/strong>\u00a0kdy\u017e dodnes nebyl V\u016eBEC trest\u00e1n? Tak\u017ee slu\u0161n\u00fd ob\u010dan, kter\u00fd se cel\u00fd \u017eivot chov\u00e1 slu\u0161n\u011b, dostane p\u011bt let dle agresivn\u00edch st\u00e1tn\u00edch z\u00e1stupc\u016f, \u010di \u0161\u00edlen\u00fdch novin\u00e1\u0159\u016f? V\u00e1\u017en\u011b nem\u00e1me pochybovat o spravedlnosti, kdy\u017e nikdo nic nev\u00ed, ale mainstream j\u00e1s\u00e1, \u017ee vrah Ukrajinec Roma je na svobod\u011b a za r\u00e1nu (\u00fadajnou) p\u011bst\u00ed m\u00e1 sed\u011bt n\u011bjak\u00fd mu\u017e &#8211; \u010cech &#8211; p\u011bt let?<\/p>\n<div class=\"info_box cela_sirka jpalert\">\n<div class=\"explanationContent\">A tak\u00e9 u\u017e je nov\u00e1 verze, potvrzen\u00e1 z v\u00edce m\u00edst, \u017ee byla s d\u011btmi opil\u00e1, jak z\u00e1kon k\u00e1\u017ee a to soci\u00e1lka ne\u0159e\u0161ila. Zden\u011bk balil d\u011btsk\u00fd vl\u00e1\u010dek, kter\u00fd se slo\u017e\u00ed a pak se nakl\u00e1d\u00e1 na voz\u00edk. Vzal auto a jel pro n\u011bj. Na voz\u00edku ale sed\u011bly Ukrajinky, byly opil\u00e9 a odm\u00edtaly vst\u00e1t a odej\u00edt. M\u011bly v\u00edc konflikt\u016f na pouti, ani na ostatn\u00ed atrakce je u\u017e nikdo z koleg\u016f necht\u011bl pou\u0161t\u011bt. M\u00edsto aby vstaly a on mohl vlek zap\u0159\u00e1hnout, tak za\u010daly nad\u00e1vat. Jak to dopadlo, nech\u00e1peme, Zden\u011bk nikdy nebyl n\u011bjak\u00fd n\u00e1siln\u00edk \u010di \u00fato\u010dn\u00edk, v\u017edycky v\u011bci naopak uklid\u0148oval,\u201c l\u00ed\u010d\u00ed pro iDnes.cz p\u0159\u00edbuzn\u00fd V\u00e1clav B., majitel lunaparku Eden, kter\u00fd m\u011bl tak\u00e9 na pouti v Plas\u00edch atrakce.S pou\u0165ov\u00fdmi atrakcemi jezd\u00ed Zden\u011bk H. u\u017e dvacet let nap\u0159\u00edklad do Bochova na Karlovarsku, kde s n\u00edm smlouvu o pron\u00e1jmu pozemk\u016f pro atrakce v\u017edy podepisoval zdej\u0161\u00ed\u00a0<strong>starosta Miroslav Egert. \u201eV\u017edycky to bylo naprosto bez probl\u00e9m\u016f, nikdy na m\u011b nep\u016fsobil jako n\u011bjak\u00fd n\u00e1siln\u00edk.<\/strong>\u00a0Provozov\u00e1n\u00ed atrakc\u00ed je pro n\u011b rodinn\u00e1 tradice, firmu zd\u011bdil p\u0159ed t\u0159emi \u010dty\u0159mi lety po otci a za\u010dal vystupovat s\u00e1m za sebe. J\u00e1 o n\u011bm nemohu \u0159\u00edct nic \u0161patn\u00e9ho,\u201c uvedl starosta. Ani na pouti v Litohlavech, kterou provozuj\u00ed zdej\u0161\u00ed sportovci na sv\u00e9m h\u0159i\u0161ti a okoln\u00edch pozemc\u00edch a rodina H. sem jezd\u00ed des\u00edtky let, nebyl nikdy \u017e\u00e1dn\u00fd probl\u00e9m. \u201eZden\u011bk sem jezd\u00ed roky, je mi jasn\u00e9, \u017ee mezi lidmi je v\u016f\u010di Ukrajinc\u016fm nevra\u017eivost, proto\u017ee na n\u011b \u010dasto ukazuj\u00ed jako na ty, kdo dost\u00e1vaj\u00ed od st\u00e1tu d\u00e1vky,\u00a0<strong>ale na Zde\u0148ka nem\u016f\u017eu \u0159\u00edct k\u0159iv\u00e9 slovo. Prost\u011b nem\u016f\u017eu. A nikdy tu nebyl \u017e\u00e1dn\u00fd konflikt,\u201c popisuje p\u0159edseda TJ Litohlavy Karel Nekut. \u201eByli tu i letos. Nikdy jsme s nimi \u017e\u00e1dn\u00e9 probl\u00e9my nem\u011bli,\u201c dopl\u0148uje m\u00edstn\u00ed starosta Milan Pre\u0165o.<\/strong><\/p>\n<\/div>\n<\/div>\n<p>T\u011b\u017eko \u0159\u00edct, zda fantastick\u00e1 diagn\u00f3za masakru hlavy a otev\u0159en\u00fdch zlomenin l\u00edcn\u00edch kost\u00ed uzdravilo &#8222;humidov\u00e1n\u00ed \u010di temperov\u00e1n\u00ed&#8220; ze seri\u00e1lu N\u00e1v\u0161t\u011bvn\u00edci o centr\u00e1ln\u00edm mozku lidstva, ale \u017ee tomu z\u00e1zraku skoro nikdo nev\u011b\u0159\u00ed a naopak lid\u00e9 sklo\u0148uj\u00ed jako odklo\u0148ov\u00e1n\u00ed masakru hol\u010di\u010dky a vra\u017edy v Brn\u011b p\u0159ehlu\u0161en\u00edm lze nal\u00e9zt v\u0161ude na soci\u00e1ln\u00edch s\u00edt\u00edch.<\/p>\n<p><img decoding=\"async\" loading=\"lazy\" class=\"aligncenter\" src=\"https:\/\/www.skrytapravda.cz\/images\/blogy\/805\/2023\/svoboda\/Sn%C3%ADmek_obrazovky_8445_847d4.webp\" alt=\"Sn\u00edmek obrazovky 8445 847d4\" width=\"974\" height=\"755\" \/><\/p>\n<p><span style=\"font-size: 18pt;\"><strong>Facka, \u010di r\u00e1na p\u011bst\u00ed nem\u016f\u017ee p\u0159ekr\u00fdt masakry \u010desk\u00fdch hol\u010di\u010dek a \u017een. A o tom p\u00ed\u0161eme, o tom se mluv\u00ed.<\/strong>\u00a0A z\u00e1zra\u010dn\u00e9 vyl\u00e9\u010den\u00ed pan\u00ed Ukrajinky je u\u017e jen t\u0159e\u0161ni\u010dka na dortu. Snad p\u0159esn\u00e9 d\u016fkazy zve\u0159ejn\u00ed obh\u00e1jce obvin\u011bn\u00e9ho a my pozn\u00e1me pravdu.\u00a0<strong>Co kdy\u017e to bylo \u00fapln\u011b jinak a dnes se to n\u00e1ramn\u011b hod\u00ed?<\/strong><\/span><\/p>\n<p>Ne, j\u00e1 pochybnosti m\u00e1m a odm\u00edt\u00e1m, aby z m\u00fdch dan\u00ed po p\u00e1r l\u00e9tech se platily n\u00e1hrady za nespravedliv\u00e9 st\u00edh\u00e1n\u00ed jako pan\u00ed Parkanov\u00e9. To m\u00e1 platit st\u00e1tn\u00ed z\u00e1stupce a soudce ze sv\u00e9 mzdy. Jedin\u011b tak se vr\u00e1t\u00ed pr\u00e1vo do na\u0161\u00ed zem\u011b.<\/p>\n<p><span style=\"color: #ff0000;\"><strong>A je\u0161t\u011b jednou na z\u00e1v\u011br, pan\u00ed soudkyn\u011b:<\/strong><\/span> nen\u00ed to o obhajob\u011b n\u00e1sil\u00ed na ukrajinsk\u00fdch \u017een\u00e1ch, naopak, ale o m\u00ed\u0159e pan\u00ed La Justicia, kdy v\u00e1hy nev\u00e1\u017e\u00ed.\u00a0<span style=\"color: #ff0000;\"><strong>Zaml\u017eit masakry \u010desk\u00fdch \u017een a odklonit je jednou \u010di n\u011bkolika ranami p\u011bst\u00ed,<\/strong><\/span>\u00a0kdy dnes u\u017e nikdo o nich ani ne\u0161t\u011bkne, proto\u017ee jste to \u00famysln\u011b p\u0159ehlu\u0161ili, je dle mn\u011b, nepr\u00e1vn\u00edka, nehor\u00e1znost a odporn\u00e9. Nezpochyb\u0148ujeme \u00fadajn\u00e9 napadan\u00ed, proto\u017ee nic nev\u00edme a vy ml\u010d\u00edte o prapodivn\u00e9 verzi Ukrajinek, ale masmedi\u00e1ln\u00ed hnus!<\/p>\n<p><span style=\"color: #ff0000;\"><strong><span style=\"font-size: 18pt;\">Nyn\u00ed se snad ledy hnuly a m\u00e9dia dala kone\u010dn\u011b prostor i druh\u00e9 stran\u011b!<\/span><\/strong><\/span><\/p>\n<p>Pravda v\u00edt\u011bz\u00ed, i kdy\u017e mnohdy se zpo\u017ed\u011bn\u00edm. Snad si nakonec pravda a spravedlnost spole\u010dnou cestu najde!<\/p>\n<p><a href=\"https:\/\/www.skrytapravda.cz\/z-domova\/1412-pani-soudkyne-je-nejdriv-soudce-lync-a-pak-teprve-rozsudek-agresivita-narusta-a-kdo-nese-vinu-zmasakrovana-patnactileta-ukrajincem\">Petr Pokorn\u00fd<\/a><\/p>\n<\/div>\n<p>&nbsp;<\/p>\n<p><img decoding=\"async\" loading=\"lazy\" class=\"wp-image-33819 aligncenter\" src=\"http:\/\/www.infokuryr.cz\/n\/wp-content\/uploads\/2023\/08\/ces1-300x157.jpg\" alt=\"\" width=\"1376\" height=\"720\" srcset=\"https:\/\/www.infokuryr.cz\/n\/wp-content\/uploads\/2023\/08\/ces1-300x157.jpg 300w, https:\/\/www.infokuryr.cz\/n\/wp-content\/uploads\/2023\/08\/ces1-1024x536.jpg 1024w, https:\/\/www.infokuryr.cz\/n\/wp-content\/uploads\/2023\/08\/ces1-768x402.jpg 768w, https:\/\/www.infokuryr.cz\/n\/wp-content\/uploads\/2023\/08\/ces1.jpg 1200w\" sizes=\"(max-width: 1376px) 100vw, 1376px\" \/><\/p>\n<p>&nbsp;<\/p>\n<p><a href=\"https:\/\/stranapro.cz\/\"><img decoding=\"async\" loading=\"lazy\" class=\"wp-image-30218 aligncenter\" src=\"http:\/\/www.infokuryr.cz\/n\/wp-content\/uploads\/2023\/06\/PRO-banner-300x36.png\" alt=\"\" width=\"1375\" height=\"165\" srcset=\"https:\/\/www.infokuryr.cz\/n\/wp-content\/uploads\/2023\/06\/PRO-banner-300x36.png 300w, https:\/\/www.infokuryr.cz\/n\/wp-content\/uploads\/2023\/06\/PRO-banner-768x93.png 768w, https:\/\/www.infokuryr.cz\/n\/wp-content\/uploads\/2023\/06\/PRO-banner.png 849w\" sizes=\"(max-width: 1375px) 100vw, 1375px\" \/><\/a><\/p>\n<p>&nbsp;<\/p>\n<p>&nbsp;<\/p>\n<p>&nbsp;<\/p>\n","protected":false},"excerpt":{"rendered":"<p>Bl\u00ed\u017e\u00ed se 16. z\u00e1\u0159\u00ed, lid\u00e9 zu\u0159\u00ed a \u00fatoky nadlid\u00ed na oby\u010dejn\u00e9 ob\u010dany se stup\u0148uj\u00ed. A&#8230;<\/p>\n","protected":false},"author":2,"featured_media":34923,"comment_status":"closed","ping_status":"closed","sticky":false,"template":"","format":"standard","meta":[],"categories":[6],"tags":[369,239,5318,5756,3125],"_links":{"self":[{"href":"https:\/\/www.infokuryr.cz\/n\/wp-json\/wp\/v2\/posts\/34922"}],"collection":[{"href":"https:\/\/www.infokuryr.cz\/n\/wp-json\/wp\/v2\/posts"}],"about":[{"href":"https:\/\/www.infokuryr.cz\/n\/wp-json\/wp\/v2\/types\/post"}],"author":[{"embeddable":true,"href":"https:\/\/www.infokuryr.cz\/n\/wp-json\/wp\/v2\/users\/2"}],"replies":[{"embeddable":true,"href":"https:\/\/www.infokuryr.cz\/n\/wp-json\/wp\/v2\/comments?post=34922"}],"version-history":[{"count":1,"href":"https:\/\/www.infokuryr.cz\/n\/wp-json\/wp\/v2\/posts\/34922\/revisions"}],"predecessor-version":[{"id":34924,"href":"https:\/\/www.infokuryr.cz\/n\/wp-json\/wp\/v2\/posts\/34922\/revisions\/34924"}],"wp:featuredmedia":[{"embeddable":true,"href":"https:\/\/www.infokuryr.cz\/n\/wp-json\/wp\/v2\/media\/34923"}],"wp:attachment":[{"href":"https:\/\/www.infokuryr.cz\/n\/wp-json\/wp\/v2\/media?parent=34922"}],"wp:term":[{"taxonomy":"category","embeddable":true,"href":"https:\/\/www.infokuryr.cz\/n\/wp-json\/wp\/v2\/categories?post=34922"},{"taxonomy":"post_tag","embeddable":true,"href":"https:\/\/www.infokuryr.cz\/n\/wp-json\/wp\/v2\/tags?post=34922"}],"curies":[{"name":"wp","href":"https:\/\/api.w.org\/{rel}","templated":true}]}}