{"id":34876,"date":"2023-08-28T00:59:15","date_gmt":"2023-08-27T22:59:15","guid":{"rendered":"http:\/\/www.infokuryr.cz\/n\/?p=34876"},"modified":"2023-08-27T14:44:37","modified_gmt":"2023-08-27T12:44:37","slug":"thomas-roper-je-ukrajina-na-konci-sve-vojenske-sily","status":"publish","type":"post","link":"https:\/\/www.infokuryr.cz\/n\/2023\/08\/28\/thomas-roper-je-ukrajina-na-konci-sve-vojenske-sily\/","title":{"rendered":"Thomas R\u00f6per: Je Ukrajina na konci sv\u00e9 vojensk\u00e9 s\u00edly?"},"content":{"rendered":"<div id=\"fb-root\"><\/div>\n<p><span style=\"font-size: 18pt;\"><strong>V posledn\u00edch dnech se mno\u017e\u00ed zpr\u00e1vy, \u017ee Ukrajina je na konci sv\u00e9 vojensk\u00e9 s\u00edly.\u00a0Co to znamen\u00e1 pro z\u00e1padn\u00ed pl\u00e1ny?<\/strong><\/span><\/p>\n<p><span>St\u00e1le hl\u00e1s\u00edm, \u017ee se mno\u017e\u00ed zn\u00e1mky toho, \u017ee\u00a0se zav\u00e1d\u00ed\u00a0<\/span><a href=\"https:\/\/www.anti-spiegel.ru\/2023\/teil-1-suchen-die-usa-eine-exit-strategie-aus-dem-ukraine-krieg\/\" target=\"_blank\" rel=\"noreferrer noopener\"><span>lednov\u00fd pap\u00edr RAND .\u00a0<\/span><\/a><span>V dokumentu spole\u010dnost RAND Corporation doporu\u010dila, aby vl\u00e1da USA hledala cestu z ukrajinsk\u00e9ho dobrodru\u017estv\u00ed, proto\u017ee c\u00edle, kter\u00e9 USA na Ukrajin\u011b sleduj\u00ed (ekonomick\u00e9 rozbit\u00ed Ruska, mezin\u00e1rodn\u00ed izolace Ruska a v\u00fdrazn\u00e9 oslaben\u00ed rusk\u00e9 arm\u00e1dy), nebyly dosa\u017eeny. .<\/span><\/p>\n<p><span>M\u00edsto toho musely USA podpo\u0159it Ukrajinu v\u00edce ne\u017e 100 miliardami dolar\u016f a konec je v nedohlednu, zat\u00edmco USA z konfliktu nemaj\u00ed co z\u00edskat, proto\u017ee \u2013 podle RAND \u2013 kde jsou hranice Ukrajiny, je pro USA irelevantn\u00ed a ne stoj\u00ed za to obrovsk\u00e9 n\u00e1klady.\u00a0O tomto pap\u00edru a zn\u00e1mk\u00e1ch toho, \u017ee se zd\u00e1 b\u00fdt implementov\u00e1n,\u00a0jsem informoval\u00a0<\/span><a href=\"https:\/\/www.anti-spiegel.ru\/2023\/erste-anzeichen-dafuer-dass-die-usa-eine-exit-strategie-aus-dem-ukraine-krieg-suchen\/\" target=\"_blank\" rel=\"noreferrer noopener\"><span>od \u00fanora , m\u016fj\u00a0<\/span><\/a><a href=\"https:\/\/www.anti-spiegel.ru\/2023\/der-letzte-versuch-des-westens-eine-bessere-verhandlungsposition-zu-erreichen\/\" target=\"_blank\" rel=\"noreferrer noopener\"><span>posledn\u00ed \u010dl\u00e1nek<\/span><\/a><span>\u00a0o n\u011bm byl publikov\u00e1n 4. srpna.<\/span><\/p>\n<h3><span style=\"font-size: 18pt;\">Ukrajina na konci sv\u00fdch sil?<\/span><\/h3>\n<p><span>Zd\u00e1 se, \u017ee Z\u00e1pad veden\u00fd USA se dost\u00e1v\u00e1 pod tlak, aby na\u0161el vyjednan\u00e9 \u0159e\u0161en\u00ed s Ruskem rychleji, ne\u017e se o\u010dek\u00e1valo.\u00a0<\/span><a href=\"https:\/\/www.anti-spiegel.ru\/2023\/wie-stehen-die-chancen-auf-eine-verhandlungsloesung-im-ukraine-konflikt\/\" target=\"_blank\" rel=\"noreferrer noopener\"><span>20. srpna<\/span><\/a><span>\u00a0jsem informoval o pot\u00ed\u017e\u00edch, kter\u00fdm podle v\u0161eho \u010del\u00ed Z\u00e1pad veden\u00fd USA v souvislosti s ot\u00e1zkou mo\u017en\u00fdch jedn\u00e1n\u00ed s Ruskem\u00a0.<\/span><\/p>\n<p><span>Probl\u00e9m je, \u017ee Ukrajina se zd\u00e1 b\u00fdt na konci sv\u00fdch vojensk\u00fdch sil, proto\u017ee ne\u00fasp\u011b\u0161n\u00e1 protiofenz\u00edva st\u00e1la des\u00edtky tis\u00edc ukrajinsk\u00fdch voj\u00e1k\u016f a velkou \u010d\u00e1st zbran\u00ed dodan\u00fdch ze Z\u00e1padu.\u00a0P\u0159inejmen\u0161\u00edm zpr\u00e1vy z posledn\u00edch dn\u00ed nazna\u010duj\u00ed, \u017ee Ukrajin\u011b u\u017e t\u00e9m\u011b\u0159 nezb\u00fdvaj\u00ed s\u00edly.<\/span><\/p>\n<h3><span style=\"font-size: 18pt;\">Ofenzivn\u00ed nebo defenzivn\u00ed?<\/span><\/h3>\n<p><span>Hlavn\u00ed tah ukrajinsk\u00e9 ofenz\u00edvy m\u011bl b\u00fdt v Z\u00e1poro\u017esk\u00e9 oblasti, proto\u017ee Ukrajina doufala, \u017ee tam postoup\u00ed na Krym, co\u017e by tak\u00e9 p\u0159eru\u0161ilo dod\u00e1vky pro rusk\u00e9 s\u00edly v Chersonsk\u00e9 oblasti.\u00a0Pak, v nad\u011bji na Z\u00e1pad\u011b, bylo mo\u017en\u00e9 v\u00e9st jedn\u00e1n\u00ed s Ruskem z pozice s\u00edly a po\u017eadovat od Moskvy dalekos\u00e1hl\u00e9 \u00fastupky.<\/span><\/p>\n<p><span>Jak zn\u00e1mo, v\u011bci dopadly jinak a ukrajinsk\u00e1 ofenz\u00edva se zm\u011bnila ve fiasko, jeho\u017e cel\u00fd rozsah ji\u017e nelze utajit.<\/span><\/p>\n<p><a href=\"https:\/\/www.anti-spiegel.ru\/2023\/selensky-hat-zugegeben-dass-er-staedte-im-osten-verliert-wenn-er-ukrainische-kraefte-in-den-sueden-verlegt\/\" target=\"_blank\" rel=\"noreferrer noopener\"><span>23. srpna<\/span><\/a><span>\u00a0jsem informoval o zpr\u00e1v\u00e1ch v m\u00e9di\u00edch, \u017ee ukrajinsk\u00e9 ozbrojen\u00e9 s\u00edly jsou nuceny p\u0159esunout z\u00e1lohy z jihu na v\u00fdchod, proto\u017ee situace v sektorech Kupjansk a Artemovsk (ukrajinsk\u00fd Bachmut) je kritick\u00e1 a hroz\u00ed pr\u016flom rusk\u00e1 vojska.\u00a0Artyomovsk le\u017e\u00ed pobl\u00ed\u017e Don\u011bcka a Kupjanska d\u00e1le na sever v Charkovsk\u00e9 oblasti.<\/span><\/p>\n<p><span>Pokud by rusk\u00e9 s\u00edly v Art\u011bmovsku usp\u011bly, mohly by potenci\u00e1ln\u011b Donbass \u201esrolovat\u201c kv\u016fli jeho strategick\u00e9 poloze.\u00a0Pokud by rusk\u00e9 jednotky prorazily u Kupjansku, existuje riziko, \u017ee rusk\u00e9 jednotky p\u0159ijdou do Charkova, kter\u00fd je bl\u00edzko rusk\u00fdch hranic a mohl by tedy b\u00fdt sev\u0159en z v\u00edce stran.\u00a0Ukrajinsk\u00e1 arm\u00e1da m\u00e1 tedy dobr\u00e9 d\u016fvody st\u00e1hnout jednotky z fronty v Z\u00e1poro\u017e\u00ed, aby zajistila ostatn\u00ed sektory fronty.<\/span><\/p>\n<p><span>New York Times v\u0161ak t\u00e9ho\u017e dne napsal, \u017ee Spojen\u00e9 st\u00e1ty a Evropan\u00e9 vid\u00ed jeden z d\u016fvod\u016f ne\u00fasp\u011bchu ukrajinsk\u00e9 protiofenz\u00edvy v nadm\u011brn\u00e9m rozlo\u017een\u00ed sil p\u0159es n\u011bkolik frontov\u00fdch sektor\u016f a nal\u00e9haj\u00ed na Ukrajinu, aby soust\u0159edila sv\u00e9 hlavn\u00ed s\u00edly na zam\u011b\u0159it se na jeden sektor, ji\u017en\u00ed Z\u00e1poro\u017e\u00ed.<\/span><\/p>\n<p><span>Zelenskij na tiskov\u00e9 konferenci 23. srpna \u0159ekl, \u017ee soust\u0159ed\u011bn\u00edm sil na jihu Ukrajina riskuje ztr\u00e1tu m\u011bst na v\u00fdchod\u011b, zejm\u00e9na Charkova a Dn\u011bpru (d\u0159\u00edve Dn\u011bprpetrovsk), co\u017e je pro Kyjev nep\u0159ijateln\u00e9.\u00a0Vyzval \u201er\u016fzn\u00e9 analytiky po cel\u00e9m sv\u011bt\u011b\u201c, aby nespol\u00e9hali na to, \u017ee se Ukrajina vzd\u00e1 seversk\u00fdch m\u011bst.<\/span><\/p>\n<p><span>Z\u00e1pad z\u0159ejm\u011b po\u010d\u00edt\u00e1 s pokra\u010dov\u00e1n\u00edm ne\u00fasp\u011b\u0161n\u00e9 ofenzivy, Ukrajina u\u017e zva\u017euje obrann\u00e9 akce.<\/span><\/p>\n<h3><span style=\"font-size: 18pt;\">Z\u00e1padu doch\u00e1zej\u00ed zbran\u011b<\/span><\/h3>\n<p><span>Ne\u00fasp\u011b\u0161n\u00e1 ukrajinsk\u00e1 protiofenz\u00edva je pro Z\u00e1pad probl\u00e9m i z jin\u00e9ho d\u016fvodu, o kter\u00e9m jsem se ji\u017e mnohokr\u00e1t zmi\u0148oval: arzen\u00e1l Z\u00e1padu je z velk\u00e9 \u010d\u00e1sti pr\u00e1zdn\u00fd a z\u00e1padn\u00ed zbrojn\u00ed pr\u016fmysl nest\u00edh\u00e1 dr\u017eet krok s v\u00fdrobou munice, proto\u017ee se na Ukrajin\u011b rychleji spot\u0159ebov\u00e1v\u00e1. ne\u017e se d\u00e1 vyrobit na Z\u00e1pad\u011b.<\/span><\/p>\n<p><span>To znamen\u00e1, \u017ee pokud Ukrajina nedos\u00e1hne \u00fasp\u011bchu proti Rusku v roce 2023, Ukrajina m\u016f\u017ee zapomenout na jakoukoli \u0161anci na vojensk\u00fd \u00fasp\u011bch, proto\u017ee v p\u0159\u00ed\u0161t\u00edm by od Z\u00e1padu dostala mnohem m\u00e9n\u011b zbran\u00ed a st\u0159eliva, proto\u017ee Z\u00e1pad \u2013 i kdyby cht\u011bl \u2013 nemohl del\u0161\u00ed doru\u010dov\u00e1n\u00ed v rozsahu, v jak\u00e9m to \u010dinil v minulosti.<\/span><\/p>\n<p><span>Sou\u010dasn\u00e9 zpr\u00e1vy ukazuj\u00ed, \u017ee tato teze, kterou jsem \u010dasto vyjad\u0159oval, je pravdiv\u00e1.<\/span><\/p>\n<p><img decoding=\"async\" loading=\"lazy\" class=\"wp-image-33819 aligncenter\" src=\"http:\/\/www.infokuryr.cz\/n\/wp-content\/uploads\/2023\/08\/ces1-300x157.jpg\" alt=\"\" width=\"1366\" height=\"715\" srcset=\"https:\/\/www.infokuryr.cz\/n\/wp-content\/uploads\/2023\/08\/ces1-300x157.jpg 300w, https:\/\/www.infokuryr.cz\/n\/wp-content\/uploads\/2023\/08\/ces1-1024x536.jpg 1024w, https:\/\/www.infokuryr.cz\/n\/wp-content\/uploads\/2023\/08\/ces1-768x402.jpg 768w, https:\/\/www.infokuryr.cz\/n\/wp-content\/uploads\/2023\/08\/ces1.jpg 1200w\" sizes=\"(max-width: 1366px) 100vw, 1366px\" \/><\/p>\n<p><a href=\"https:\/\/www.anti-spiegel.ru\/2023\/medien-die-usa-werden-nicht-in-der-lage-sein-den-umfang-der-militaerhilfe-fuer-die-ukraine-im-jahr-2024-auf-dem-gleichen-niveau-zu-halten\/\" target=\"_blank\" rel=\"noreferrer noopener\"><span>24. srpna<\/span><\/a><span>\u00a0The Wall Street Journal s odvol\u00e1n\u00edm na americk\u00e9ho \u00fa\u0159edn\u00edka uvedl, \u017ee je nepravd\u011bpodobn\u00e9, \u017ee by USA byly schopny poskytnout Kyjevu stejnou \u00farove\u0148 vojensk\u00e9 podpory v roce 2024.\u00a0V souladu s t\u00edm dod\u00e1vky zbran\u00ed a st\u0159eliva \u201epravd\u011bpodobn\u011b nelze opakovat na stejn\u00e9 \u00farovni v roce 2024\u201c.\u00a0Ji\u017e d\u0159\u00edve Politico informovalo, \u017ee USA varovaly Ukrajinu, \u017ee m\u00e1-li Washington pokra\u010dovat ve sv\u00e9 pomoci na stejn\u00e9 \u00farovni, mus\u00ed Kyjev v bl\u00edzk\u00e9 budoucnosti dos\u00e1hnout v\u011bt\u0161\u00edch \u00fasp\u011bch\u016f na boji\u0161ti.<\/span><\/p>\n<p><span>Zda je to mo\u017en\u00e9 \u201ena stejn\u00e9 \u00farovni\u201c, se teprve uvid\u00ed, proto\u017ee 25. srpna\u00a0<\/span><a href=\"https:\/\/www.bloomberg.com\/news\/articles\/2023-08-25\/ukraine-slow-offensive-against-russia-buoys-putin?srnd=premium-europe\" target=\"_blank\" rel=\"noreferrer noopener\"><span>n\u00e1sledovala agentura Bloomberg a ozn\u00e1mila,<\/span><\/a><span>\u00a0\u017ee z\u00e1soby munice v USA a EU byly vy\u010derp\u00e1ny:<\/span><\/p>\n<p><em>&#8222;Nejd\u016fle\u017eit\u011bj\u0161\u00ed je, \u017ee z\u00e1soby munice se sni\u017euj\u00ed a v\u00fdroba v USA a Evrop\u011b se nezv\u00fd\u0161\u00ed p\u0159ed koncem roku 2024.&#8220;<\/em><\/p>\n<p><span>Podle Bloombergu Z\u00e1pad st\u00e1le douf\u00e1 v leto\u0161n\u00ed vojensk\u00fd \u00fasp\u011bch Ukrajiny, proto\u017ee v\u0161e se m\u016f\u017ee zm\u011bnit v roce 2024:<\/span><\/p>\n<p><em>&#8222;Evrop\u0161t\u00ed p\u0159edstavitel\u00e9 se ob\u00e1vaj\u00ed, \u017ee prezident Joe Biden by mohl tla\u010dit Ukrajinu do jedn\u00e1n\u00ed, pokud nedojde k v\u00fdrazn\u00e9mu pokroku na boji\u0161ti, jak se p\u0159\u00ed\u0161t\u00ed rok vyhrot\u00ed volebn\u00ed kampa\u0148.&#8220;<\/em><\/p>\n<h3><span style=\"font-size: 18pt;\">Implementace dokumentu RAND?<\/span><\/h3>\n<p><span>To je p\u0159esn\u011b to, co list RAND doporu\u010doval u\u017e v lednu: americk\u00e1 vl\u00e1da by m\u011bla ukon\u010dit podporu Ukrajin\u011b a dosp\u011bt k dohod\u011b s Ruskem, proto\u017ee podpora Kyjeva je pro USA p\u0159\u00edli\u0161 drah\u00e1.\u00a0Dlouho jsem zmi\u0148oval obdob\u00ed mezi podzimem a p\u0159elomem roku jako mo\u017enou dobu pro zah\u00e1jen\u00ed jedn\u00e1n\u00ed.<\/span><\/p>\n<p><span>D\u016fvodem je, \u017ee americk\u00e9 prezidentsk\u00e9 volby se maj\u00ed konat v roce 2024, a pokud budou ameri\u010dt\u00ed demokrat\u00e9 \u010delit protikandid\u00e1tovi, kter\u00fd vystoup\u00ed proti zni\u010duj\u00edc\u00ed podpo\u0159e Ukrajin\u011b, budou m\u00edt jen malou \u0161anci volby vyhr\u00e1t.<\/span><\/p>\n<p><span>Dal\u0161\u00edm stavebn\u00edm kamenem implementace dokumentu RAND by mohl b\u00fdt p\u0159\u00edb\u011bh o \u201eproukrajinsk\u00e9 skupin\u011b\u201c, kter\u00e1 \u00fadajn\u011b vyhodila do pov\u011bt\u0159\u00ed Nord Streams.\u00a0Tento p\u0159edpoklad jsem si d\u011blal od t\u00e9 doby, co tenhle p\u0159\u00edb\u011bh vypukl za\u010d\u00e1tkem b\u0159ezna.\u00a0Logika za t\u00edm je docela snadno pochopiteln\u00e1: pokud Z\u00e1pad ofici\u00e1ln\u011b obvin\u00ed Ukrajinu ze zlo\u010dinu, dalo by se nam\u00edtnout, \u017ee Rusko je sice st\u00e1le zl\u00e9, ale nem\u016f\u017ee nad\u00e1le ve stejn\u00e9 m\u00ed\u0159e podporovat Kyjev, proto\u017ee se st\u00e1v\u00e1 jeho z\u00e1padn\u00edm prot\u011bj\u0161kem projeven\u00e9 velmi nevl\u00eddn\u011b. spojenc\u016fm t\u00edm, \u017ee vyhod\u00ed do pov\u011bt\u0159\u00ed potrub\u00ed v Baltsk\u00e9m mo\u0159i.<\/span><\/p>\n<p><span>O tom, \u017ee zlom by mohl p\u0159ij\u00edt na podzim, sv\u011bd\u010d\u00ed i fakt, \u017ee \u0161v\u00e9dsk\u00e9 st\u00e1tn\u00ed zastupitelstv\u00ed p\u0159ed \u010dasem informovalo, \u017ee na podzim budou moci jmenovat pachatele v\u00fdbuchu Nord Stream.<\/span><\/p>\n<p><span>A jako \u0161t\u011bst\u00ed, po dlouh\u00e9 dob\u011b nebyly \u017e\u00e1dn\u00e9 zpr\u00e1vy o v\u00fdbuchu Nord Stream, Der Spiegel a ZDF\u00a0<\/span><a href=\"https:\/\/www.anti-spiegel.ru\/2023\/spiegel-und-zdf-die-spuren-im-fall-nord-stream-fuehrt-in-die-ukraine\/\" target=\"_blank\" rel=\"noreferrer noopener\"><span>informovaly 25. srpna<\/span><\/a><span>\u00a0, \u017ee \u00fadajn\u011b v\u0161echny stopy po v\u00fdbuchu Nord Stream vedou na Ukrajinu.\u00a0Poprv\u00e9 tak\u00e9 bylo otev\u0159en\u011b \u0159e\u010deno, \u017ee ukrajin\u0161t\u00ed pachatel\u00e9 postav\u00ed n\u011bmeckou vl\u00e1du do velmi obt\u00ed\u017en\u00e9 pozice, pokud jde o pokra\u010duj\u00edc\u00ed podporu Kyjeva.<\/span><\/p>\n<p><span>V\u00fdvoj nazna\u010duje, \u017ee implementace dokumentu RAND postupuje kup\u0159edu, i kdy\u017e, jak jsem\u00a0<\/span><a href=\"https:\/\/www.anti-spiegel.ru\/2023\/wie-stehen-die-chancen-auf-eine-verhandlungsloesung-im-ukraine-konflikt\/\" target=\"_blank\" rel=\"noreferrer noopener\"><span>vysv\u011btlil 20. srpna<\/span><\/a><span>\u00a0, bude pravd\u011bpodobn\u011b obt\u00ed\u017en\u00e9 naj\u00edt vyjednan\u00e9 \u0159e\u0161en\u00ed s Ruskem .<\/span><\/p>\n<h3><span style=\"font-size: 18pt;\">N\u011bmeck\u00fd bl\u00e1zinec<\/span><\/h3>\n<p><span>Skute\u010dnost, \u017ee pachatelem byla Ukrajina, by podle Spiegelu postavila feder\u00e1ln\u00ed vl\u00e1du do velmi obt\u00ed\u017en\u00e9 pozice z hlediska dal\u0161\u00ed podpory Kyjeva, proto\u017ee feder\u00e1ln\u00ed vl\u00e1da se po vyhozen\u00ed ropovodu neprojevila p\u0159\u00edli\u0161 rozzloben\u011b, ostatn\u011b cht\u011bla obej\u00edt se bez samotn\u00e9ho rusk\u00e9ho plynu.\u00a0Feder\u00e1ln\u00ed vl\u00e1da nav\u00edc neprojevila z\u00e1jem o vy\u0161et\u0159ov\u00e1n\u00ed v\u00fdbuchu a\u00a0<\/span><a href=\"https:\/\/www.anti-spiegel.ru\/2022\/bundesregierung-will-erkenntnisse-zur-nord-stream-sprengung-geheim-halten\/\" target=\"_blank\" rel=\"noreferrer noopener\"><span>v\u0161echny v\u00fdsledky vy\u0161et\u0159ov\u00e1n\u00ed d\u016fsledn\u011b tajila<\/span><\/a><span>\u00a0.<\/span><\/p>\n<p><span>Je t\u0159eba p\u0159ipomenout, \u017ee zelen\u00ed m\u011bli z odst\u0159elu potrub\u00ed dokonce nepokrytou radost.\u00a0Na konferenci Strany zelen\u00fdch v \u0159\u00edjnu 2022, asi t\u0159i t\u00fddny po vyhozen\u00ed potrub\u00ed,\u00a0<\/span><a href=\"https:\/\/www.anti-spiegel.ru\/2022\/die-gruenen-feiern-das-ende-des-deutschen-wohlstandes\/\" target=\"_blank\" rel=\"noreferrer noopener\"><span>\u0159ekl jeden zelen\u00ed za potlesku stranick\u00e9 konference<\/span><\/a><span>\u00a0:<\/span><\/p>\n<p><em>\u201eByli jsme ve Washingtonu s V\u00fdborem pro boj proti dezinformac\u00edm, a kdy\u017e pak Robert kone\u010dn\u011b uzav\u0159el plynovod Nord Stream 2, dostal jsem druh\u00fd den r\u00e1no od sv\u00fdch polsk\u00fdch koleg\u016f p\u011btku, kdy\u017e jsem vstoupil do v\u00fdtahu.\u00a0Mus\u00edte \u0159\u00edct, \u017ee pol\u0161t\u00ed kolegov\u00e9, v\u010detn\u011b PiS, n\u00e1s oslavuj\u00ed, oslavuj\u00ed n\u00e1s Zelen\u00ed v N\u011bmecku, \u0159ekn\u011bte n\u00e1m: D\u00edky moc, kone\u010dn\u011b jste to dostali.\u00a0Umo\u017e\u0148ujete to, co nebylo mo\u017en\u00e9 p\u0159ed 16 lety, a za to pat\u0159\u00ed velk\u00e9 d\u00edky t\u00e9to feder\u00e1ln\u00ed vl\u00e1d\u011b Robertovi a Annalen\u011b.\u201c<\/em><\/p>\n<p><span>Zelen\u00ed, kte\u0159\u00ed jsou koneckonc\u016f sou\u010d\u00e1st\u00ed feder\u00e1ln\u00ed vl\u00e1dy, m\u011bli z odst\u0159elu potrub\u00ed nepokrytou radost.<\/span><\/p>\n<p><span>Pokud se skute\u010dn\u011b stane, \u017ee Z\u00e1pad ofici\u00e1ln\u011b obvin\u00ed Kyjev z vyhozen\u00ed Nord Streams na podzim do pov\u011bt\u0159\u00ed a feder\u00e1ln\u00ed vl\u00e1da by to m\u011bla pou\u017e\u00edt jako z\u00e1minku k vysv\u011btlen\u00ed ve\u0159ejnosti, \u017ee podpora pro Ukrajinu byla zastavena (nebo dokonce ukon\u010dena), pak bude m\u00edt p\u0159ipravenou velmi velkou porci popcornu k poslechu Baerbockov\u00e9 a Habecka, kte\u0159\u00ed m\u011bli z v\u00fdbuchu radost p\u0159ed rokem, ozn\u00e1m\u00ed to ve\u0159ejnosti.<\/span><\/p>\n<p><span>Baerbockov\u00e1<em> (ministryn\u011b zahrani\u010d\u00ed pozn.red.)<\/em> je ale zn\u00e1m\u00e1 \u201eoto\u010dkami o 360 stup\u0148\u016f\u201c a Habeck je vystudovan\u00fd autor d\u011btsk\u00fdch knih (tedy vyprav\u011b\u010d), kter\u00fd to jist\u011b zvl\u00e1dne na v\u00fdbornou. A Scholz?\u00a0Pak si zase asi nic nebude pamatovat.<\/span><\/p>\n<p><span>Z N\u011bmecka se stal bl\u00e1zinec&#8230;<\/span><\/p>\n<p><a href=\"https:\/\/www.anti-spiegel.ru\/2023\/ist-die-ukraine-am-ende-ihrer-militaerischen-kraefte\/\">Thomas R\u00f6per<\/a><\/p>\n<p><img decoding=\"async\" loading=\"lazy\" class=\"alignnone  wp-image-22016\" src=\"http:\/\/www.infokuryr.cz\/n\/wp-content\/uploads\/2023\/01\/Thomas-Roper-298x300.jpg\" alt=\"\" width=\"198\" height=\"199\" srcset=\"https:\/\/www.infokuryr.cz\/n\/wp-content\/uploads\/2023\/01\/Thomas-Roper-298x300.jpg 298w, https:\/\/www.infokuryr.cz\/n\/wp-content\/uploads\/2023\/01\/Thomas-Roper-150x150.jpg 150w, https:\/\/www.infokuryr.cz\/n\/wp-content\/uploads\/2023\/01\/Thomas-Roper.jpg 596w\" sizes=\"(max-width: 198px) 100vw, 198px\" \/><\/p>\n<p>&nbsp;<\/p>\n<p><a href=\"https:\/\/stranapro.cz\/\"><img decoding=\"async\" loading=\"lazy\" class=\"wp-image-30218 aligncenter\" src=\"http:\/\/www.infokuryr.cz\/n\/wp-content\/uploads\/2023\/06\/PRO-banner-300x36.png\" alt=\"\" width=\"1367\" height=\"164\" srcset=\"https:\/\/www.infokuryr.cz\/n\/wp-content\/uploads\/2023\/06\/PRO-banner-300x36.png 300w, https:\/\/www.infokuryr.cz\/n\/wp-content\/uploads\/2023\/06\/PRO-banner-768x93.png 768w, https:\/\/www.infokuryr.cz\/n\/wp-content\/uploads\/2023\/06\/PRO-banner.png 849w\" sizes=\"(max-width: 1367px) 100vw, 1367px\" \/><\/a><\/p>\n<p>&nbsp;<\/p>\n<p>&nbsp;<\/p>\n<p>&nbsp;<\/p>\n","protected":false},"excerpt":{"rendered":"<p>V posledn\u00edch dnech se mno\u017e\u00ed zpr\u00e1vy, \u017ee Ukrajina je na konci sv\u00e9 vojensk\u00e9 s\u00edly.\u00a0Co to&#8230;<\/p>\n","protected":false},"author":2,"featured_media":34877,"comment_status":"closed","ping_status":"closed","sticky":false,"template":"","format":"standard","meta":[],"categories":[7],"tags":[220,371,84,1242,26],"_links":{"self":[{"href":"https:\/\/www.infokuryr.cz\/n\/wp-json\/wp\/v2\/posts\/34876"}],"collection":[{"href":"https:\/\/www.infokuryr.cz\/n\/wp-json\/wp\/v2\/posts"}],"about":[{"href":"https:\/\/www.infokuryr.cz\/n\/wp-json\/wp\/v2\/types\/post"}],"author":[{"embeddable":true,"href":"https:\/\/www.infokuryr.cz\/n\/wp-json\/wp\/v2\/users\/2"}],"replies":[{"embeddable":true,"href":"https:\/\/www.infokuryr.cz\/n\/wp-json\/wp\/v2\/comments?post=34876"}],"version-history":[{"count":1,"href":"https:\/\/www.infokuryr.cz\/n\/wp-json\/wp\/v2\/posts\/34876\/revisions"}],"predecessor-version":[{"id":34878,"href":"https:\/\/www.infokuryr.cz\/n\/wp-json\/wp\/v2\/posts\/34876\/revisions\/34878"}],"wp:featuredmedia":[{"embeddable":true,"href":"https:\/\/www.infokuryr.cz\/n\/wp-json\/wp\/v2\/media\/34877"}],"wp:attachment":[{"href":"https:\/\/www.infokuryr.cz\/n\/wp-json\/wp\/v2\/media?parent=34876"}],"wp:term":[{"taxonomy":"category","embeddable":true,"href":"https:\/\/www.infokuryr.cz\/n\/wp-json\/wp\/v2\/categories?post=34876"},{"taxonomy":"post_tag","embeddable":true,"href":"https:\/\/www.infokuryr.cz\/n\/wp-json\/wp\/v2\/tags?post=34876"}],"curies":[{"name":"wp","href":"https:\/\/api.w.org\/{rel}","templated":true}]}}