{"id":34861,"date":"2023-08-27T05:25:30","date_gmt":"2023-08-27T03:25:30","guid":{"rendered":"http:\/\/www.infokuryr.cz\/n\/?p=34861"},"modified":"2023-08-27T05:25:30","modified_gmt":"2023-08-27T03:25:30","slug":"jan-markova-a-zase-to-bylo-asi-trochu-jinak-aneb-je-treba-zabit-pravdu-hned-v-zarodku","status":"publish","type":"post","link":"https:\/\/www.infokuryr.cz\/n\/2023\/08\/27\/jan-markova-a-zase-to-bylo-asi-trochu-jinak-aneb-je-treba-zabit-pravdu-hned-v-zarodku\/","title":{"rendered":"Jan Markov\u00e1: A zase to bylo asi trochu jinak, aneb je t\u0159eba zab\u00edt pravdu hned v z\u00e1rodku"},"content":{"rendered":"<div id=\"fb-root\"><\/div>\n<p class=\"has-medium-font-size\"><span style=\"font-size: 14pt;\"><strong>Okam\u017eit\u011b po napaden\u00ed dvou Ukrajinek, kter\u00e9 pr\u00fd s d\u011btmi sed\u011bly jen tak na obrubn\u00edku u silnice a poklidn\u011b \u010dekaly na p\u0159\u00edchod Luny \u010di Perseid\u016f, se rozjelo proukrajinsk\u00e9 fanatick\u00e9 liber\u00e1ln\u00ed peklo.<\/strong><\/span><\/p>\n<figure class=\"wp-block-image size-large\"><img decoding=\"async\" loading=\"lazy\" class=\"wp-image-12098 aligncenter\" src=\"https:\/\/web.litterate.cz\/wp-content\/uploads\/2023\/08\/370547596_206277649106564_6593933726997163965_n-673x1024.jpg\" sizes=\"(max-width: 673px) 100vw, 673px\" srcset=\"https:\/\/web.litterate.cz\/wp-content\/uploads\/2023\/08\/370547596_206277649106564_6593933726997163965_n-673x1024.jpg 673w, https:\/\/web.litterate.cz\/wp-content\/uploads\/2023\/08\/370547596_206277649106564_6593933726997163965_n-197x300.jpg 197w, https:\/\/web.litterate.cz\/wp-content\/uploads\/2023\/08\/370547596_206277649106564_6593933726997163965_n-768x1169.jpg 768w, https:\/\/web.litterate.cz\/wp-content\/uploads\/2023\/08\/370547596_206277649106564_6593933726997163965_n-1009x1536.jpg 1009w, https:\/\/web.litterate.cz\/wp-content\/uploads\/2023\/08\/370547596_206277649106564_6593933726997163965_n.jpg 1080w\" alt=\"\" width=\"461\" height=\"702\" \/><\/figure>\n<p>Nikdo ne\u0159e\u0161il, kdo je skute\u010dn\u011b kdo, ani co se skute\u010dn\u011b stalo. Sta\u010dila n\u00e1rodnost a objektivita \u0161la okam\u017eit\u011b stranou. \u017de tam byla spousta otazn\u00edk\u016f, nikdo ne\u0159e\u0161il. Vin\u00edk byl p\u0159edem jasn\u00fd. Pr\u00fd \u201evyvol\u00e1va\u010di\u00a0nen\u00e1visti\u201c to byli. Ihned se vyrojily zn\u00e1m\u00e9 mor\u00e1ln\u00ed maj\u00e1ky, kter\u00e9 by nejrad\u011bji okam\u017eit\u011b pozav\u00edraly v\u0161echny z V\u00e1clav\u00e1k\u016f v\u010detn\u011b Rajchla a Okamury. Kdybychom tu m\u011bli st\u0159edov\u011bk\u00e9 mu\u010den\u00ed, nepochybuju, \u017ee by n\u00e1m\u011bst\u00ed pln\u00e1 t\u011bch zaslepen\u00fdch proukrajinsk\u00fdch fanatik\u016f tleskala natahov\u00e1n\u00ed n\u00e1zorov\u00e9 opozice na sk\u0159ipec. Ti odv\u00e1\u017en\u011bj\u0161\u00ed by t\u00e1hli gilotinu a ti nejv\u011bt\u0161\u00ed patol\u00edzalov\u00e9 ko\u0161e na useknut\u00e9 hlavy.<\/p>\n<p>Ten \u00fatok je samoz\u0159ejm\u011b odsouzen\u00edhodn\u00fd a m\u011bl by b\u00fdt \u0159\u00e1dn\u011b vy\u0161et\u0159en, jako ka\u017ed\u00fd \u00fatok. Ale o tom tenhle p\u0159\u00edsp\u011bvek b\u00fdt nem\u00e1. M\u00e1 b\u00fdt o uplatn\u011bn\u00ed kolektivn\u00ed viny a kolektivn\u00edho odsouzen\u00ed na z\u00e1klad\u011b nepodlo\u017een\u00fdch a ne\u00fapln\u00fdch informac\u00ed. Nep\u0159ipom\u00edn\u00e1 v\u00e1m to n\u011bco z ned\u00e1vn\u00e9 minulosti? M\u016f\u017eete za v\u0161echno zlo sv\u011bta, proto\u017ee se pova\u017eujete za vlastence! Proto\u017ee jste a chcete b\u00fdt \u010ce\u0161i a na \u010cesk\u00e9 republice v\u00e1m z\u00e1le\u017e\u00ed v\u00edc, ne\u017e na jak\u00e9koliv jin\u00e9 republice. V\u010detn\u011b t\u00e9 modro\u017elut\u00e9, jej\u00ed\u017e vl\u00e1da n\u00e1m aktu\u00e1ln\u011b vl\u00e1dne. Je pot\u0159eba v\u00e1s uml\u010det, vyt\u011bsnit, liber\u00e1ln\u011b zlikvidovat.<\/p>\n<p>V t\u00e9 ned\u00e1vn\u00e9 minulosti takhle s lidmi zach\u00e1zeli ti nejv\u011bt\u0161\u00ed a nejhor\u0161\u00ed bol\u0161evici. Pravda nikoho nezaj\u00edmala. Pravda byla jen jedna. A m\u00e1me to tu zp\u00e1tky. M\u00e1me tu na Hrad\u011b komunistick\u00e9 rozved\u010d\u00edky, m\u00e1me tu komunistick\u00e9 vojensk\u00e9 prokur\u00e1tory St\u0159\u00ed\u017ee, m\u00e1me tu komunistick\u00e9 soudce Flemry aspiruj\u00edc\u00ed na nejvy\u0161\u0161\u00ed funkce. Nikdo z nich si nic nepamatuje, nikdo z nich to mor\u00e1ln\u00ed dno ne\u0159e\u0161\u00ed. Asi \u0161li jen tenkr\u00e1t kolem.<\/p>\n<p>A pravdol\u00e1ska\u0159i? Ti jim tleskaj\u00ed a u\u017e se asi klepou na to, jak se star\u00e9 po\u0159\u00e1dky vr\u00e1t\u00ed, a se v\u0161emi t\u011bmi realisticky uva\u017euj\u00edc\u00edmi lidmi, kter\u00e9 naz\u00fdvaj\u00ed posm\u011b\u0161n\u011b flastenci, proto\u017ee dehonestuj\u00edc\u00ed n\u00e1lepka je ideologick\u00fd z\u00e1klad, po soudru\u017esku zato\u010d\u00ed.<\/p>\n<p>Do takov\u00e9 doby, do takov\u00e9ho mor\u00e1ln\u00edho bahna n\u00e1s na\u0161i p\u0159edstavitel\u00e9 zavedli. A j\u00e1 se v\u016fbec nediv\u00edm, \u017ee tu byly popravy a fale\u0161n\u00e1 odsouzen\u00ed v pades\u00e1t\u00fdch letech. Jsou to po\u0159\u00e1d ti sam\u00ed lid\u00e9, po\u0159\u00e1d ty sam\u00e9 zvr\u00e1cen\u00e9 charaktery a po\u0159\u00e1d ty sam\u00e9 metody. Jen se mo\u017en\u00e1 dneska jmenuj\u00ed trochu jinak.<\/p>\n<p><a href=\"https:\/\/web.litterate.cz\/a-zase-je-to-bylo-asi-trochu-jinak-aneb-je-treba-zabit-pravdu-hned-v-zarodku\/\">Jan Markov\u00e1<\/a><\/p>\n<p><img decoding=\"async\" loading=\"lazy\" class=\"alignnone size-full wp-image-34862\" src=\"http:\/\/www.infokuryr.cz\/n\/wp-content\/uploads\/2023\/08\/jana-markova.jpg\" alt=\"\" width=\"180\" height=\"180\" srcset=\"https:\/\/www.infokuryr.cz\/n\/wp-content\/uploads\/2023\/08\/jana-markova.jpg 180w, https:\/\/www.infokuryr.cz\/n\/wp-content\/uploads\/2023\/08\/jana-markova-150x150.jpg 150w\" sizes=\"(max-width: 180px) 100vw, 180px\" \/><\/p>\n<p>&nbsp;<\/p>\n<p><img decoding=\"async\" loading=\"lazy\" class=\"wp-image-33819 aligncenter\" src=\"http:\/\/www.infokuryr.cz\/n\/wp-content\/uploads\/2023\/08\/ces1-300x157.jpg\" alt=\"\" width=\"1349\" height=\"706\" srcset=\"https:\/\/www.infokuryr.cz\/n\/wp-content\/uploads\/2023\/08\/ces1-300x157.jpg 300w, https:\/\/www.infokuryr.cz\/n\/wp-content\/uploads\/2023\/08\/ces1-1024x536.jpg 1024w, https:\/\/www.infokuryr.cz\/n\/wp-content\/uploads\/2023\/08\/ces1-768x402.jpg 768w, https:\/\/www.infokuryr.cz\/n\/wp-content\/uploads\/2023\/08\/ces1.jpg 1200w\" sizes=\"(max-width: 1349px) 100vw, 1349px\" \/><\/p>\n<p>&nbsp;<\/p>\n<p><a href=\"https:\/\/stranapro.cz\/\"><img decoding=\"async\" loading=\"lazy\" class=\"alignnone  wp-image-30218\" src=\"http:\/\/www.infokuryr.cz\/n\/wp-content\/uploads\/2023\/06\/PRO-banner-300x36.png\" alt=\"\" width=\"1375\" height=\"165\" srcset=\"https:\/\/www.infokuryr.cz\/n\/wp-content\/uploads\/2023\/06\/PRO-banner-300x36.png 300w, https:\/\/www.infokuryr.cz\/n\/wp-content\/uploads\/2023\/06\/PRO-banner-768x93.png 768w, https:\/\/www.infokuryr.cz\/n\/wp-content\/uploads\/2023\/06\/PRO-banner.png 849w\" sizes=\"(max-width: 1375px) 100vw, 1375px\" \/><\/a><\/p>\n<p>&nbsp;<\/p>\n<p>&nbsp;<\/p>\n<p>&nbsp;<\/p>\n","protected":false},"excerpt":{"rendered":"<p>Okam\u017eit\u011b po napaden\u00ed dvou Ukrajinek, kter\u00e9 pr\u00fd s d\u011btmi sed\u011bly jen tak na obrubn\u00edku u&#8230;<\/p>\n","protected":false},"author":2,"featured_media":34863,"comment_status":"closed","ping_status":"closed","sticky":false,"template":"","format":"standard","meta":[],"categories":[6],"tags":[28,29,851,1300,5749],"_links":{"self":[{"href":"https:\/\/www.infokuryr.cz\/n\/wp-json\/wp\/v2\/posts\/34861"}],"collection":[{"href":"https:\/\/www.infokuryr.cz\/n\/wp-json\/wp\/v2\/posts"}],"about":[{"href":"https:\/\/www.infokuryr.cz\/n\/wp-json\/wp\/v2\/types\/post"}],"author":[{"embeddable":true,"href":"https:\/\/www.infokuryr.cz\/n\/wp-json\/wp\/v2\/users\/2"}],"replies":[{"embeddable":true,"href":"https:\/\/www.infokuryr.cz\/n\/wp-json\/wp\/v2\/comments?post=34861"}],"version-history":[{"count":0,"href":"https:\/\/www.infokuryr.cz\/n\/wp-json\/wp\/v2\/posts\/34861\/revisions"}],"wp:featuredmedia":[{"embeddable":true,"href":"https:\/\/www.infokuryr.cz\/n\/wp-json\/wp\/v2\/media\/34863"}],"wp:attachment":[{"href":"https:\/\/www.infokuryr.cz\/n\/wp-json\/wp\/v2\/media?parent=34861"}],"wp:term":[{"taxonomy":"category","embeddable":true,"href":"https:\/\/www.infokuryr.cz\/n\/wp-json\/wp\/v2\/categories?post=34861"},{"taxonomy":"post_tag","embeddable":true,"href":"https:\/\/www.infokuryr.cz\/n\/wp-json\/wp\/v2\/tags?post=34861"}],"curies":[{"name":"wp","href":"https:\/\/api.w.org\/{rel}","templated":true}]}}