{"id":34849,"date":"2023-08-27T01:18:52","date_gmt":"2023-08-26T23:18:52","guid":{"rendered":"http:\/\/www.infokuryr.cz\/n\/?p=34849"},"modified":"2023-08-26T19:18:41","modified_gmt":"2023-08-26T17:18:41","slug":"eva-hrindova-o-konspiracich","status":"publish","type":"post","link":"https:\/\/www.infokuryr.cz\/n\/2023\/08\/27\/eva-hrindova-o-konspiracich\/","title":{"rendered":"Eva Hrindov\u00e1: O konspirac\u00edch"},"content":{"rendered":"<div id=\"fb-root\"><\/div>\n<p><strong>Konspirace jsou slovo, kter\u00e9mu r\u016fzn\u00ed lid\u00e9 d\u00e1vaj\u00ed r\u016fzn\u00e9 v\u00fdznamy. Nepop\u00edr\u00e1m, \u017ee ozna\u010dit cokoliv konspirac\u00ed je v\u00fdhodn\u00e9. Proto\u017ee toto slovo m\u00e1 velmi negativn\u00ed n\u00e1dech. Obecn\u011b plat\u00ed pro jednu partu, \u017ee kdo konspiruje je m\u00e1lo inteligentn\u00ed dezol\u00e1t a pro druhou partu plat\u00ed, \u017ee kdo nekonspiruje je zabedn\u011bn\u00fd idiot.<\/strong><\/p>\n<p>Ono se fakt mus\u00ed rozli\u0161ovat. N\u011bkdy si tak\u00e9 p\u0159e\u010dtu n\u011bco &#8222;konspira\u010dn\u00edho&#8220;, \u010dist\u011b jen proto, abych v\u011bd\u011bla, jak n\u011bkte\u0159\u00ed lid\u00e9 uva\u017euj\u00ed a tro\u0161ku pro zpest\u0159en\u00ed. Sama se ale vyh\u00fdb\u00e1m p\u0159edev\u0161\u00edm konspirov\u00e1n\u00ed v duchu vysv\u011btlov\u00e1n\u00ed motivac\u00ed a p\u0159\u00e1n\u00ed lid\u00ed. Pro sv\u00e9 rozhodov\u00e1n\u00ed se sna\u017e\u00edm dr\u017eet jen prokazateln\u00fdch fakt\u016f. N\u011bkdo n\u011bco prokazateln\u011b ud\u011blal a z toho plyne n\u011bco. Odm\u00edt\u00e1m p\u0159istoupit na argumentaci typu: &#8222;n\u011bkdo si n\u011bco p\u0159eje, m\u00e1 n\u011bjak\u00fd pl\u00e1n a z toho n\u011bco plyne&#8220;. Lidem do hlavy nevid\u00edte a stav\u011bt z\u00e1sadn\u00ed postoje na tom, \u017ee si n\u011bkdo n\u011bco p\u0159eje, je absurdn\u00ed. Do hlavy lidem nevid\u00edte a p\u0159ijde mi a\u017e agresivn\u011b ur\u00e1\u017eliv\u00e9, kdy\u017e o n\u011bkom tvrd\u00edte, \u017ee v\u00edte, co si mysl\u00ed.<\/p>\n<p>Uvedu p\u0159\u00edklad: Farmaceutick\u00e9 firmy vyd\u011bl\u00e1vaj\u00ed obrovsk\u00e9 prachy na vakc\u00edn\u00e1ch proti covidu. Tyto vakc\u00edny nejsou dostate\u010dn\u011b vyzkou\u0161en\u00e9 a prov\u011b\u0159en\u00e9, z n\u011bjak\u00fdch d\u016fvod\u016f nikdo nezkoum\u00e1 jejich ne\u017e\u00e1douc\u00ed \u00fa\u010dinky a i p\u0159esto existuj\u00ed data, kter\u00e1 dokl\u00e1daj\u00ed ne\u017e\u00e1douc\u00ed \u00fa\u010dinky, kter\u00e9 vedou a\u017e ke smrti. Z toho pro m\u011b vypl\u00fdv\u00e1, \u017ee tyto vakc\u00edny jsou nebezpe\u010dn\u00e9 a \u017ee farmaceutick\u00e9 spole\u010dnosti up\u0159ednost\u0148uj\u00ed zisk p\u0159ed bezpe\u010dnost\u00ed sv\u00fdch produkt\u016f. Nekontroluj\u00ed je ani st\u00e1ty ani r\u016fzn\u00e9 medic\u00ednsk\u00e9 spole\u010dnosti. Ze sv\u00fdch zku\u0161enost\u00ed v\u00edm, \u017ee jde o propletenec korupce, n\u00e1tlaku p\u0159es inzerci v m\u00e9di\u00edch, p\u0159es systematick\u00e9 ovliv\u0148ov\u00e1n\u00ed spole\u010dnosti.<\/p>\n<p>Jak se na v\u0161e d\u00edv\u00e1 konspiratik? Vid\u00ed v tom rafinovan\u00fd pl\u00e1n, kter\u00fd vede ke sni\u017eov\u00e1n\u00ed populace, vid\u00ed v tom domluvenou akci, kde v\u0161ichni akt\u00e9\u0159i jsou \u0159\u00edzeni z n\u011bjak\u00e9ho centra. Konspiratici neust\u00e1le b\u00e1daj\u00ed, kdo za t\u00edm v\u0161\u00edm stoj\u00ed, kdo to \u0159\u00edd\u00ed a doch\u00e1zej\u00ed k nevyhnuteln\u00e9mu z\u00e1v\u011bru, \u017ee s t\u00edm nejde nic d\u011blat, proto\u017ee globalisti to maj\u00ed v\u0161echno pod kontrolou.<\/p>\n<p>J\u00e1 tento zp\u016fsob uva\u017eov\u00e1n\u00ed odm\u00edt\u00e1m. Z jednoho prost\u00e9ho d\u016fvodu &#8211; do hlavy lidem nevid\u00edte! Dosazovat do rovnic tuto nezn\u00e1mou hodnotu jako hodnotu zn\u00e1mou logicky zm\u011bn\u00ed v\u00fdsledky ne\u017e\u00e1douc\u00edm sm\u011brem.<br \/>\nV\u017edy se dr\u017eme fakt\u016f, m\u00e1me jich k dispozici dost a nen\u00ed nutn\u00e9 ovliv\u0148ovat v\u00fdsledky rovnic hypotetick\u00fdmi nezn\u00e1m\u00fdmi. Pro\u010d tr\u00e1vit \u010das p\u0159em\u00edt\u00e1n\u00edm o tom, kdo si co mysl\u00ed? Nem\u00e1me snad dost informac\u00ed, kter\u00e9 jsou pr\u016fkazn\u00e9 a dostate\u010dn\u011b vypov\u00eddaj\u00edc\u00ed?<\/p>\n<p>Nevid\u00edm rozd\u00edl mezi konspiruj\u00edc\u00edmi liber\u00e1ly a mezi konspiruj\u00edc\u00edmi vlastenci. Ob\u011b skupiny pracuj\u00ed s domn\u011bnkami, nikoliv s fakty. Nazvat n\u011bkoho extr\u00e9mistou bez d\u016fkaz\u016f je stejn\u00e9 jako nazvat n\u011bkoho \u0159\u00edzenou opozic\u00ed bez d\u016fkaz\u016f.<br \/>\nDr\u017eme se fakt\u016f, jen to n\u00e1s m\u016f\u017ee odli\u0161it od podporovatel\u016f p\u011btikoalice, od novin\u00e1\u0159\u016f, kte\u0159\u00ed l\u017eou a podl\u00e9haj\u00ed emoc\u00edm a n\u00e1lepk\u00e1m. J\u00e1 v\u00edm, je to t\u011b\u017e\u0161\u00ed a chce to v\u00edce zapojovat mozek, ale bez toho se nikam d\u00e1l neposuneme.<\/p>\n<p><a href=\"https:\/\/www.evahrindova.cz\/o-konspiracich\">Eva Hrindov\u00e1<\/a><\/p>\n<p>&nbsp;<\/p>\n<p><img decoding=\"async\" loading=\"lazy\" class=\"wp-image-33819 aligncenter\" src=\"http:\/\/www.infokuryr.cz\/n\/wp-content\/uploads\/2023\/08\/ces1-300x157.jpg\" alt=\"\" width=\"1370\" height=\"717\" srcset=\"https:\/\/www.infokuryr.cz\/n\/wp-content\/uploads\/2023\/08\/ces1-300x157.jpg 300w, https:\/\/www.infokuryr.cz\/n\/wp-content\/uploads\/2023\/08\/ces1-1024x536.jpg 1024w, https:\/\/www.infokuryr.cz\/n\/wp-content\/uploads\/2023\/08\/ces1-768x402.jpg 768w, https:\/\/www.infokuryr.cz\/n\/wp-content\/uploads\/2023\/08\/ces1.jpg 1200w\" sizes=\"(max-width: 1370px) 100vw, 1370px\" \/><\/p>\n<p>&nbsp;<\/p>\n<p><a href=\"https:\/\/stranapro.cz\/\"><img decoding=\"async\" loading=\"lazy\" class=\"wp-image-30218 aligncenter\" src=\"http:\/\/www.infokuryr.cz\/n\/wp-content\/uploads\/2023\/06\/PRO-banner-300x36.png\" alt=\"\" width=\"1358\" height=\"163\" srcset=\"https:\/\/www.infokuryr.cz\/n\/wp-content\/uploads\/2023\/06\/PRO-banner-300x36.png 300w, https:\/\/www.infokuryr.cz\/n\/wp-content\/uploads\/2023\/06\/PRO-banner-768x93.png 768w, https:\/\/www.infokuryr.cz\/n\/wp-content\/uploads\/2023\/06\/PRO-banner.png 849w\" sizes=\"(max-width: 1358px) 100vw, 1358px\" \/><\/a><\/p>\n<p>&nbsp;<\/p>\n<p>&nbsp;<\/p>\n<p>&nbsp;<\/p>\n","protected":false},"excerpt":{"rendered":"<p>Konspirace jsou slovo, kter\u00e9mu r\u016fzn\u00ed lid\u00e9 d\u00e1vaj\u00ed r\u016fzn\u00e9 v\u00fdznamy. Nepop\u00edr\u00e1m, \u017ee ozna\u010dit cokoliv konspirac\u00ed je&#8230;<\/p>\n","protected":false},"author":2,"featured_media":34850,"comment_status":"closed","ping_status":"closed","sticky":false,"template":"","format":"standard","meta":[],"categories":[6],"tags":[1061,29,765],"_links":{"self":[{"href":"https:\/\/www.infokuryr.cz\/n\/wp-json\/wp\/v2\/posts\/34849"}],"collection":[{"href":"https:\/\/www.infokuryr.cz\/n\/wp-json\/wp\/v2\/posts"}],"about":[{"href":"https:\/\/www.infokuryr.cz\/n\/wp-json\/wp\/v2\/types\/post"}],"author":[{"embeddable":true,"href":"https:\/\/www.infokuryr.cz\/n\/wp-json\/wp\/v2\/users\/2"}],"replies":[{"embeddable":true,"href":"https:\/\/www.infokuryr.cz\/n\/wp-json\/wp\/v2\/comments?post=34849"}],"version-history":[{"count":1,"href":"https:\/\/www.infokuryr.cz\/n\/wp-json\/wp\/v2\/posts\/34849\/revisions"}],"predecessor-version":[{"id":34851,"href":"https:\/\/www.infokuryr.cz\/n\/wp-json\/wp\/v2\/posts\/34849\/revisions\/34851"}],"wp:featuredmedia":[{"embeddable":true,"href":"https:\/\/www.infokuryr.cz\/n\/wp-json\/wp\/v2\/media\/34850"}],"wp:attachment":[{"href":"https:\/\/www.infokuryr.cz\/n\/wp-json\/wp\/v2\/media?parent=34849"}],"wp:term":[{"taxonomy":"category","embeddable":true,"href":"https:\/\/www.infokuryr.cz\/n\/wp-json\/wp\/v2\/categories?post=34849"},{"taxonomy":"post_tag","embeddable":true,"href":"https:\/\/www.infokuryr.cz\/n\/wp-json\/wp\/v2\/tags?post=34849"}],"curies":[{"name":"wp","href":"https:\/\/api.w.org\/{rel}","templated":true}]}}