{"id":34819,"date":"2023-08-27T01:08:03","date_gmt":"2023-08-26T23:08:03","guid":{"rendered":"http:\/\/www.infokuryr.cz\/n\/?p=34819"},"modified":"2023-08-26T17:24:08","modified_gmt":"2023-08-26T15:24:08","slug":"6-nelegalnich-migrantu-zustava-na-svobode-pote-co-zapalili-francouzske-zadrzovaci-stredisko-a-utekli","status":"publish","type":"post","link":"https:\/\/www.infokuryr.cz\/n\/2023\/08\/27\/6-nelegalnich-migrantu-zustava-na-svobode-pote-co-zapalili-francouzske-zadrzovaci-stredisko-a-utekli\/","title":{"rendered":"6 neleg\u00e1ln\u00edch migrant\u016f z\u016fst\u00e1v\u00e1 na svobod\u011b pot\u00e9, co zap\u00e1lili francouzsk\u00e9 zadr\u017eovac\u00ed st\u0159edisko a utekli"},"content":{"rendered":"<div id=\"fb-root\"><\/div>\n<p><span style=\"font-size: 18pt;\"><strong>Dva podez\u0159el\u00ed \u010del\u00ed obvin\u011bn\u00ed ze zap\u00e1len\u00ed objektu, ale \u0159ada uprchl\u00fdch zadr\u017een\u00fdch je st\u00e1le nezv\u011bstn\u00e1<\/strong><\/span><\/p>\n<p><span>\u0160est neleg\u00e1ln\u00edch migrant\u016f, kte\u0159\u00ed v sobotu ve\u010der vyu\u017eili v\u00fdpadku proudu k \u00fat\u011bku z deten\u010dn\u00edho centra ve francouzsk\u00e9m m\u011bst\u011b N\u00eemes, z\u016fst\u00e1v\u00e1 nezv\u011bstn\u00fdch.<\/span><\/p>\n<p><span>Francouzsk\u00e1 policie zah\u00e1jila vy\u0161et\u0159ov\u00e1n\u00ed incidentu, p\u0159i kter\u00e9m skupina migrant\u016f v neregul\u00e9rn\u00ed situaci zap\u00e1lila 14 pokoj\u016f, co\u017e vedlo k tomu, \u017ee \u0161est jedinc\u016f uniklo z komplexu a uniklo \u00fa\u0159ad\u016fm.\u00a0Dal\u0161\u00edch 11 migrant\u016f bylo po incidentu p\u0159evezeno do nemocnice.<\/span><\/p>\n<p><span>Rozum\u00ed se, \u017ee v\u00fdpadek proudu ve st\u0159edisku administrativn\u00edho zadr\u017een\u00ed v sobotu vedl k tomu, \u017ee \u0159ada zadr\u017een\u00fdch vytrhla bezpe\u010dnostn\u00ed kamery, rozbila dve\u0159e a zap\u00e1lila m\u00edstnosti ve t\u0159ech \u010d\u00e1stech za\u0159\u00edzen\u00ed.<\/span><\/p>\n<figure class=\"wp-block-embed is-type-rich is-provider-twitter wp-block-embed-twitter\">\n<div class=\"wp-block-embed__wrapper\">\n<div class=\"twitter-tweet twitter-tweet-rendered\"><iframe id=\"twitter-widget-0\" class=\"\" title=\"Twitter Tweet\" src=\"https:\/\/platform.twitter.com\/embed\/Tweet.html?dnt=true&amp;embedId=twitter-widget-0&amp;features=eyJ0ZndfdGltZWxpbmVfbGlzdCI6eyJidWNrZXQiOltdLCJ2ZXJzaW9uIjpudWxsfSwidGZ3X2ZvbGxvd2VyX2NvdW50X3N1bnNldCI6eyJidWNrZXQiOnRydWUsInZlcnNpb24iOm51bGx9LCJ0ZndfdHdlZXRfZWRpdF9iYWNrZW5kIjp7ImJ1Y2tldCI6Im9uIiwidmVyc2lvbiI6bnVsbH0sInRmd19yZWZzcmNfc2Vzc2lvbiI6eyJidWNrZXQiOiJvbiIsInZlcnNpb24iOm51bGx9LCJ0ZndfZm9zbnJfc29mdF9pbnRlcnZlbnRpb25zX2VuYWJsZWQiOnsiYnVja2V0Ijoib24iLCJ2ZXJzaW9uIjpudWxsfSwidGZ3X21peGVkX21lZGlhXzE1ODk3Ijp7ImJ1Y2tldCI6InRyZWF0bWVudCIsInZlcnNpb24iOm51bGx9LCJ0ZndfZXhwZXJpbWVudHNfY29va2llX2V4cGlyYXRpb24iOnsiYnVja2V0IjoxMjA5NjAwLCJ2ZXJzaW9uIjpudWxsfSwidGZ3X3Nob3dfYmlyZHdhdGNoX3Bpdm90c19lbmFibGVkIjp7ImJ1Y2tldCI6Im9uIiwidmVyc2lvbiI6bnVsbH0sInRmd19kdXBsaWNhdGVfc2NyaWJlc190b19zZXR0aW5ncyI6eyJidWNrZXQiOiJvbiIsInZlcnNpb24iOm51bGx9LCJ0ZndfdXNlX3Byb2ZpbGVfaW1hZ2Vfc2hhcGVfZW5hYmxlZCI6eyJidWNrZXQiOiJvbiIsInZlcnNpb24iOm51bGx9LCJ0ZndfdmlkZW9faGxzX2R5bmFtaWNfbWFuaWZlc3RzXzE1MDgyIjp7ImJ1Y2tldCI6InRydWVfYml0cmF0ZSIsInZlcnNpb24iOm51bGx9LCJ0ZndfbGVnYWN5X3RpbWVsaW5lX3N1bnNldCI6eyJidWNrZXQiOnRydWUsInZlcnNpb24iOm51bGx9LCJ0ZndfdHdlZXRfZWRpdF9mcm9udGVuZCI6eyJidWNrZXQiOiJvbiIsInZlcnNpb24iOm51bGx9fQ%3D%3D&amp;frame=false&amp;hideCard=false&amp;hideThread=false&amp;id=1693494808101405080&amp;lang=cs&amp;origin=https%3A%2F%2Frmx.news%2Ffrance%2F6-illegal-migrants-remain-at-large-after-torching-french-detention-center-and-fleeing%2F&amp;sessionId=b9bb115bebcad1295880b024b4c8fd35bfd14855&amp;theme=light&amp;widgetsVersion=aaf4084522e3a%3A1674595607486&amp;width=550px\" frameborder=\"0\" scrolling=\"no\" allowfullscreen=\"allowfullscreen\" data-tweet-id=\"1693494808101405080\" data-mce-fragment=\"1\"><\/iframe><\/div>\n<\/div>\n<\/figure>\n<p><span>K zalo\u017een\u00ed po\u017e\u00e1r\u016f pou\u017eili matrace, co\u017e vedlo k tomu, \u017ee dv\u011b z p\u011bti oblast\u00ed administrativn\u00edho centra utrp\u011bly zna\u010dn\u00e9 \u0161kody.<\/span><\/p>\n<p><span>Spr\u00e1va odhaduje \u0161kodu zp\u016fsobenou jen t\u00e9 noci na 250 000 eur.<\/span><\/p>\n<p><span>Od t\u00e9 doby prob\u00edh\u00e1 vy\u0161et\u0159ov\u00e1n\u00ed, jeho\u017e c\u00edlem jsou zejm\u00e9na dva mu\u017ei ve v\u011bku 20 a 22 let, kte\u0159\u00ed byli zadr\u017eeni ten ve\u010der ve spr\u00e1vn\u00edm st\u0159edisku.<\/span><\/p>\n<p><span>Oba podez\u0159el\u00ed byli ve \u010dtvrtek r\u00e1no vzati do vazby org\u00e1ny pov\u011b\u0159en\u00fdmi vy\u0161et\u0159ov\u00e1n\u00edm.\u00a0Oba odm\u00edtaj\u00ed ve\u0161kerou odpov\u011bdnost za incident.<\/span><\/p>\n<p><span>O\u010dek\u00e1valo se, \u017ee v p\u00e1tek p\u0159edstoup\u00ed p\u0159ed sm\u00edr\u010d\u00ed soud v N\u00eemes, aby \u010delili obvin\u011bn\u00ed z \u201epo\u0161kozov\u00e1n\u00ed majetku nebezpe\u010dn\u00fdmi prost\u0159edky\u201c a \u201eohro\u017een\u00ed \u017eivot\u016f ostatn\u00edch\u201c.<\/span><\/p>\n<p><img decoding=\"async\" loading=\"lazy\" class=\"alignnone size-full wp-image-1185\" src=\"http:\/\/www.infokuryr.cz\/n\/wp-content\/uploads\/2021\/04\/kuryr-podpis.png\" alt=\"\" width=\"84\" height=\"24\" \/><\/p>\n<p>&nbsp;<\/p>\n<p><img decoding=\"async\" loading=\"lazy\" class=\"wp-image-33819 aligncenter\" src=\"http:\/\/www.infokuryr.cz\/n\/wp-content\/uploads\/2023\/08\/ces1-300x157.jpg\" alt=\"\" width=\"1341\" height=\"702\" srcset=\"https:\/\/www.infokuryr.cz\/n\/wp-content\/uploads\/2023\/08\/ces1-300x157.jpg 300w, https:\/\/www.infokuryr.cz\/n\/wp-content\/uploads\/2023\/08\/ces1-1024x536.jpg 1024w, https:\/\/www.infokuryr.cz\/n\/wp-content\/uploads\/2023\/08\/ces1-768x402.jpg 768w, https:\/\/www.infokuryr.cz\/n\/wp-content\/uploads\/2023\/08\/ces1.jpg 1200w\" sizes=\"(max-width: 1341px) 100vw, 1341px\" \/><\/p>\n<p>&nbsp;<\/p>\n<p><a href=\"https:\/\/stranapro.cz\/\"><img decoding=\"async\" loading=\"lazy\" class=\"wp-image-30218 aligncenter\" src=\"http:\/\/www.infokuryr.cz\/n\/wp-content\/uploads\/2023\/06\/PRO-banner-300x36.png\" alt=\"\" width=\"1350\" height=\"162\" srcset=\"https:\/\/www.infokuryr.cz\/n\/wp-content\/uploads\/2023\/06\/PRO-banner-300x36.png 300w, https:\/\/www.infokuryr.cz\/n\/wp-content\/uploads\/2023\/06\/PRO-banner-768x93.png 768w, https:\/\/www.infokuryr.cz\/n\/wp-content\/uploads\/2023\/06\/PRO-banner.png 849w\" sizes=\"(max-width: 1350px) 100vw, 1350px\" \/><\/a><\/p>\n<p>&nbsp;<\/p>\n","protected":false},"excerpt":{"rendered":"<p>Dva podez\u0159el\u00ed \u010del\u00ed obvin\u011bn\u00ed ze zap\u00e1len\u00ed objektu, ale \u0159ada uprchl\u00fdch zadr\u017een\u00fdch je st\u00e1le nezv\u011bstn\u00e1 \u0160est&#8230;<\/p>\n","protected":false},"author":2,"featured_media":34820,"comment_status":"closed","ping_status":"closed","sticky":false,"template":"","format":"standard","meta":[],"categories":[7],"tags":[130,119,369],"_links":{"self":[{"href":"https:\/\/www.infokuryr.cz\/n\/wp-json\/wp\/v2\/posts\/34819"}],"collection":[{"href":"https:\/\/www.infokuryr.cz\/n\/wp-json\/wp\/v2\/posts"}],"about":[{"href":"https:\/\/www.infokuryr.cz\/n\/wp-json\/wp\/v2\/types\/post"}],"author":[{"embeddable":true,"href":"https:\/\/www.infokuryr.cz\/n\/wp-json\/wp\/v2\/users\/2"}],"replies":[{"embeddable":true,"href":"https:\/\/www.infokuryr.cz\/n\/wp-json\/wp\/v2\/comments?post=34819"}],"version-history":[{"count":1,"href":"https:\/\/www.infokuryr.cz\/n\/wp-json\/wp\/v2\/posts\/34819\/revisions"}],"predecessor-version":[{"id":34821,"href":"https:\/\/www.infokuryr.cz\/n\/wp-json\/wp\/v2\/posts\/34819\/revisions\/34821"}],"wp:featuredmedia":[{"embeddable":true,"href":"https:\/\/www.infokuryr.cz\/n\/wp-json\/wp\/v2\/media\/34820"}],"wp:attachment":[{"href":"https:\/\/www.infokuryr.cz\/n\/wp-json\/wp\/v2\/media?parent=34819"}],"wp:term":[{"taxonomy":"category","embeddable":true,"href":"https:\/\/www.infokuryr.cz\/n\/wp-json\/wp\/v2\/categories?post=34819"},{"taxonomy":"post_tag","embeddable":true,"href":"https:\/\/www.infokuryr.cz\/n\/wp-json\/wp\/v2\/tags?post=34819"}],"curies":[{"name":"wp","href":"https:\/\/api.w.org\/{rel}","templated":true}]}}