{"id":34816,"date":"2023-08-27T01:07:30","date_gmt":"2023-08-26T23:07:30","guid":{"rendered":"http:\/\/www.infokuryr.cz\/n\/?p=34816"},"modified":"2023-08-26T17:20:15","modified_gmt":"2023-08-26T15:20:15","slug":"nemec-byl-brutalne-napaden-a-oslepen-kdyz-branil-svoji-sestru-pred-muslimskym-nasilnikem","status":"publish","type":"post","link":"https:\/\/www.infokuryr.cz\/n\/2023\/08\/27\/nemec-byl-brutalne-napaden-a-oslepen-kdyz-branil-svoji-sestru-pred-muslimskym-nasilnikem\/","title":{"rendered":"N\u011bmec byl brut\u00e1ln\u011b napaden a oslepen, kdy\u017e br\u00e1nil svoji sestru p\u0159ed muslimsk\u00fdm n\u00e1siln\u00edkem"},"content":{"rendered":"<div id=\"fb-root\"><\/div>\n<p><strong>Dal\u0161\u00ed p\u0159\u00edpad brut\u00e1ln\u00edho \u00fatoku ze strany invazn\u00edch zlo\u010dinc\u016f proti p\u016fvodn\u00edmu evropsk\u00e9mu obyvatelstvu se odehr\u00e1l v N\u011bmecku. Nicm\u00e9n\u011b z\u00e1hy se objevily snahy svalit \u010d\u00e1st viny na ob\u011b\u0165.<\/strong><\/p>\n<p>V N\u011bmecku maj\u00ed ve zvyku bagatelizovat v\u0161echny krimin\u00e1ln\u00ed \u010diny muslimsk\u00fdch zlo\u010dinc\u016f, p\u0159i\u010dem\u017e ty nejhor\u0161\u00ed pos\u00edlaj\u00ed nam\u00edsto do v\u011bzen\u00ed na psychiatrii.<\/p>\n<p>Tentokr\u00e1t se objevily rozporn\u00e9 v\u00fdpov\u011bdi ze strany \u00fato\u010dn\u00edka a jeho kump\u00e1n\u016f na jedn\u00e9 stran\u011b a brut\u00e1ln\u011b napaden\u00e9ho mu\u017ee a jeho sestry na stran\u011b druh\u00e9.<\/p>\n<p>Pr\u00e1v\u011b tento rozpor nakonec m\u016f\u017ee v\u00e9st k tomu, \u017ee n\u00e1siln\u00edk, kter\u00fd mlad\u00e9ho N\u011bmce p\u0159i \u00fatoku oslepil, za sv\u016fj \u010din ani nebude pykat, p\u0159\u00edpadn\u011b od soudu odejde se symbolick\u00fdm trestem\u2026<\/p>\n<p><a href=\"https:\/\/rairfoundation.com\/night-of-horror-german-man-blinded-and-disfigured-defending-girl-from-drink-lacing-migrant\/\">Tony B. (30)<\/a>\u00a0b\u011bhem jedin\u00e9 osudov\u00e9 noci zjistil, jak se jeho \u017eivot nav\u017edy zm\u011bnil. V p\u0159edve\u010der 30. dubna se stal ob\u011bt\u00ed n\u00e1siln\u00e9ho \u010dinu, kter\u00fd ho znetvo\u0159il a p\u0159ipravil o zrak. To, co za\u010dalo jako akt state\u010dnosti chr\u00e1nit d\u00edvku p\u0159ed n\u00e1siln\u00fdm marock\u00fdm migrantem, vedlo k brut\u00e1ln\u00edmu \u00fatoku, kter\u00fd nevratn\u011b zm\u011bnil jeho \u017eivot.<\/p>\n<p>Podrobnosti odhaluj\u00ed, \u017ee Tony B. byl v mnichovsk\u00e9m klubu \u201eMilchbar\u201c, kdy\u017e k incidentu do\u0161lo. Konfrontace \u00fadajn\u011b eskalovala, co\u017e vy\u00fastilo v d\u011bsivou r\u00e1nu, p\u0159i kter\u00e9 ho \u00fato\u010dn\u00edk oslepil.<\/p>\n<p>\u00dato\u010dn\u00edk, identifikovan\u00fd jako marock\u00fd migrant Aissam D. (41), \u00fadajn\u011b ude\u0159il Tonyho sklenic\u00ed do obli\u010deje a zp\u016fsobil mu v\u00e1\u017en\u00e1 zran\u011bn\u00ed o\u010d\u00ed.<\/p>\n<p>N\u00e1sledky tohoto nesmysln\u00e9ho n\u00e1sil\u00ed byly poznamen\u00e1ny neust\u00e1lou no\u010dn\u00ed m\u016frou l\u00e9ka\u0159sk\u00fdch o\u0161et\u0159en\u00ed, vyjedn\u00e1v\u00e1n\u00ed o od\u0161kodn\u011bn\u00ed a stra\u0161idelnou realitou slepoty.<\/p>\n<p><img decoding=\"async\" loading=\"lazy\" class=\"aligncenter\" src=\"https:\/\/rairfoundation.com\/wp-content\/uploads\/2023\/08\/Screen-Shot-2023-08-25-at-12.01.29-AM-1024x525.png\" width=\"776\" height=\"398\" \/><\/p>\n<p>Od \u00fatoku se Tony B. pot\u00fdk\u00e1 s panick\u00fdmi z\u00e1chvaty na p\u0159epln\u011bn\u00fdch m\u00edstech, co\u017e je chmurn\u00e1 p\u0159ipom\u00ednka traumatu t\u00e9 noci. Navzdory t\u011bmto v\u00fdzv\u00e1m z\u016fst\u00e1v\u00e1 jeho odhodl\u00e1n\u00ed znovu z\u00edskat by\u0165 jen zlomek sv\u00e9ho zraku neochv\u011bjn\u00e9.<\/p>\n<p>Na obzoru se objevuje jisk\u0159i\u010dka nad\u011bje, proto\u017ee v z\u00e1\u0159\u00ed ho \u010dek\u00e1 operace, kter\u00e1 by mu mohla \u010d\u00e1ste\u010dn\u011b zrak vr\u00e1tit.<\/p>\n<p>Incident, zahalen\u00fd protich\u016fdn\u00fdmi v\u00fdpov\u011b\u010fmi, se tak\u00e9 setkal s pr\u00e1vn\u00edmi slo\u017eitostmi.<\/p>\n<p>Sestra Tonyho B. se na<a href=\"https:\/\/www.instagram.com\/lost.myeye\/\">\u00a0Instagramu\u00a0<\/a>sv\u011b\u0159ila s ud\u00e1lostmi, kter\u00e9 vedly k \u00fatoku.<\/p>\n<p>Jej\u00ed bratr zas\u00e1hl, kdy\u017e \u00fato\u010dn\u00edk z \u0159ad migrant\u016f bral d\u00edvce jej\u00ed n\u00e1poj a obt\u011b\u017eoval ji. Uprost\u0159ed chaosu v\u0161ak mnichovsk\u00e1 policie zah\u00e1jila vy\u0161et\u0159ov\u00e1n\u00ed proti Tonymu B. za jeho \u00fadajn\u00e9 zapojen\u00ed do fyzick\u00e9 poty\u010dky.<\/p>\n<figure class=\"wp-caption aligncenter\" style=\"width: 729px;\"><img decoding=\"async\" loading=\"lazy\" class=\"\" src=\"https:\/\/rairfoundation.com\/wp-content\/uploads\/2023\/08\/e700b6273aab50cef11ea04d56d8eee3e295ac29.webp\" alt=\"\" width=\"729\" height=\"410\" \/><figcaption class=\"wp-caption-text\">Tony B. se svoj\u00ed sestrou, p\u0159i jej\u00ed\u017e obran\u011b byl zran\u011bn<\/figcaption><\/figure>\n<p>P\u0159\u00e1tel\u00e9 a rodina dosv\u011bd\u010duj\u00ed, \u017ee Tony B. byl v\u017edy zn\u00e1m\u00fd sv\u00fdm klidn\u00fdm vystupov\u00e1n\u00edm, co\u017e \u010din\u00ed tento \u0161okuj\u00edc\u00ed obrat ud\u00e1lost\u00ed je\u0161t\u011b v\u00edce matouc\u00edm.<\/p>\n<p>Neochv\u011bjn\u00e1 podpora jeho sestry byla jeho hlavn\u00ed silou, kter\u00e1 mu umo\u017enila sd\u00edlet svou cestu zotaven\u00ed a transformace na soci\u00e1ln\u00edch m\u00e9di\u00edch.<\/p>\n<p>Na obzoru je pr\u00e1vn\u00ed bitva o od\u0161kodn\u011bn\u00ed, kter\u00e1 d\u00e1le prodlu\u017euje tr\u00e1pen\u00ed, kter\u00e9 Tony B. od on\u00e9 tr\u00fdzniv\u00e9 noci sn\u00e1\u0161\u00ed. Navzdory temnot\u011b, kter\u00e1 ho postihla, z\u016fst\u00e1v\u00e1 jeho odhodl\u00e1n\u00ed z\u00edskat zp\u011bt sv\u016fj \u017eivot neot\u0159eseno.<\/p>\n<p>St\u00e1le v\u0161ak hroz\u00ed, \u017ee pr\u00e1v\u011b on bude nakonec za zapojen\u00ed se do bitky odsouzen \u2013 by\u0165 t\u0159eba jen k podm\u00ednce \u010di pokut\u011b, bez ohledu na to, \u017ee br\u00e1nil svoji sestru, p\u0159i\u010dem\u017e minim\u00e1ln\u011b do\u010dasn\u011b p\u0159i\u0161el o zrak.<\/p>\n<p>Zaj\u00edmav\u00e9 tak\u00e9 bude sledovat, jak u soudu dopadne samotn\u00fd \u00fato\u010dn\u00edk\u2026<\/p>\n<p><a href=\"https:\/\/rmx.news\/crime\/german-victim-blinded-in-glass-attack-by-moroccan-migrant-speaks-out-over-paltry-compensation-offer\/\">ZDROJ<\/a><\/p>\n<p>&nbsp;<\/p>\n<p><img decoding=\"async\" loading=\"lazy\" class=\"wp-image-33819 aligncenter\" src=\"http:\/\/www.infokuryr.cz\/n\/wp-content\/uploads\/2023\/08\/ces1-300x157.jpg\" alt=\"\" width=\"1364\" height=\"714\" srcset=\"https:\/\/www.infokuryr.cz\/n\/wp-content\/uploads\/2023\/08\/ces1-300x157.jpg 300w, https:\/\/www.infokuryr.cz\/n\/wp-content\/uploads\/2023\/08\/ces1-1024x536.jpg 1024w, https:\/\/www.infokuryr.cz\/n\/wp-content\/uploads\/2023\/08\/ces1-768x402.jpg 768w, https:\/\/www.infokuryr.cz\/n\/wp-content\/uploads\/2023\/08\/ces1.jpg 1200w\" sizes=\"(max-width: 1364px) 100vw, 1364px\" \/><\/p>\n<p>&nbsp;<\/p>\n<p><a href=\"https:\/\/stranapro.cz\/\"><img decoding=\"async\" loading=\"lazy\" class=\"wp-image-30218 aligncenter\" src=\"http:\/\/www.infokuryr.cz\/n\/wp-content\/uploads\/2023\/06\/PRO-banner-300x36.png\" alt=\"\" width=\"1358\" height=\"163\" srcset=\"https:\/\/www.infokuryr.cz\/n\/wp-content\/uploads\/2023\/06\/PRO-banner-300x36.png 300w, https:\/\/www.infokuryr.cz\/n\/wp-content\/uploads\/2023\/06\/PRO-banner-768x93.png 768w, https:\/\/www.infokuryr.cz\/n\/wp-content\/uploads\/2023\/06\/PRO-banner.png 849w\" sizes=\"(max-width: 1358px) 100vw, 1358px\" \/><\/a><\/p>\n<p>&nbsp;<\/p>\n<p>&nbsp;<\/p>\n<div class=\"yasr-visitor-votes\"><\/div>\n","protected":false},"excerpt":{"rendered":"<p>Dal\u0161\u00ed p\u0159\u00edpad brut\u00e1ln\u00edho \u00fatoku ze strany invazn\u00edch zlo\u010dinc\u016f proti p\u016fvodn\u00edmu evropsk\u00e9mu obyvatelstvu se odehr\u00e1l v&#8230;<\/p>\n","protected":false},"author":2,"featured_media":34817,"comment_status":"closed","ping_status":"closed","sticky":false,"template":"","format":"standard","meta":[],"categories":[7],"tags":[551,1300,239,1074,84,5744],"_links":{"self":[{"href":"https:\/\/www.infokuryr.cz\/n\/wp-json\/wp\/v2\/posts\/34816"}],"collection":[{"href":"https:\/\/www.infokuryr.cz\/n\/wp-json\/wp\/v2\/posts"}],"about":[{"href":"https:\/\/www.infokuryr.cz\/n\/wp-json\/wp\/v2\/types\/post"}],"author":[{"embeddable":true,"href":"https:\/\/www.infokuryr.cz\/n\/wp-json\/wp\/v2\/users\/2"}],"replies":[{"embeddable":true,"href":"https:\/\/www.infokuryr.cz\/n\/wp-json\/wp\/v2\/comments?post=34816"}],"version-history":[{"count":1,"href":"https:\/\/www.infokuryr.cz\/n\/wp-json\/wp\/v2\/posts\/34816\/revisions"}],"predecessor-version":[{"id":34818,"href":"https:\/\/www.infokuryr.cz\/n\/wp-json\/wp\/v2\/posts\/34816\/revisions\/34818"}],"wp:featuredmedia":[{"embeddable":true,"href":"https:\/\/www.infokuryr.cz\/n\/wp-json\/wp\/v2\/media\/34817"}],"wp:attachment":[{"href":"https:\/\/www.infokuryr.cz\/n\/wp-json\/wp\/v2\/media?parent=34816"}],"wp:term":[{"taxonomy":"category","embeddable":true,"href":"https:\/\/www.infokuryr.cz\/n\/wp-json\/wp\/v2\/categories?post=34816"},{"taxonomy":"post_tag","embeddable":true,"href":"https:\/\/www.infokuryr.cz\/n\/wp-json\/wp\/v2\/tags?post=34816"}],"curies":[{"name":"wp","href":"https:\/\/api.w.org\/{rel}","templated":true}]}}