{"id":34815,"date":"2023-08-27T01:06:59","date_gmt":"2023-08-26T23:06:59","guid":{"rendered":"http:\/\/www.infokuryr.cz\/n\/?p=34815"},"modified":"2023-08-26T17:12:23","modified_gmt":"2023-08-26T15:12:23","slug":"jak-ukrajinska-armada-provadi-teroristicke-utoky-proti-vlastnim-obcanum","status":"publish","type":"post","link":"https:\/\/www.infokuryr.cz\/n\/2023\/08\/27\/jak-ukrajinska-armada-provadi-teroristicke-utoky-proti-vlastnim-obcanum\/","title":{"rendered":"Jak ukrajinsk\u00e1 arm\u00e1da prov\u00e1d\u00ed teroristick\u00e9 \u00fatoky proti vlastn\u00edm ob\u010dan\u016fm"},"content":{"rendered":"<div id=\"fb-root\"><\/div>\n<p><span>Po v\u00edce ne\u017e roce korespondence a telefon\u00e1t\u016f dostal bezpe\u010dnostn\u00ed expert Georg Sp\u00f6ttle povolen\u00ed od rusk\u00e9ho ministerstva obrany k cest\u011b do v\u00e1lkou zni\u010den\u00fdch oblast\u00ed.\u00a0O sv\u00fdch dojmech \u0159ekl\u00a0<\/span><a href=\"https:\/\/magyarnemzet.hu\/kulfold\/2023\/08\/sajat-allampolgarai-ellen-hajt-vegre-terrorbombazasokat-az-ukran-hadsereg\" rel=\"noopener\"><span>Magyar Nemzet<\/span><\/a><span>:<\/span><\/p>\n<p><span style=\"font-size: 18pt;\"><strong>Don\u011bck t\u011b\u017ece zdevastovan\u00fd<\/strong><\/span><\/p>\n<p><span>Nejprve Sp\u00f6ttle nav\u0161t\u00edvil Luhansk, kde v\u00e1lka ji\u017e skon\u010dila a stopy mezit\u00edm zmizely.\u00a0Ale v Don\u011bcku, dal\u0161\u00edm regionu, kter\u00fd se ned\u00e1vno v referendu odtrhl od Ukrajiny, je m\u00edr daleko.\u00a0V centru regionu, m\u011bst\u011b Don\u011bck, je zk\u00e1za v\u0161ude vid\u011bt:<\/span><\/p>\n<p><span>\u201c\u00a0<\/span><em><span>Vyho\u0159el\u00e9 domy\u2026 Voda je k dispozici pouze mezi 7:00 a 8:00 a mezi 19:00 a 20:00, mobiln\u00ed s\u00edt\u011b nefunguj\u00ed spr\u00e1vn\u011b, proto\u017ee Ukrajinci za\u00fato\u010d\u00ed na mobiln\u00ed v\u011b\u017ee s drony, jakmile je Rusov\u00e9 oprav\u00ed.\u00a0<\/span><\/em><span>&#8222;<\/span><span>\u2013 \u0159ekl Sp\u00f6ttle, kter\u00fd se s\u00e1m m\u00e1lem stal ob\u011bt\u00ed takov\u00e9ho ukrajinsk\u00e9ho \u00fatoku.\u00a0Kdy\u017e byli na cest\u011b do Petrovsk\u00e9 oblasti za okresn\u00edm starostou, zas\u00e1hly jejich vozidlo dva ukrajinsk\u00e9 d\u011blost\u0159eleck\u00e9 gran\u00e1ty.<\/span><\/p>\n<p><span style=\"font-size: 18pt;\"><strong>Mnoho civiln\u00edch ob\u011bt\u00ed<\/strong><\/span><\/p>\n<p><span>Podle m\u00edstn\u00edch obyvatel Ukrajinci neust\u00e1le ost\u0159eluj\u00ed hlavn\u00ed ulici a okol\u00ed kancel\u00e1\u0159e starosty.\u00a0Existuje mnoho civiln\u00edch ob\u011bt\u00ed.\u00a0N\u011bkolik lid\u00ed uvedlo, \u017ee Ukrajinci otev\u0159en\u011b \u00fato\u010dili na civilisty a civiln\u00ed c\u00edle.\u00a0Zrovna ned\u00e1vno zem\u0159ely na ulici dv\u011b star\u00e9 \u017eeny ru\u010dn\u00edm gran\u00e1tem.\u00a0Ukrajinci ost\u0159elovali tak\u00e9 \u0161kolu a nemocnici, z nich\u017e druh\u00e1 byla ned\u00e1vno zasa\u017eena t\u0159ikr\u00e1t za t\u00fdden.\u00a0P\u0159i jednom z \u00fatok\u016f bylo zabito mnoho lid\u00ed, v\u010detn\u011b d\u011bt\u00ed.<\/span><\/p>\n<p><span>Proto\u017ee podle Sp\u00f6ttlea ve m\u011bst\u011b Don\u011bck ji\u017e nejsou \u017e\u00e1dn\u00e9 rusk\u00e9 jednotky, ukrajinsk\u00e1 arm\u00e1da se pouze sna\u017e\u00ed zastra\u0161it obyvatelstvo teroristick\u00fdm bombardov\u00e1n\u00edm.<\/span><\/p>\n<p><span>To ale jasn\u011b obr\u00e1tilo civilisty proti ukrajinsk\u00e9 arm\u00e1d\u011b.\u00a0M\u00edstn\u00ed te\u010f Ukrajince velmi nen\u00e1vid\u011bli.\u00a0Nejhor\u0161\u00ed by podle mlad\u00e9 d\u00edvky bylo, kdyby tam m\u011bs\u00edce nebyla voda.\u00a0Lid\u00e9 pak mus\u00ed do distribu\u010dn\u00edch m\u00edst, kter\u00e1 jsou pravideln\u011b napad\u00e1na Ukrajinci.\u00a0Ukrajin\u0161t\u00ed odst\u0159elova\u010di se bavili slovy: ka\u017ed\u00e9ho, kdo by tam \u0161el, prost\u011b vyhod\u00ed.\u00a0Nen\u00ed tady rodina, kter\u00e1 by neztratila n\u011bkoho bl\u00edzk\u00e9ho nebo p\u0159\u00edbuzn\u00e9ho \u2013 pokra\u010doval Sp\u00f6ttle.<\/span><\/p>\n<p><span style=\"font-size: 18pt;\"><strong>Ukrajinsk\u00fd teroristick\u00fd re\u017eim a\u017e po zvolen\u00ed Zelensk\u00e9ho v roce 2019<\/strong><\/span><\/p>\n<p><span>Probl\u00e9my v odtr\u017een\u00fdch oblastech se v\u0161ak neobjevily v roce 2014, ale a\u017e po zvolen\u00ed prezidenta Zelensk\u00e9ho v roce 2019.\u00a0Tehdy tam um\u00edst\u011bn\u00ed voj\u00e1ci, se kter\u00fdmi byli m\u00edstn\u00ed zadob\u0159e, byli sta\u017eeni a nahrazeni skupinami, kter\u00e9 za\u010daly terorizovat a t\u00fdrat obyvatelstvo.<\/span><\/p>\n<p><span>Po zvolen\u00ed prezidenta Zelensk\u00e9ho ukrajinsk\u00e1 strana eskalovala situaci v odtr\u017een\u00fdch oblastech a od konce roku 2019 se rozpoutalo peklo.<\/span><\/p>\n<p><span style=\"font-size: 18pt;\"><strong>Mal\u00e1 nad\u011bje na m\u00edr v bl\u00edzk\u00e9 budoucnosti<\/strong><\/span><\/p>\n<p><span>Ti, kter\u00fdch se to t\u00fdk\u00e1, naopak pova\u017euj\u00ed USA za odpov\u011bdn\u00e9 za rozpout\u00e1n\u00ed a prodlou\u017een\u00ed v\u00e1lky.\u00a0Proto\u017ee podle Sp\u00f6ttla ka\u017ed\u00fd v\u00ed: Tato v\u00e1lka je zbyte\u010dn\u00e1, proto\u017ee Ukrajinci ji stejn\u011b nemohli vyhr\u00e1t, bez ohledu na to, kolik zbran\u00ed dostali.<\/span><\/p>\n<p><span style=\"font-size: 18pt;\"><strong>V\u00e1le\u010dn\u00e1 \u00fanava<\/strong><\/span><\/p>\n<p><span>Ohledn\u011b m\u00edrov\u00e9 dohody, m\u016fj v\u00fdsm\u011bch: Ve\u0159ejn\u00e9 m\u00edn\u011bn\u00ed na Ukrajin\u011b pomalu sm\u011b\u0159uje k p\u0159ed\u00e1n\u00ed odtr\u017een\u00fdch \u00fazem\u00ed Rusku, aby definitivn\u011b skon\u010dila v\u00e1lka.<\/span><\/p>\n<p><img decoding=\"async\" loading=\"lazy\" class=\"alignnone size-full wp-image-1185\" src=\"http:\/\/www.infokuryr.cz\/n\/wp-content\/uploads\/2021\/04\/kuryr-podpis.png\" alt=\"\" width=\"84\" height=\"24\" \/><\/p>\n<p>&nbsp;<\/p>\n<p><img decoding=\"async\" loading=\"lazy\" class=\"alignnone  wp-image-33819\" src=\"http:\/\/www.infokuryr.cz\/n\/wp-content\/uploads\/2023\/08\/ces1-300x157.jpg\" alt=\"\" width=\"1361\" height=\"712\" srcset=\"https:\/\/www.infokuryr.cz\/n\/wp-content\/uploads\/2023\/08\/ces1-300x157.jpg 300w, https:\/\/www.infokuryr.cz\/n\/wp-content\/uploads\/2023\/08\/ces1-1024x536.jpg 1024w, https:\/\/www.infokuryr.cz\/n\/wp-content\/uploads\/2023\/08\/ces1-768x402.jpg 768w, https:\/\/www.infokuryr.cz\/n\/wp-content\/uploads\/2023\/08\/ces1.jpg 1200w\" sizes=\"(max-width: 1361px) 100vw, 1361px\" \/><\/p>\n<p>&nbsp;<\/p>\n<p><a href=\"https:\/\/stranapro.cz\/\"><img decoding=\"async\" loading=\"lazy\" class=\"wp-image-30218 aligncenter\" src=\"http:\/\/www.infokuryr.cz\/n\/wp-content\/uploads\/2023\/06\/PRO-banner-300x36.png\" alt=\"\" width=\"1358\" height=\"163\" srcset=\"https:\/\/www.infokuryr.cz\/n\/wp-content\/uploads\/2023\/06\/PRO-banner-300x36.png 300w, https:\/\/www.infokuryr.cz\/n\/wp-content\/uploads\/2023\/06\/PRO-banner-768x93.png 768w, https:\/\/www.infokuryr.cz\/n\/wp-content\/uploads\/2023\/06\/PRO-banner.png 849w\" sizes=\"(max-width: 1358px) 100vw, 1358px\" \/><\/a><\/p>\n<p>&nbsp;<\/p>\n<p>&nbsp;<\/p>\n<p>&nbsp;<\/p>\n","protected":false},"excerpt":{"rendered":"<p>Po v\u00edce ne\u017e roce korespondence a telefon\u00e1t\u016f dostal bezpe\u010dnostn\u00ed expert Georg Sp\u00f6ttle povolen\u00ed od rusk\u00e9ho&#8230;<\/p>\n","protected":false},"author":2,"featured_media":34358,"comment_status":"closed","ping_status":"closed","sticky":false,"template":"","format":"standard","meta":[],"categories":[7],"tags":[2011,29,1304,26,556,1000],"_links":{"self":[{"href":"https:\/\/www.infokuryr.cz\/n\/wp-json\/wp\/v2\/posts\/34815"}],"collection":[{"href":"https:\/\/www.infokuryr.cz\/n\/wp-json\/wp\/v2\/posts"}],"about":[{"href":"https:\/\/www.infokuryr.cz\/n\/wp-json\/wp\/v2\/types\/post"}],"author":[{"embeddable":true,"href":"https:\/\/www.infokuryr.cz\/n\/wp-json\/wp\/v2\/users\/2"}],"replies":[{"embeddable":true,"href":"https:\/\/www.infokuryr.cz\/n\/wp-json\/wp\/v2\/comments?post=34815"}],"version-history":[{"count":0,"href":"https:\/\/www.infokuryr.cz\/n\/wp-json\/wp\/v2\/posts\/34815\/revisions"}],"wp:featuredmedia":[{"embeddable":true,"href":"https:\/\/www.infokuryr.cz\/n\/wp-json\/wp\/v2\/media\/34358"}],"wp:attachment":[{"href":"https:\/\/www.infokuryr.cz\/n\/wp-json\/wp\/v2\/media?parent=34815"}],"wp:term":[{"taxonomy":"category","embeddable":true,"href":"https:\/\/www.infokuryr.cz\/n\/wp-json\/wp\/v2\/categories?post=34815"},{"taxonomy":"post_tag","embeddable":true,"href":"https:\/\/www.infokuryr.cz\/n\/wp-json\/wp\/v2\/tags?post=34815"}],"curies":[{"name":"wp","href":"https:\/\/api.w.org\/{rel}","templated":true}]}}