{"id":34778,"date":"2023-08-26T01:18:56","date_gmt":"2023-08-25T23:18:56","guid":{"rendered":"http:\/\/www.infokuryr.cz\/n\/?p=34778"},"modified":"2023-08-25T20:08:28","modified_gmt":"2023-08-25T18:08:28","slug":"zavislost-na-statu-je-jadrem-spiknuti-na-prevzeti-nadvlady-nad-lidstvem","status":"publish","type":"post","link":"https:\/\/www.infokuryr.cz\/n\/2023\/08\/26\/zavislost-na-statu-je-jadrem-spiknuti-na-prevzeti-nadvlady-nad-lidstvem\/","title":{"rendered":"Z\u00e1vislost na st\u00e1tu je j\u00e1drem spiknut\u00ed na p\u0159evzet\u00ed nadvl\u00e1dy nad lidstvem"},"content":{"rendered":"<div id=\"fb-root\"><\/div>\n<p><strong><em>\u201eNen\u00ed to nekone\u010dn\u011b se roz\u0161i\u0159uj\u00edc\u00ed seznam pr\u00e1v \u2013 pr\u00e1vo na zdravotn\u00ed p\u00e9\u010di, pr\u00e1vo na j\u00eddlo a bydlen\u00ed.\u00a0To nen\u00ed svoboda, to je z\u00e1vislost.\u00a0To nejsou pr\u00e1va, to jsou d\u00e1vky otroctv\u00ed \u2013 seno a st\u00e1j pro lidsk\u00fd skot.\u201c <\/em>\u2013 PJ O&#8217;Rourke<\/strong><\/p>\n<p>V\u011bt\u0161ina z v\u00e1s vstoupila do z\u00e1v\u011bre\u010dn\u00e9 f\u00e1ze sv\u00e9ho dobrovoln\u00e9ho p\u0159ijet\u00ed masov\u00e9ho otroctv\u00ed.\u00a0Toto otroctv\u00ed je pln\u011b z\u00e1visl\u00e9 na konceptu strachu, pod\u0159\u00edzen\u00ed se fale\u0161n\u00e9 \u201eautorit\u011b\u201c a \u00fapln\u00e9 z\u00e1vislosti na samotn\u00e9m tyranu naz\u00fdvan\u00e9m vl\u00e1da, jeho\u017e pl\u00e1nem je ovl\u00e1dat sv\u011bt ovl\u00e1d\u00e1n\u00edm b\u011b\u017en\u00e9ho, \u200b\u200bignorantsk\u00e9ho a apatick\u00e9ho kolektivn\u00edho davu naz\u00fdvan\u00e9ho \u201elid\u00e9\u201c.<\/p>\n<p>Nejd\u016fle\u017eit\u011bj\u0161\u00ed slo\u017ekou tohoto programu \u201e\u00a0<a href=\"https:\/\/www.badatel.net\/kral-karol-iii-planuje-urychlit-velky-reset-a-dalsie-protiludske-ciele-globalistov\/\">Velk\u00e9ho resetu<\/a>\u00a0\u201c je, aby byla v\u011bt\u0161ina lid\u00ed z\u00e1visl\u00e1 na st\u00e1tu, a tento fenom\u00e9n je nyn\u00ed bl\u00edzko.<\/p>\n<p>Z\u00e1kladn\u00edm podkladem v\u0161ech omezen\u00ed, kontroly finan\u010dn\u00edch a pen\u011b\u017en\u00edch transakc\u00ed a kontroly pohybu bude podvod a fra\u0161ka naz\u00fdv\u00e1na \u201e\u010dlov\u011bkem zp\u016fsoben\u00e1 zm\u011bna klimatu\u201c.\u00a0\u017d\u00e1dn\u00fd strach, pou\u017eij\u00ed i mnoho jin\u00fdch v\u00fdmluv a aspekt\u016f kontroly a manipulace, ale hoax o \u201eklimatick\u00e9 zm\u011bn\u011b\u201c bude v\u00fdchoz\u00edm bodem.<\/p>\n<h2>Elita v\u00fdrazn\u011b zrychlila sv\u00e9 pl\u00e1ny na ovl\u00e1dnut\u00ed sv\u011bta<\/h2>\n<p>Rychlost t\u00e9to agendy se zrychlila v porovn\u00e1n\u00ed s p\u016fvodn\u00edmi \u010dasov\u00fdmi projekcemi.\u00a0Je to zp\u016fsobeno t\u00edm, \u017ee n\u011bkte\u0159\u00ed lid\u00e9, kte\u0159\u00ed rozum\u011bj\u00ed tomu, co se ve skute\u010dnosti d\u011bje, za\u010d\u00ednaj\u00ed v\u00edce k\u0159i\u010det, aby pouk\u00e1zali na v\u0161echny rozpory, l\u017ei a propagandu, kter\u00e9 zaplavily spole\u010dnost za posledn\u00edch n\u011bkolik desetilet\u00ed.<\/p>\n<p>V tomto bod\u011b pon\u011bkud panik\u00e1\u0159\u00edc\u00ed mocensk\u00e1 t\u0159\u00edda a jej\u00ed p\u011b\u0161\u00e1ci ve vl\u00e1d\u00e1ch v\u00fdrazn\u011b eskalovali svou teroristickou kampa\u0148 po cel\u00e9m sv\u011bt\u011b, aby zastavili disent d\u0159\u00edve, ne\u017e se mu poda\u0159\u00ed p\u0159\u00edli\u0161 roz\u0161\u00ed\u0159it.<\/p>\n<p>Tato kampa\u0148 teroru m\u00e1 posunout strach na mnohem vy\u0161\u0161\u00ed \u00farove\u0148, aby bylo mo\u017en\u00e9 dos\u00e1hnout c\u00edl\u016f ovl\u00e1dnut\u00ed sv\u011bta s men\u0161\u00edm odporem.\u00a0Jak ji\u017e bylo zm\u00edn\u011bno, hlavn\u00ed zam\u011b\u0159en\u00ed tohoto zv\u00fd\u0161en\u00e9ho zastra\u0161ov\u00e1n\u00ed je zalo\u017eeno na fale\u0161n\u00e9m modelu \u201ezm\u011bny klimatu\u201c.<\/p>\n<p>Jedn\u00edm ze zjevn\u00fdch p\u0159\u00edklad\u016f t\u00e9to kampan\u011b strachu je z\u00e1m\u011brn\u011b zv\u00fd\u0161en\u00e1 hrozba takzvan\u00fdch pov\u011btrnostn\u00edch anom\u00e1li\u00ed, zejm\u00e9na podez\u0159el\u00fdch (z\u00e1m\u011brn\u011b zalo\u017een\u00fdch) po\u017e\u00e1r\u016f ho\u0159\u00edc\u00edch kv\u016fli \u201estra\u0161n\u011b vysok\u00fdm teplot\u00e1m\u201c, kter\u00e9 ni\u010d\u00ed konkr\u00e9tn\u00ed majetky, m\u011bsta a cenn\u00e9 pozemky pln\u00e9 nerostn\u00fdch surovin.<\/p>\n<p>Tato nep\u0159irozen\u00e1 ohniska po\u017e\u00e1r\u016f za\u010dala na za\u010d\u00e1tku jara a od t\u00e9 doby neust\u00e1le pokra\u010duj\u00ed.\u00a0To, co za\u010dalo v Kanad\u011b, nyn\u00ed zachv\u00e1tilo havajsk\u00fd ostrov Maui, krom\u011b mnoha jin\u00fdch oblast\u00ed po cel\u00e9m sv\u011bt\u011b, a zk\u00e1za je neuv\u011b\u0159iteln\u00e1.<\/p>\n<p>Pouze psychopati mohou sp\u00e1chat takov\u00e9 zlo, jako je toto, av\u0161ak obvi\u0148ov\u00e1n\u00ed fale\u0161n\u00fdch \u201eklimatick\u00fdch zm\u011bn\u201c bylo samoz\u0159ejm\u011b akceptov\u00e1no v\u011bt\u0161inou populace, propagovan\u00e9 vl\u00e1dnouc\u00ed t\u0159\u00eddou a ka\u017ed\u00fdm mainstreamov\u00fdm m\u00e9diem, kter\u00e9 vlastn\u011bn\u00ed nebo kontroluje st\u00e1t.<\/p>\n<p>\u00datok na v\u0161echny hleda\u010de pravdy, kte\u0159\u00ed tvrd\u00ed, \u017ee tyto stra\u0161liv\u00e9 po\u017e\u00e1ry byly zap\u00e1leny \u00famysln\u011b, byl okam\u017eit\u00fd a bez jak\u00e9hokoli legitimn\u00edho d\u016fkazu o opaku.\u00a0Ve skute\u010dnosti byla tato synchronizovan\u00e1 reakce jist\u011b koordinov\u00e1na.<\/p>\n<p>Moment\u00e1ln\u011b se bojuje o to, kdo zabere sho\u0159el\u00e9 pozemky na havajsk\u00e9m Maui.\u00a0A to slovo \u201ezabr\u00e1n\u00ed\u201c m\u00e1m na mysli doslova.\u00a0Uk\u00e1zalo se toti\u017e, \u017ee mnoz\u00ed se pokou\u0161ej\u00ed koupit a z\u00edskat smlouvy na vybudov\u00e1n\u00ed nov\u00e9ho \u201einteligentn\u00edho 15minutov\u00e9ho m\u011bsta\u201c na t\u00e9to posv\u00e1tn\u00e9 p\u016fd\u011b a je do toho zapojeno mnoho velk\u00fdch hr\u00e1\u010d\u016f, v\u010detn\u011b Blackrocku.<\/p>\n<p>Ti, kdo tvrd\u00ed, \u017ee pom\u00e1haj\u00ed \u2013 lid\u00e9 jako Jeff Bezos (majitel Amazonu) a Oprah Winfrey \u2013 jsou ji\u017e ve velk\u00e9 m\u00ed\u0159e zaanga\u017eov\u00e1ni.\u00a0Guvern\u00e9r Havaje, Josh Green, to p\u0159evzal pod svou kontrolu, ale ne ve prosp\u011bch t\u011bch obyvatel a majitel\u016f firem, kte\u0159\u00ed p\u0159i\u0161li o v\u0161echno.\u00a0(Krom\u011b toho, domy a majetky Bezose a Winfreyovy magicky unikly ohni.)<\/p>\n<p>Tento \u010f\u00e1belsk\u00fd guvern\u00e9r Josh Green, skute\u010dn\u00fd vl\u00e1dnouc\u00ed politik, \u0159ekl je\u0161t\u011b p\u0159edt\u00edm, ne\u017e byla nalezena v\u0161echna t\u011bla a p\u0159ed kon\u00e1n\u00edm poh\u0159b\u016f mrtv\u00fdch, n\u00e1sleduj\u00edc\u00ed:<\/p>\n<p><em>\u201eU\u017e nyn\u00ed p\u0159em\u00fd\u0161l\u00edm o zp\u016fsobech, jak by st\u00e1t mohl z\u00edskat tyto pozemky, abychom mohli ubytovat zam\u011bstnance, vr\u00e1tit je rodin\u00e1m nebo z nich ud\u011blat otev\u0159en\u00e1 prostranstv\u00ed na v\u011b\u010dnost jako pam\u00e1tn\u00edk lidem, kte\u0159\u00ed byli ztraceni.\u201c<\/em><\/p>\n<p>A co v\u0161ichni ti, kte\u0159\u00ed vlastn\u00ed p\u016fdu, kterou \u201est\u00e1t\u201c n\u00e1sil\u00ed vykoup\u00ed (ukradne)?<\/p>\n<div class=\"code-block code-block-9\">\n<div id=\"badat-157489929\">\n<p><img decoding=\"async\" loading=\"lazy\" class=\"wp-image-33819 aligncenter\" src=\"http:\/\/www.infokuryr.cz\/n\/wp-content\/uploads\/2023\/08\/ces1-300x157.jpg\" alt=\"\" width=\"1362\" height=\"713\" srcset=\"https:\/\/www.infokuryr.cz\/n\/wp-content\/uploads\/2023\/08\/ces1-300x157.jpg 300w, https:\/\/www.infokuryr.cz\/n\/wp-content\/uploads\/2023\/08\/ces1-1024x536.jpg 1024w, https:\/\/www.infokuryr.cz\/n\/wp-content\/uploads\/2023\/08\/ces1-768x402.jpg 768w, https:\/\/www.infokuryr.cz\/n\/wp-content\/uploads\/2023\/08\/ces1.jpg 1200w\" sizes=\"(max-width: 1362px) 100vw, 1362px\" \/><\/p>\n<\/div>\n<\/div>\n<h2>Mno\u017estv\u00ed neobvykl\u00fdch ud\u00e1lost\u00ed za posledn\u00ed roky<\/h2>\n<p>Ale nezastavme se zde, proto\u017ee v t\u00e9m\u017ee roce do\u0161lo k neuv\u011b\u0159iteln\u00fdm vykolejen\u00edm vlak\u016f, z nich\u017e v\u011bt\u0161ina zahrnovala velmi jedovat\u00e9 a toxick\u00e9 materi\u00e1ly, kter\u00e9 byly samoz\u0159ejm\u011b z\u00e1m\u011brn\u011b vypu\u0161t\u011bny (v d\u016fsledku \u00famysln\u00e9ho zalo\u017een\u00ed po\u017e\u00e1ru).<\/p>\n<p>P\u0159\u00edkladem jsou \u0161kodliv\u00e9 chemik\u00e1lie ve v\u00fdchodn\u00ed Palestin\u011b ve st\u00e1t\u011b Ohio, kter\u00e9 otr\u00e1vily velkou \u010d\u00e1st severov\u00fdchodu USA.\u00a0Do\u0161lo k mnoha dal\u0161\u00edm incident\u016fm podobn\u00e9ho charakteru.<\/p>\n<p>Co se t\u00fd\u010de extr\u00e9mn\u00edho vyvol\u00e1v\u00e1n\u00ed strachu, meteorologick\u00e9 \u201eslu\u017eby\u201c na celost\u00e1tn\u00ed \u00farovni z\u00e1m\u011brn\u011b pozm\u011bnily v\u0161echny p\u0159edpov\u011bdi po\u010das\u00ed, aby vyvolaly extr\u00e9mn\u00ed strach v kolektivn\u00edm st\u00e1d\u011b zvan\u00e9m \u201eob\u010danstv\u00ed\u201c.\u00a0Z toho mno\u017estv\u00ed fantastick\u00fdch tvrzen\u00ed o rekordn\u00edch tepl\u00e1ch je p\u0159itom v\u011bt\u0161ina p\u0159\u00edpad\u016f fale\u0161n\u00e1.<\/p>\n<p>Nam\u00edsto zelen\u00fdch a tmav\u0161\u00edch tlumen\u00fdch barev, kter\u00e9 ukazuj\u00ed teplo, se tmav\u00e1 \u010derven\u00e1 a fialov\u00e1 stala novou normou sou\u010dasn\u011b v ka\u017ed\u00e9 krajn\u011b.\u00a0Ur\u010dit\u011b n\u00e1hoda, \u017ee?<\/p>\n<p>Nav\u00edc horko u\u017e nen\u00ed jen hork\u00e9, ale podle t\u011bchto meteorologick\u00fdch idiot\u016f nyn\u00ed \u201ev\u0159e\u201c.\u00a0Uveden\u00e9 popisy, a\u010d jsou sm\u011b\u0161n\u00e9, jsou z\u00e1m\u011brn\u011b ur\u010deny k tomu, aby vyvol\u00e1valy nep\u0159im\u011b\u0159en\u00fd poplach u neinformovan\u00e9 \u201eve\u0159ejnosti\u201c s malou nebo \u017e\u00e1dnou snahou pochopit jakoukoli pravdu.<\/p>\n<p>V\u0161echny tyto v\u011bci a nekone\u010dn\u00e9 mno\u017estv\u00ed dal\u0161\u00edch hrozeb, v\u010detn\u011b hrozby jadern\u00e9 v\u00e1lky, finan\u010dn\u00edho kolapsu, nedostatku potravin, extr\u00e9mn\u00ed inflace vedouc\u00ed k extr\u00e9mn\u00edm cen\u00e1m, k nov\u00fdm \u201epandemick\u00fdm\u201c mimo\u0159\u00e1dn\u00fdm ud\u00e1lostem, k cestovn\u00edm omezen\u00edm, lockdown\u016fm, monitorov\u00e1n\u00ed v\u0161ech finan\u010dn\u00edch transakc\u00ed a celkov\u00e9 digitalizaci ekonomiky s c\u00edlem v\u0161ech kontrolovat, jsou nyn\u00ed konstantn\u00ed.<\/p>\n<p>Agresivn\u011b se prosazuje konec hotovosti a v bl\u00edzk\u00e9 budoucnosti se bl\u00ed\u017e\u00ed nahrazen\u00ed digit\u00e1ln\u00ed m\u011bnou centr\u00e1ln\u00ed banky (CBDC).\u00a0I tato agenda se v posledn\u00ed dob\u011b v\u00fdrazn\u011b zrychlila, co\u017e nazna\u010duje, \u017ee vl\u00e1dnouc\u00ed elita spole\u010dnosti se sna\u017e\u00ed rychleji roz\u0161i\u0159ovat sv\u00e9 kontroln\u00ed mechanismy, aby se vyhnula jak\u00e9mukoli odporu.<\/p>\n<p>Vzhledem ke v\u0161emu, co se dnes d\u011bje \u2013 velk\u00fd n\u00e1r\u016fst z\u00e1m\u011brn\u011b strukturovan\u00fdch katastrofick\u00fdch ud\u00e1lost\u00ed, masivn\u00ed p\u0159esun bohatstv\u00ed a majetku, agresivn\u00ed postoj vl\u00e1d bezprost\u0159edn\u011b po ka\u017ed\u00e9 um\u011ble vykonstruovan\u00e9 \u201epov\u011btrnostn\u00ed ud\u00e1losti\u201c nebo takzvan\u00e9 \u201ep\u0159\u00edrodn\u00ed nouzov\u00e9 situaci\u201c a celkov\u00e9 nerespektov\u00e1n\u00ed \u017eivota a osobn\u00edho vlastnictv\u00ed \u2013 jako dlouho bude trvat, ne\u017e se toto spiknut\u00ed na ovl\u00e1dnut\u00ed sv\u011bta pln\u011b projev\u00ed v realit\u011b?<\/p>\n<h2>\u010c\u00edm v\u011bt\u0161\u00ed z\u00e1vislost, t\u00edm v\u011bt\u0161\u00ed ovl\u00e1d\u00e1n\u00ed<\/h2>\n<p>V\u0161echny tyto ud\u00e1losti maj\u00ed za c\u00edl u\u010dinit pr\u016fm\u011brn\u00e9ho \u201eob\u010dana\u201c z\u00e1visl\u00fdm na st\u00e1tu.\u00a0\u010c\u00edm v\u011bt\u0161\u00ed z\u00e1vislost, t\u00edm snaz\u0161\u00ed ovl\u00e1d\u00e1n\u00ed.<\/p>\n<p>Kdy\u017e se v\u011bt\u0161ina spole\u010dnosti nebude um\u011bt o sebe postarat, nebude zodpov\u011bdn\u00e1 za sv\u00e9 \u017eivoty a svobodu, nebude se br\u00e1nit a dobrovoln\u011b se rozhodne pod\u0159\u00eddit autorit\u011b a st\u00e1tn\u00ed moci m\u00edsto toho, aby p\u0159evzala jakoukoli osobn\u00ed zodpov\u011bdnost, co bude s takovou zem\u00ed?<\/p>\n<p>Bude velmi v\u00fdsti\u017en\u00e9 sledovat st\u00e1tn\u00ed terorismus, jak\u00fd byl p\u0159edveden na havajsk\u00e9m Maui a jak na n\u011bj lid\u00e9 zareaguj\u00ed.<\/p>\n<p>Vzdaj\u00ed se sv\u00fdch domov\u016f a p\u016fdy, kter\u00e1 byla zni\u010dena \u010f\u00e1belsk\u00fdmi silami nebo budou po\u017eadovat, aby si ponechali vlastnictv\u00ed sv\u00e9ho majetku?\u00a0Odm\u00edtnou toho totalitn\u00edho svin\u00e1\u0159e zvan\u00e9ho guvern\u00e9r, jeho hanebn\u00e9 globalistick\u00e9 pl\u00e1ny a ponechaj\u00ed si to, co je jich?<\/p>\n<p>Nebo prost\u011b dovol\u00ed st\u00e1tn\u00ed moci, aby si se v\u0161\u00edm, co \u00famysln\u011b zni\u010dila, d\u011blala co se j\u00ed zachce a stanou se slu\u017eebn\u00edky (otroky) st\u00e1tu?<\/p>\n<h2>Z\u00e1v\u011br<\/h2>\n<p>Jakmile se roz\u0161\u00ed\u0159\u00ed masov\u00e1 z\u00e1vislost na st\u00e1t\u011b, u\u017e nebude existovat \u017e\u00e1dn\u00e1 \u0161ance na svobodnou spole\u010dnost.\u00a0St\u00e1t se sna\u017e\u00ed dostat pod svou kontrolu v\u0161echno a zp\u016fsob, jak splnit tuto ohavnou misi, je u\u010dinit obyvatelstvo obecn\u011b zcela bezmocn\u00fdm, aby nem\u011blo schopnost nebo snahu br\u00e1nit se.<\/p>\n<p>\u00dapln\u00e1 z\u00e1vislost je kl\u00ed\u010dem k jak\u00e9mukoli spiknut\u00ed na \u00fapln\u00e9 ovl\u00e1dnut\u00ed obyvatelstva vl\u00e1dnouc\u00ed t\u0159\u00eddou a jej\u00edmi st\u00e1tn\u00edmi n\u00e1siln\u00edky.<\/p>\n<p>V budoucnu bude pravideln\u011b vybuchovat mnoho p\u0159edst\u00edran\u00fdch hrozeb a takzvan\u00fdch nouzov\u00fdch situac\u00ed.\u00a0To se podle m\u011b ur\u010dit\u011b stane, proto nev\u011b\u0159te ni\u010demu, nev\u011b\u0159te \u017e\u00e1dn\u00e9mu p\u0159edstaviteli st\u00e1tu na \u017e\u00e1dn\u00e9 \u00farovni, nev\u011b\u0159te \u017e\u00e1dn\u00e9mu mainstreamov\u00e9mu m\u00e9diu a v\u0161echno zpochyb\u0148ujte!<\/p>\n<p><em>\u201eMezi vl\u00e1dou, kter\u00e1 jedn\u00e1 zlo, a lidmi, kte\u0159\u00ed ho p\u0159ij\u00edmaj\u00ed, existuje ur\u010dit\u00e1 ostudn\u00e1 solidarita.\u201c<\/em> \u2013 Victor Hugo<\/p>\n<p>Autor: Gary D. Barnett, Zdroj:\u00a0<a href=\"https:\/\/www.lewrockwell.com\/2023\/08\/gary-d-barnett\/dependency-on-the-state-is-the-core-of-the-takeover-plot-of-humanity\/\" target=\"_blank\" rel=\"noopener\">LewRockwell.com<\/a><\/p>\n<p>&nbsp;<\/p>\n<p><a href=\"https:\/\/stranapro.cz\/\"><img decoding=\"async\" loading=\"lazy\" class=\"wp-image-30218 aligncenter\" src=\"http:\/\/www.infokuryr.cz\/n\/wp-content\/uploads\/2023\/06\/PRO-banner-300x36.png\" alt=\"\" width=\"1367\" height=\"164\" srcset=\"https:\/\/www.infokuryr.cz\/n\/wp-content\/uploads\/2023\/06\/PRO-banner-300x36.png 300w, https:\/\/www.infokuryr.cz\/n\/wp-content\/uploads\/2023\/06\/PRO-banner-768x93.png 768w, https:\/\/www.infokuryr.cz\/n\/wp-content\/uploads\/2023\/06\/PRO-banner.png 849w\" sizes=\"(max-width: 1367px) 100vw, 1367px\" \/><\/a><\/p>\n<p>&nbsp;<\/p>\n<p>&nbsp;<\/p>\n<p>&nbsp;<\/p>\n","protected":false},"excerpt":{"rendered":"<p>\u201eNen\u00ed to nekone\u010dn\u011b se roz\u0161i\u0159uj\u00edc\u00ed seznam pr\u00e1v \u2013 pr\u00e1vo na zdravotn\u00ed p\u00e9\u010di, pr\u00e1vo na j\u00eddlo&#8230;<\/p>\n","protected":false},"author":2,"featured_media":34779,"comment_status":"closed","ping_status":"closed","sticky":false,"template":"","format":"standard","meta":[],"categories":[7],"tags":[279,794,5739,988,276,99,5738],"_links":{"self":[{"href":"https:\/\/www.infokuryr.cz\/n\/wp-json\/wp\/v2\/posts\/34778"}],"collection":[{"href":"https:\/\/www.infokuryr.cz\/n\/wp-json\/wp\/v2\/posts"}],"about":[{"href":"https:\/\/www.infokuryr.cz\/n\/wp-json\/wp\/v2\/types\/post"}],"author":[{"embeddable":true,"href":"https:\/\/www.infokuryr.cz\/n\/wp-json\/wp\/v2\/users\/2"}],"replies":[{"embeddable":true,"href":"https:\/\/www.infokuryr.cz\/n\/wp-json\/wp\/v2\/comments?post=34778"}],"version-history":[{"count":1,"href":"https:\/\/www.infokuryr.cz\/n\/wp-json\/wp\/v2\/posts\/34778\/revisions"}],"predecessor-version":[{"id":34780,"href":"https:\/\/www.infokuryr.cz\/n\/wp-json\/wp\/v2\/posts\/34778\/revisions\/34780"}],"wp:featuredmedia":[{"embeddable":true,"href":"https:\/\/www.infokuryr.cz\/n\/wp-json\/wp\/v2\/media\/34779"}],"wp:attachment":[{"href":"https:\/\/www.infokuryr.cz\/n\/wp-json\/wp\/v2\/media?parent=34778"}],"wp:term":[{"taxonomy":"category","embeddable":true,"href":"https:\/\/www.infokuryr.cz\/n\/wp-json\/wp\/v2\/categories?post=34778"},{"taxonomy":"post_tag","embeddable":true,"href":"https:\/\/www.infokuryr.cz\/n\/wp-json\/wp\/v2\/tags?post=34778"}],"curies":[{"name":"wp","href":"https:\/\/api.w.org\/{rel}","templated":true}]}}