{"id":34700,"date":"2023-08-25T04:05:23","date_gmt":"2023-08-25T02:05:23","guid":{"rendered":"http:\/\/www.infokuryr.cz\/n\/?p=34700"},"modified":"2023-08-25T04:05:23","modified_gmt":"2023-08-25T02:05:23","slug":"erik-best-az-prestane-proudit-rusky-lng","status":"publish","type":"post","link":"https:\/\/www.infokuryr.cz\/n\/2023\/08\/25\/erik-best-az-prestane-proudit-rusky-lng\/","title":{"rendered":"Erik Best: A\u017e p\u0159estane proudit rusk\u00fd LNG&#8230;"},"content":{"rendered":"<div id=\"fb-root\"><\/div>\n<p>M\u00edstop\u0159edseda p\u0159edstavenstva Agrofertu Petr Cingr v\u00a0kv\u011btnu pro Hospod\u00e1\u0159sk\u00e9 noviny uvedl, \u017ee Rusko na drah\u00fdch potravin\u00e1ch v\u00a0\u010cesku vyd\u011bl\u00e1v\u00e1, proto\u017ee se do Evropy dov\u00e1\u017e\u00ed\u00a0<a href=\"https:\/\/archiv.hn.cz\/c1-67198220-pokud-se-pristup-evropy-nezmeni-presuneme-chemickou-vyrobu-do-usa-rika-cingr-z-agrofertu\" target=\"_blank\" rel=\"noopener\">velk\u00e9 mno\u017estv\u00ed LNG z\u00a0Ruska<\/a>.<\/p>\n<p>Ekonom \u010cesk\u00e9 spo\u0159itelny Michal Sko\u0159epa\u00a0Hospod\u00e1\u0159sk\u00fdm novin\u00e1m\u00a0v\u00a0polovin\u011b srpna\u00a0zase \u0159ekl, \u017ee \u010cesk\u00e1 ekonomika p\u0159e\u017e\u00edv\u00e1 energetick\u00fd \u0161ok mo\u017en\u00e1 i\u00a0proto, \u017ee jsme\u00a0<a href=\"https:\/\/archiv.hn.cz\/c1-67233550-odvody-pro-osvc-by-se-mely-zvysit-logiku-zmen-dph-nechapu-rika-ekonom-skorepa\" target=\"_blank\" rel=\"noopener\">hospod\u00e1\u0159sk\u00e9 vazby s\u00a0Ruskem zp\u0159etrhali m\u00e9n\u011b, ne\u017e jak to vypad\u00e1<\/a>. \u010c\u00e1st zemn\u00edho plynu, kter\u00fd do Evropy p\u0159ich\u00e1z\u00ed, je podle n\u011bj st\u00e1le z\u00a0Ruska, jen pro\u0161el n\u011bjak\u00fdm \u201eo\u010distn\u00fdm procesem\u201c t\u0159eba n\u011bkde na D\u00e1ln\u00e9m v\u00fdchod\u011b. P\u0159esto si ministr pr\u016fmyslu a\u00a0obchodu Jozef S\u00edkela (STAN) v\u010dera op\u011bt pochvaloval, \u017ee z\u00a0Ruska do \u010cesk\u00e9 republiky minim\u00e1ln\u011b od za\u010d\u00e1tku tohoto roku\u00a0<a href=\"https:\/\/www.ceskatelevize.cz\/porady\/10101491767-studio-ct24\/223411058290823\/\" target=\"_blank\" rel=\"noopener\">nedotekl ani kub\u00edk plynu<\/a>.<\/p>\n<p>Poprv\u00e9 jsme na tuto S\u00edkelovu lest upozornili v\u00a0<a href=\"https:\/\/www.fsfinalword.cz\/?page=archive&amp;show=1&amp;day=2022-11-9\" target=\"_blank\" rel=\"noopener\">listopadu lo\u0148sk\u00e9ho roku<\/a>, ale nyn\u00ed je to nal\u00e9hav\u011bj\u0161\u00ed. \u010cesk\u00e1 vl\u00e1da\u00a0<a href=\"https:\/\/www.vlada.cz\/cz\/media-centrum\/aktualne\/vlada-schvalila-nakup-plynovych-zasobniku-i-navrh-zakona-o-pojisteni-odpovednosti-vozidel-207656\/\" target=\"_blank\" rel=\"noopener\">kupuje RWE Gas Storage CZ<\/a>, ani\u017e by ve\u0159ejnosti sd\u011blila celou pravdu o\u00a0p\u016fvodu a\u00a0budouc\u00ed dostupnosti plynu, kter\u00fd by tam mohl b\u00fdt usklad\u0148ov\u00e1n. Co se stane, a\u017e rusk\u00fd LNG p\u0159estane proudit do Evropy? Je s\u00a0touto eventualitou v\u00a0cen\u011b po\u010d\u00edt\u00e1no?<\/p>\n<p><a href=\"https:\/\/www.fsfinalword.cz\/?page=archive&amp;day=2023-08-24&amp;utm_source=utm_source%3Dnewsletter&amp;utm_medium=utm_medium%3De-mail&amp;utm_campaign=utm_campaigne%3Dfinal_word_24.8.2023\">Erik Best<\/a><\/p>\n<p><img decoding=\"async\" loading=\"lazy\" class=\"alignnone  wp-image-1179\" src=\"http:\/\/www.infokuryr.cz\/n\/wp-content\/uploads\/2021\/04\/erik-best.jpg\" alt=\"\" width=\"141\" height=\"159\" \/><\/p>\n<p>&nbsp;<\/p>\n<p><img decoding=\"async\" loading=\"lazy\" class=\"wp-image-33819 aligncenter\" src=\"http:\/\/www.infokuryr.cz\/n\/wp-content\/uploads\/2023\/08\/ces1-300x157.jpg\" alt=\"\" width=\"1351\" height=\"707\" srcset=\"https:\/\/www.infokuryr.cz\/n\/wp-content\/uploads\/2023\/08\/ces1-300x157.jpg 300w, https:\/\/www.infokuryr.cz\/n\/wp-content\/uploads\/2023\/08\/ces1-1024x536.jpg 1024w, https:\/\/www.infokuryr.cz\/n\/wp-content\/uploads\/2023\/08\/ces1-768x402.jpg 768w, https:\/\/www.infokuryr.cz\/n\/wp-content\/uploads\/2023\/08\/ces1.jpg 1200w\" sizes=\"(max-width: 1351px) 100vw, 1351px\" \/><\/p>\n<p>&nbsp;<\/p>\n<p><a href=\"https:\/\/stranapro.cz\/\"><img decoding=\"async\" loading=\"lazy\" class=\"wp-image-30218 aligncenter\" src=\"http:\/\/www.infokuryr.cz\/n\/wp-content\/uploads\/2023\/06\/PRO-banner-300x36.png\" alt=\"\" width=\"1375\" height=\"165\" srcset=\"https:\/\/www.infokuryr.cz\/n\/wp-content\/uploads\/2023\/06\/PRO-banner-300x36.png 300w, https:\/\/www.infokuryr.cz\/n\/wp-content\/uploads\/2023\/06\/PRO-banner-768x93.png 768w, https:\/\/www.infokuryr.cz\/n\/wp-content\/uploads\/2023\/06\/PRO-banner.png 849w\" sizes=\"(max-width: 1375px) 100vw, 1375px\" \/><\/a><\/p>\n<p>&nbsp;<\/p>\n<p>&nbsp;<\/p>\n<p>&nbsp;<\/p>\n","protected":false},"excerpt":{"rendered":"<p>M\u00edstop\u0159edseda p\u0159edstavenstva Agrofertu Petr Cingr v\u00a0kv\u011btnu pro Hospod\u00e1\u0159sk\u00e9 noviny uvedl, \u017ee Rusko na drah\u00fdch potravin\u00e1ch&#8230;<\/p>\n","protected":false},"author":2,"featured_media":13465,"comment_status":"closed","ping_status":"closed","sticky":false,"template":"","format":"standard","meta":[],"categories":[6],"tags":[2354,1008,22],"_links":{"self":[{"href":"https:\/\/www.infokuryr.cz\/n\/wp-json\/wp\/v2\/posts\/34700"}],"collection":[{"href":"https:\/\/www.infokuryr.cz\/n\/wp-json\/wp\/v2\/posts"}],"about":[{"href":"https:\/\/www.infokuryr.cz\/n\/wp-json\/wp\/v2\/types\/post"}],"author":[{"embeddable":true,"href":"https:\/\/www.infokuryr.cz\/n\/wp-json\/wp\/v2\/users\/2"}],"replies":[{"embeddable":true,"href":"https:\/\/www.infokuryr.cz\/n\/wp-json\/wp\/v2\/comments?post=34700"}],"version-history":[{"count":0,"href":"https:\/\/www.infokuryr.cz\/n\/wp-json\/wp\/v2\/posts\/34700\/revisions"}],"wp:featuredmedia":[{"embeddable":true,"href":"https:\/\/www.infokuryr.cz\/n\/wp-json\/wp\/v2\/media\/13465"}],"wp:attachment":[{"href":"https:\/\/www.infokuryr.cz\/n\/wp-json\/wp\/v2\/media?parent=34700"}],"wp:term":[{"taxonomy":"category","embeddable":true,"href":"https:\/\/www.infokuryr.cz\/n\/wp-json\/wp\/v2\/categories?post=34700"},{"taxonomy":"post_tag","embeddable":true,"href":"https:\/\/www.infokuryr.cz\/n\/wp-json\/wp\/v2\/tags?post=34700"}],"curies":[{"name":"wp","href":"https:\/\/api.w.org\/{rel}","templated":true}]}}